{"id":15257,"date":"2023-09-15T09:21:37","date_gmt":"2023-09-15T08:21:37","guid":{"rendered":"https:\/\/grupoazvinews.com\/ispalvia-comienza-los-trabajos-de-electrificacion-entre-xativa-nudo-de-la-encina\/"},"modified":"2023-09-15T09:21:37","modified_gmt":"2023-09-15T08:21:37","slug":"ispalvia-comienza-los-trabajos-de-electrificacion-entre-xativa-nudo-de-la-encina","status":"publish","type":"post","link":"https:\/\/grupoazvinews.com\/en\/ispalvia-comienza-los-trabajos-de-electrificacion-entre-xativa-nudo-de-la-encina\/","title":{"rendered":"Ispalvia comienza los trabajos de electrificaci\u00f3n entre X\u00e0tiva-Nudo de la Encina"},"content":{"rendered":"<p>[vc_row][vc_column][vc_column_text]Con un importe de 18,8 M\u20ac y un plazo de ejecuci\u00f3n de 25 meses, Ispalvia acaba de comenzar los trabajos de\u00a0<strong>electrificaci\u00f3n ferroviaria<\/strong>\u00a0a 25kv c.a. de la v\u00eda 1.435 entre\u00a0<strong>X\u00e0tiva-Nudo de la Encina<\/strong>. La longitud total de l\u00ednea a electrificar es de 115 km.<\/p>\n<p>La actuaci\u00f3n consiste en la\u00a0<strong>modificaci\u00f3n de la l\u00ednea a\u00e9rea de contacto<\/strong>\u00a0existente, completando su instalaci\u00f3n en el tramo en que \u00e9sta se encuentra parcialmente ejecutada, con el fin de adaptarla en todo el tramo objeto de proyecto al cambio a\u00a0<strong>ancho est\u00e1ndar<\/strong>\u00a0y a\u00a0<strong>alta velocidad<\/strong>\u00a0prevista para el trayecto.<\/p>\n<p>Para ello, se realizar\u00e1 el desmontaje parcial de gran parte de la l\u00ednea actual sustituy\u00e9ndola por los equipos adecuados para la l\u00ednea nueva de 25 kV. En la actualidad, la l\u00ednea est\u00e1 electrificada con\u00a0<strong>catenaria tipo CA-160<\/strong>\u00a0desde X\u00e0tiva hasta el t\u00fanel de Font de la Figuera.<\/p>\n<p>En la\u00a0<strong>estaci\u00f3n de X\u00e0tiva<\/strong>, ser\u00e1 necesario una actuaci\u00f3n de v\u00eda para poder empalmar la l\u00ednea con el final de la electrificaci\u00f3n existente en 2x25kV A.C. entre X\u00e0tiva y Valencia. Desde el t\u00fanel de Font de la Figuera hasta los enlaces, se encuentran postes izados en el enlace bifurcaci\u00f3n Aguasverdes a ramal Alicante \u2013 Valencia. En materia de\u00a0<strong>electrificaci\u00f3n ferroviaria<\/strong>, se dotar\u00e1 a toda la instalaci\u00f3n de un nivel de aislamiento de 25 kV en los equipos de electrificaci\u00f3n.<\/p>\n<p>Unidades m\u00e1s significativas del proyecto:<\/p>\n<ul>\n<li>Adaptaci\u00f3n de m\u00e9nsula a 25KV: 2.473 unidades.<\/li>\n<li>Tendido de catenaria: 179,14 km.<\/li>\n<li>Postes de catenaria: 937 unidades.<\/li>\n<li>Cimentaciones de poste\/anclajes: 1.550 unidades.<\/li>\n<\/ul>\n<p><span style=\"font-size: 14px;\">Fotos: Grupo Azvi<\/span>[\/vc_column_text][\/vc_column][\/vc_row]<\/p>\n","protected":false},"excerpt":{"rendered":"<p>[vc_row][vc_column][vc_column_text]Con un importe de 18,8 M\u20ac y un plazo de ejecuci\u00f3n de 25 meses, Ispalvia acaba de comenzar los trabajos de\u00a0electrificaci\u00f3n ferroviaria\u00a0a 25kv c.a. de la v\u00eda 1.435 entre\u00a0X\u00e0tiva-Nudo de la Encina. La longitud total de l\u00ednea a electrificar es de 115 km. La actuaci\u00f3n consiste en la\u00a0modificaci\u00f3n de la l\u00ednea a\u00e9rea de contacto\u00a0existente, completando [&hellip;]<\/p>\n","protected":false},"author":2,"featured_media":14875,"comment_status":"closed","ping_status":"closed","sticky":false,"template":"","format":"standard","meta":{"footnotes":""},"categories":[1127],"tags":[1129,1148],"class_list":["post-15257","post","type-post","status-publish","format-standard","has-post-thumbnail","hentry","category-railway","tag-conventional-rail","tag-ispalvia-en"],"yoast_head":"<!-- This site is optimized with the Yoast SEO plugin v27.0 - https:\/\/yoast.com\/product\/yoast-seo-wordpress\/ -->\n<title>Ispalvia comienza los trabajos de electrificaci\u00f3n entre X\u00e0tiva-Nudo de la Encina - NOTICIAS Grupo Azvi<\/title>\n<meta name=\"description\" content=\"Grupo Azvi es una empresa centenaria cuyos or\u00edgenes e historia han estado estrechamente vinculados al desarrollo de las infraestructuras de nuestro pa\u00eds. Hoy, se ha convertido en la empresa l\u00edder de un grupo internacional, innovador, diversificado y sostenible.\" \/>\n<meta name=\"robots\" content=\"index, follow, max-snippet:-1, max-image-preview:large, max-video-preview:-1\" \/>\n<link rel=\"canonical\" href=\"https:\/\/grupoazvinews.com\/en\/ispalvia-comienza-los-trabajos-de-electrificacion-entre-xativa-nudo-de-la-encina\/\" \/>\n<meta property=\"og:locale\" content=\"en_US\" \/>\n<meta property=\"og:type\" content=\"article\" \/>\n<meta property=\"og:title\" content=\"Ispalvia comienza los trabajos de electrificaci\u00f3n entre X\u00e0tiva-Nudo de la Encina - NOTICIAS Grupo Azvi\" \/>\n<meta property=\"og:description\" content=\"Grupo Azvi es una empresa centenaria cuyos or\u00edgenes e historia han estado estrechamente vinculados al desarrollo de las infraestructuras de nuestro pa\u00eds. Hoy, se ha convertido en la empresa l\u00edder de un grupo internacional, innovador, diversificado y sostenible.\" \/>\n<meta property=\"og:url\" content=\"https:\/\/grupoazvinews.com\/en\/ispalvia-comienza-los-trabajos-de-electrificacion-entre-xativa-nudo-de-la-encina\/\" \/>\n<meta property=\"og:site_name\" content=\"NOTICIAS Grupo Azvi\" \/>\n<meta property=\"article:published_time\" content=\"2023-09-15T08:21:37+00:00\" \/>\n<meta property=\"og:image\" content=\"https:\/\/grupoazvinews.com\/wp-content\/uploads\/2024\/05\/Miniatura-Ispalvia-copia-1-300x192-1.jpg\" \/>\n\t<meta property=\"og:image:width\" content=\"300\" \/>\n\t<meta property=\"og:image:height\" content=\"192\" \/>\n\t<meta property=\"og:image:type\" content=\"image\/jpeg\" \/>\n<meta name=\"author\" content=\"elena crespo\" \/>\n<meta name=\"twitter:card\" content=\"summary_large_image\" \/>\n<meta name=\"twitter:label1\" content=\"Written by\" \/>\n\t<meta name=\"twitter:data1\" content=\"elena crespo\" \/>\n\t<meta name=\"twitter:label2\" content=\"Est. reading time\" \/>\n\t<meta name=\"twitter:data2\" content=\"1 minute\" \/>\n<script type=\"application\/ld+json\" class=\"yoast-schema-graph\">{\"@context\":\"https:\/\/schema.org\",\"@graph\":[{\"@type\":\"Article\",\"@id\":\"https:\/\/grupoazvinews.com\/en\/ispalvia-comienza-los-trabajos-de-electrificacion-entre-xativa-nudo-de-la-encina\/#article\",\"isPartOf\":{\"@id\":\"https:\/\/grupoazvinews.com\/en\/ispalvia-comienza-los-trabajos-de-electrificacion-entre-xativa-nudo-de-la-encina\/\"},\"author\":{\"name\":\"elena crespo\",\"@id\":\"https:\/\/grupoazvinews.com\/en\/#\/schema\/person\/3b45f37e62250372c4b65ea8ee1d6b32\"},\"headline\":\"Ispalvia comienza los trabajos de electrificaci\u00f3n entre X\u00e0tiva-Nudo de la Encina\",\"datePublished\":\"2023-09-15T08:21:37+00:00\",\"mainEntityOfPage\":{\"@id\":\"https:\/\/grupoazvinews.com\/en\/ispalvia-comienza-los-trabajos-de-electrificacion-entre-xativa-nudo-de-la-encina\/\"},\"wordCount\":305,\"publisher\":{\"@id\":\"https:\/\/grupoazvinews.com\/en\/#organization\"},\"image\":{\"@id\":\"https:\/\/grupoazvinews.com\/en\/ispalvia-comienza-los-trabajos-de-electrificacion-entre-xativa-nudo-de-la-encina\/#primaryimage\"},\"thumbnailUrl\":\"https:\/\/grupoazvinews.com\/wp-content\/uploads\/2024\/05\/Miniatura-Ispalvia-copia-1-300x192-1.jpg\",\"keywords\":[\"Conventional rail\",\"Ispalvia\"],\"articleSection\":[\"Railway\"],\"inLanguage\":\"en-US\"},{\"@type\":\"WebPage\",\"@id\":\"https:\/\/grupoazvinews.com\/en\/ispalvia-comienza-los-trabajos-de-electrificacion-entre-xativa-nudo-de-la-encina\/\",\"url\":\"https:\/\/grupoazvinews.com\/en\/ispalvia-comienza-los-trabajos-de-electrificacion-entre-xativa-nudo-de-la-encina\/\",\"name\":\"Ispalvia comienza los trabajos de electrificaci\u00f3n entre X\u00e0tiva-Nudo de la Encina - NOTICIAS Grupo Azvi\",\"isPartOf\":{\"@id\":\"https:\/\/grupoazvinews.com\/en\/#website\"},\"primaryImageOfPage\":{\"@id\":\"https:\/\/grupoazvinews.com\/en\/ispalvia-comienza-los-trabajos-de-electrificacion-entre-xativa-nudo-de-la-encina\/#primaryimage\"},\"image\":{\"@id\":\"https:\/\/grupoazvinews.com\/en\/ispalvia-comienza-los-trabajos-de-electrificacion-entre-xativa-nudo-de-la-encina\/#primaryimage\"},\"thumbnailUrl\":\"https:\/\/grupoazvinews.com\/wp-content\/uploads\/2024\/05\/Miniatura-Ispalvia-copia-1-300x192-1.jpg\",\"datePublished\":\"2023-09-15T08:21:37+00:00\",\"description\":\"Grupo Azvi es una empresa centenaria cuyos or\u00edgenes e historia han estado estrechamente vinculados al desarrollo de las infraestructuras de nuestro pa\u00eds. Hoy, se ha convertido en la empresa l\u00edder de un grupo internacional, innovador, diversificado y sostenible.\",\"breadcrumb\":{\"@id\":\"https:\/\/grupoazvinews.com\/en\/ispalvia-comienza-los-trabajos-de-electrificacion-entre-xativa-nudo-de-la-encina\/#breadcrumb\"},\"inLanguage\":\"en-US\",\"potentialAction\":[{\"@type\":\"ReadAction\",\"target\":[\"https:\/\/grupoazvinews.com\/en\/ispalvia-comienza-los-trabajos-de-electrificacion-entre-xativa-nudo-de-la-encina\/\"]}]},{\"@type\":\"ImageObject\",\"inLanguage\":\"en-US\",\"@id\":\"https:\/\/grupoazvinews.com\/en\/ispalvia-comienza-los-trabajos-de-electrificacion-entre-xativa-nudo-de-la-encina\/#primaryimage\",\"url\":\"https:\/\/grupoazvinews.com\/wp-content\/uploads\/2024\/05\/Miniatura-Ispalvia-copia-1-300x192-1.jpg\",\"contentUrl\":\"https:\/\/grupoazvinews.com\/wp-content\/uploads\/2024\/05\/Miniatura-Ispalvia-copia-1-300x192-1.jpg\",\"width\":300,\"height\":192},{\"@type\":\"BreadcrumbList\",\"@id\":\"https:\/\/grupoazvinews.com\/en\/ispalvia-comienza-los-trabajos-de-electrificacion-entre-xativa-nudo-de-la-encina\/#breadcrumb\",\"itemListElement\":[{\"@type\":\"ListItem\",\"position\":1,\"name\":\"Portada\",\"item\":\"https:\/\/grupoazvinews.com\/en\/\"},{\"@type\":\"ListItem\",\"position\":2,\"name\":\"Ispalvia comienza los trabajos de electrificaci\u00f3n entre X\u00e0tiva-Nudo de la Encina\"}]},{\"@type\":\"WebSite\",\"@id\":\"https:\/\/grupoazvinews.com\/en\/#website\",\"url\":\"https:\/\/grupoazvinews.com\/en\/\",\"name\":\"Grupo Azvi News\",\"description\":\"Grupo Azvi es una empresa centenaria cuyos or\u00edgenes e historia han estado estrechamente vinculados al desarrollo de las infraestructuras de nuestro pa\u00eds. Hoy, se ha convertido en la empresa l\u00edder de un grupo internacional, innovador, diversificado y sostenible.\",\"publisher\":{\"@id\":\"https:\/\/grupoazvinews.com\/en\/#organization\"},\"alternateName\":\"Blog de noticias del Grupo Azvi\",\"potentialAction\":[{\"@type\":\"SearchAction\",\"target\":{\"@type\":\"EntryPoint\",\"urlTemplate\":\"https:\/\/grupoazvinews.com\/en\/?s={search_term_string}\"},\"query-input\":{\"@type\":\"PropertyValueSpecification\",\"valueRequired\":true,\"valueName\":\"search_term_string\"}}],\"inLanguage\":\"en-US\"},{\"@type\":\"Organization\",\"@id\":\"https:\/\/grupoazvinews.com\/en\/#organization\",\"name\":\"Grupo Azvi\",\"alternateName\":\"Grupo Azvi\",\"url\":\"https:\/\/grupoazvinews.com\/en\/\",\"logo\":{\"@type\":\"ImageObject\",\"inLanguage\":\"en-US\",\"@id\":\"https:\/\/grupoazvinews.com\/en\/#\/schema\/logo\/image\/\",\"url\":\"https:\/\/grupoazvinews.com\/wp-content\/uploads\/2024\/04\/GrupoAzvi-2018-transp-1.png\",\"contentUrl\":\"https:\/\/grupoazvinews.com\/wp-content\/uploads\/2024\/04\/GrupoAzvi-2018-transp-1.png\",\"width\":1722,\"height\":486,\"caption\":\"Grupo Azvi\"},\"image\":{\"@id\":\"https:\/\/grupoazvinews.com\/en\/#\/schema\/logo\/image\/\"}},{\"@type\":\"Person\",\"@id\":\"https:\/\/grupoazvinews.com\/en\/#\/schema\/person\/3b45f37e62250372c4b65ea8ee1d6b32\",\"name\":\"elena crespo\",\"image\":{\"@type\":\"ImageObject\",\"inLanguage\":\"en-US\",\"@id\":\"https:\/\/grupoazvinews.com\/en\/#\/schema\/person\/image\/\",\"url\":\"https:\/\/secure.gravatar.com\/avatar\/d8e04743de0db7ebf6755a44e3a3a4c0a263ad48b70ba3b7a584a0fb98d51a2d?s=96&d=mm&r=g\",\"contentUrl\":\"https:\/\/secure.gravatar.com\/avatar\/d8e04743de0db7ebf6755a44e3a3a4c0a263ad48b70ba3b7a584a0fb98d51a2d?s=96&d=mm&r=g\",\"caption\":\"elena crespo\"},\"url\":\"https:\/\/grupoazvinews.com\/en\/author\/elena\/\"}]}<\/script>\n<!-- \/ Yoast SEO plugin. -->","yoast_head_json":{"title":"Ispalvia comienza los trabajos de electrificaci\u00f3n entre X\u00e0tiva-Nudo de la Encina - NOTICIAS Grupo Azvi","description":"Grupo Azvi es una empresa centenaria cuyos or\u00edgenes e historia han estado estrechamente vinculados al desarrollo de las infraestructuras de nuestro pa\u00eds. Hoy, se ha convertido en la empresa l\u00edder de un grupo internacional, innovador, diversificado y sostenible.","robots":{"index":"index","follow":"follow","max-snippet":"max-snippet:-1","max-image-preview":"max-image-preview:large","max-video-preview":"max-video-preview:-1"},"canonical":"https:\/\/grupoazvinews.com\/en\/ispalvia-comienza-los-trabajos-de-electrificacion-entre-xativa-nudo-de-la-encina\/","og_locale":"en_US","og_type":"article","og_title":"Ispalvia comienza los trabajos de electrificaci\u00f3n entre X\u00e0tiva-Nudo de la Encina - NOTICIAS Grupo Azvi","og_description":"Grupo Azvi es una empresa centenaria cuyos or\u00edgenes e historia han estado estrechamente vinculados al desarrollo de las infraestructuras de nuestro pa\u00eds. Hoy, se ha convertido en la empresa l\u00edder de un grupo internacional, innovador, diversificado y sostenible.","og_url":"https:\/\/grupoazvinews.com\/en\/ispalvia-comienza-los-trabajos-de-electrificacion-entre-xativa-nudo-de-la-encina\/","og_site_name":"NOTICIAS Grupo Azvi","article_published_time":"2023-09-15T08:21:37+00:00","og_image":[{"width":300,"height":192,"url":"https:\/\/grupoazvinews.com\/wp-content\/uploads\/2024\/05\/Miniatura-Ispalvia-copia-1-300x192-1.jpg","type":"image\/jpeg"}],"author":"elena crespo","twitter_card":"summary_large_image","twitter_misc":{"Written by":"elena crespo","Est. reading time":"1 minute"},"schema":{"@context":"https:\/\/schema.org","@graph":[{"@type":"Article","@id":"https:\/\/grupoazvinews.com\/en\/ispalvia-comienza-los-trabajos-de-electrificacion-entre-xativa-nudo-de-la-encina\/#article","isPartOf":{"@id":"https:\/\/grupoazvinews.com\/en\/ispalvia-comienza-los-trabajos-de-electrificacion-entre-xativa-nudo-de-la-encina\/"},"author":{"name":"elena crespo","@id":"https:\/\/grupoazvinews.com\/en\/#\/schema\/person\/3b45f37e62250372c4b65ea8ee1d6b32"},"headline":"Ispalvia comienza los trabajos de electrificaci\u00f3n entre X\u00e0tiva-Nudo de la Encina","datePublished":"2023-09-15T08:21:37+00:00","mainEntityOfPage":{"@id":"https:\/\/grupoazvinews.com\/en\/ispalvia-comienza-los-trabajos-de-electrificacion-entre-xativa-nudo-de-la-encina\/"},"wordCount":305,"publisher":{"@id":"https:\/\/grupoazvinews.com\/en\/#organization"},"image":{"@id":"https:\/\/grupoazvinews.com\/en\/ispalvia-comienza-los-trabajos-de-electrificacion-entre-xativa-nudo-de-la-encina\/#primaryimage"},"thumbnailUrl":"https:\/\/grupoazvinews.com\/wp-content\/uploads\/2024\/05\/Miniatura-Ispalvia-copia-1-300x192-1.jpg","keywords":["Conventional rail","Ispalvia"],"articleSection":["Railway"],"inLanguage":"en-US"},{"@type":"WebPage","@id":"https:\/\/grupoazvinews.com\/en\/ispalvia-comienza-los-trabajos-de-electrificacion-entre-xativa-nudo-de-la-encina\/","url":"https:\/\/grupoazvinews.com\/en\/ispalvia-comienza-los-trabajos-de-electrificacion-entre-xativa-nudo-de-la-encina\/","name":"Ispalvia comienza los trabajos de electrificaci\u00f3n entre X\u00e0tiva-Nudo de la Encina - NOTICIAS Grupo Azvi","isPartOf":{"@id":"https:\/\/grupoazvinews.com\/en\/#website"},"primaryImageOfPage":{"@id":"https:\/\/grupoazvinews.com\/en\/ispalvia-comienza-los-trabajos-de-electrificacion-entre-xativa-nudo-de-la-encina\/#primaryimage"},"image":{"@id":"https:\/\/grupoazvinews.com\/en\/ispalvia-comienza-los-trabajos-de-electrificacion-entre-xativa-nudo-de-la-encina\/#primaryimage"},"thumbnailUrl":"https:\/\/grupoazvinews.com\/wp-content\/uploads\/2024\/05\/Miniatura-Ispalvia-copia-1-300x192-1.jpg","datePublished":"2023-09-15T08:21:37+00:00","description":"Grupo Azvi es una empresa centenaria cuyos or\u00edgenes e historia han estado estrechamente vinculados al desarrollo de las infraestructuras de nuestro pa\u00eds. Hoy, se ha convertido en la empresa l\u00edder de un grupo internacional, innovador, diversificado y sostenible.","breadcrumb":{"@id":"https:\/\/grupoazvinews.com\/en\/ispalvia-comienza-los-trabajos-de-electrificacion-entre-xativa-nudo-de-la-encina\/#breadcrumb"},"inLanguage":"en-US","potentialAction":[{"@type":"ReadAction","target":["https:\/\/grupoazvinews.com\/en\/ispalvia-comienza-los-trabajos-de-electrificacion-entre-xativa-nudo-de-la-encina\/"]}]},{"@type":"ImageObject","inLanguage":"en-US","@id":"https:\/\/grupoazvinews.com\/en\/ispalvia-comienza-los-trabajos-de-electrificacion-entre-xativa-nudo-de-la-encina\/#primaryimage","url":"https:\/\/grupoazvinews.com\/wp-content\/uploads\/2024\/05\/Miniatura-Ispalvia-copia-1-300x192-1.jpg","contentUrl":"https:\/\/grupoazvinews.com\/wp-content\/uploads\/2024\/05\/Miniatura-Ispalvia-copia-1-300x192-1.jpg","width":300,"height":192},{"@type":"BreadcrumbList","@id":"https:\/\/grupoazvinews.com\/en\/ispalvia-comienza-los-trabajos-de-electrificacion-entre-xativa-nudo-de-la-encina\/#breadcrumb","itemListElement":[{"@type":"ListItem","position":1,"name":"Portada","item":"https:\/\/grupoazvinews.com\/en\/"},{"@type":"ListItem","position":2,"name":"Ispalvia comienza los trabajos de electrificaci\u00f3n entre X\u00e0tiva-Nudo de la Encina"}]},{"@type":"WebSite","@id":"https:\/\/grupoazvinews.com\/en\/#website","url":"https:\/\/grupoazvinews.com\/en\/","name":"Grupo Azvi News","description":"Grupo Azvi es una empresa centenaria cuyos or\u00edgenes e historia han estado estrechamente vinculados al desarrollo de las infraestructuras de nuestro pa\u00eds. Hoy, se ha convertido en la empresa l\u00edder de un grupo internacional, innovador, diversificado y sostenible.","publisher":{"@id":"https:\/\/grupoazvinews.com\/en\/#organization"},"alternateName":"Blog de noticias del Grupo Azvi","potentialAction":[{"@type":"SearchAction","target":{"@type":"EntryPoint","urlTemplate":"https:\/\/grupoazvinews.com\/en\/?s={search_term_string}"},"query-input":{"@type":"PropertyValueSpecification","valueRequired":true,"valueName":"search_term_string"}}],"inLanguage":"en-US"},{"@type":"Organization","@id":"https:\/\/grupoazvinews.com\/en\/#organization","name":"Grupo Azvi","alternateName":"Grupo Azvi","url":"https:\/\/grupoazvinews.com\/en\/","logo":{"@type":"ImageObject","inLanguage":"en-US","@id":"https:\/\/grupoazvinews.com\/en\/#\/schema\/logo\/image\/","url":"https:\/\/grupoazvinews.com\/wp-content\/uploads\/2024\/04\/GrupoAzvi-2018-transp-1.png","contentUrl":"https:\/\/grupoazvinews.com\/wp-content\/uploads\/2024\/04\/GrupoAzvi-2018-transp-1.png","width":1722,"height":486,"caption":"Grupo Azvi"},"image":{"@id":"https:\/\/grupoazvinews.com\/en\/#\/schema\/logo\/image\/"}},{"@type":"Person","@id":"https:\/\/grupoazvinews.com\/en\/#\/schema\/person\/3b45f37e62250372c4b65ea8ee1d6b32","name":"elena crespo","image":{"@type":"ImageObject","inLanguage":"en-US","@id":"https:\/\/grupoazvinews.com\/en\/#\/schema\/person\/image\/","url":"https:\/\/secure.gravatar.com\/avatar\/d8e04743de0db7ebf6755a44e3a3a4c0a263ad48b70ba3b7a584a0fb98d51a2d?s=96&d=mm&r=g","contentUrl":"https:\/\/secure.gravatar.com\/avatar\/d8e04743de0db7ebf6755a44e3a3a4c0a263ad48b70ba3b7a584a0fb98d51a2d?s=96&d=mm&r=g","caption":"elena crespo"},"url":"https:\/\/grupoazvinews.com\/en\/author\/elena\/"}]}},"_links":{"self":[{"href":"https:\/\/grupoazvinews.com\/en\/wp-json\/wp\/v2\/posts\/15257","targetHints":{"allow":["GET"]}}],"collection":[{"href":"https:\/\/grupoazvinews.com\/en\/wp-json\/wp\/v2\/posts"}],"about":[{"href":"https:\/\/grupoazvinews.com\/en\/wp-json\/wp\/v2\/types\/post"}],"author":[{"embeddable":true,"href":"https:\/\/grupoazvinews.com\/en\/wp-json\/wp\/v2\/users\/2"}],"replies":[{"embeddable":true,"href":"https:\/\/grupoazvinews.com\/en\/wp-json\/wp\/v2\/comments?post=15257"}],"version-history":[{"count":0,"href":"https:\/\/grupoazvinews.com\/en\/wp-json\/wp\/v2\/posts\/15257\/revisions"}],"wp:featuredmedia":[{"embeddable":true,"href":"https:\/\/grupoazvinews.com\/en\/wp-json\/wp\/v2\/media\/14875"}],"wp:attachment":[{"href":"https:\/\/grupoazvinews.com\/en\/wp-json\/wp\/v2\/media?parent=15257"}],"wp:term":[{"taxonomy":"category","embeddable":true,"href":"https:\/\/grupoazvinews.com\/en\/wp-json\/wp\/v2\/categories?post=15257"},{"taxonomy":"post_tag","embeddable":true,"href":"https:\/\/grupoazvinews.com\/en\/wp-json\/wp\/v2\/tags?post=15257"}],"curies":[{"name":"wp","href":"https:\/\/api.w.org\/{rel}","templated":true}]}}