{"id":15276,"date":"2023-07-19T11:15:19","date_gmt":"2023-07-19T10:15:19","guid":{"rendered":"https:\/\/grupoazvinews.com\/construcciones-urales-entra-en-la-recta-final-del-tramo-3-del-tren-maya\/"},"modified":"2025-10-06T12:56:43","modified_gmt":"2025-10-06T11:56:43","slug":"construcciones-urales-enters-the-final-stretch-of-section-3-of-the-tren-maya","status":"publish","type":"post","link":"https:\/\/grupoazvinews.com\/en\/construcciones-urales-enters-the-final-stretch-of-section-3-of-the-tren-maya\/","title":{"rendered":"Construcciones Urales enters the final stretch of Section 3 of the Tren Maya"},"content":{"rendered":"<p>[vc_row][vc_column][vc_column_text]<strong>Construcciones Urales<\/strong>has entered the final phase of the execution of <strong>Section 3<\/strong> of the major <strong>Tren Maya<\/strong> project, being built in collaboration with <strong>Grupo Indi.<br data-start=\"299\" data-end=\"302\" \/><\/strong>Check out the latest progress in this video.[\/vc_column_text][vc_video link=&#8221;https:\/\/youtu.be\/9ADrkkVmOUw&#8221; align=&#8221;center&#8221;][vc_column_text]Great work! Great team![\/vc_column_text][\/vc_column][\/vc_row]<\/p>\n","protected":false},"excerpt":{"rendered":"<p>[vc_row][vc_column][vc_column_text]Construcciones Uraleshas entered the final phase of the execution of Section 3 of the major Tren Maya project, being built in collaboration with Grupo Indi.Check out the latest progress in this video.[\/vc_column_text][vc_video link=&#8221;https:\/\/youtu.be\/9ADrkkVmOUw&#8221; align=&#8221;center&#8221;][vc_column_text]Great work! Great team![\/vc_column_text][\/vc_column][\/vc_row]<\/p>\n","protected":false},"author":1,"featured_media":13469,"comment_status":"closed","ping_status":"closed","sticky":false,"template":"","format":"standard","meta":{"footnotes":""},"categories":[1127],"tags":[1135],"class_list":["post-15276","post","type-post","status-publish","format-standard","has-post-thumbnail","hentry","category-railway","tag-construcciones-urales-en"],"yoast_head":"<!-- This site is optimized with the Yoast SEO plugin v27.0 - https:\/\/yoast.com\/product\/yoast-seo-wordpress\/ -->\n<title>Construcciones Urales enters the final stretch of Section 3 of the Tren Maya<\/title>\n<meta name=\"description\" content=\"Construcciones Urales has entered the final phase of the execution of Section 3 of the major Tren Maya project, being built in collaboration with Grupo Indi.\" \/>\n<meta name=\"robots\" content=\"index, follow, max-snippet:-1, max-image-preview:large, max-video-preview:-1\" \/>\n<link rel=\"canonical\" href=\"https:\/\/grupoazvinews.com\/en\/construcciones-urales-enters-the-final-stretch-of-section-3-of-the-tren-maya\/\" \/>\n<meta property=\"og:locale\" content=\"en_US\" \/>\n<meta property=\"og:type\" content=\"article\" \/>\n<meta property=\"og:title\" content=\"Construcciones Urales enters the final stretch of Section 3 of the Tren Maya\" \/>\n<meta property=\"og:description\" content=\"Construcciones Urales has entered the final phase of the execution of Section 3 of the major Tren Maya project, being built in collaboration with Grupo Indi.\" \/>\n<meta property=\"og:url\" content=\"https:\/\/grupoazvinews.com\/en\/construcciones-urales-enters-the-final-stretch-of-section-3-of-the-tren-maya\/\" \/>\n<meta property=\"og:site_name\" content=\"NOTICIAS Grupo Azvi\" \/>\n<meta property=\"article:published_time\" content=\"2023-07-19T10:15:19+00:00\" \/>\n<meta property=\"article:modified_time\" content=\"2025-10-06T11:56:43+00:00\" \/>\n<meta property=\"og:image\" content=\"https:\/\/grupoazvinews.com\/wp-content\/uploads\/2023\/07\/Captura-de-pantalla-2023-07-22-a-las-19.19.29.png\" \/>\n\t<meta property=\"og:image:width\" content=\"958\" \/>\n\t<meta property=\"og:image:height\" content=\"576\" \/>\n\t<meta property=\"og:image:type\" content=\"image\/png\" \/>\n<meta name=\"author\" content=\"goodland\" \/>\n<meta name=\"twitter:card\" content=\"summary_large_image\" \/>\n<meta name=\"twitter:label1\" content=\"Written by\" \/>\n\t<meta name=\"twitter:data1\" content=\"goodland\" \/>\n\t<meta name=\"twitter:label2\" content=\"Est. reading time\" \/>\n\t<meta name=\"twitter:data2\" content=\"1 minute\" \/>\n<script type=\"application\/ld+json\" class=\"yoast-schema-graph\">{\"@context\":\"https:\/\/schema.org\",\"@graph\":[{\"@type\":\"Article\",\"@id\":\"https:\/\/grupoazvinews.com\/en\/construcciones-urales-enters-the-final-stretch-of-section-3-of-the-tren-maya\/#article\",\"isPartOf\":{\"@id\":\"https:\/\/grupoazvinews.com\/en\/construcciones-urales-enters-the-final-stretch-of-section-3-of-the-tren-maya\/\"},\"author\":{\"name\":\"goodland\",\"@id\":\"https:\/\/grupoazvinews.com\/en\/#\/schema\/person\/47d326184eb90ffcc4d0639026a97ad8\"},\"headline\":\"Construcciones Urales enters the final stretch of Section 3 of the Tren Maya\",\"datePublished\":\"2023-07-19T10:15:19+00:00\",\"dateModified\":\"2025-10-06T11:56:43+00:00\",\"mainEntityOfPage\":{\"@id\":\"https:\/\/grupoazvinews.com\/en\/construcciones-urales-enters-the-final-stretch-of-section-3-of-the-tren-maya\/\"},\"wordCount\":77,\"publisher\":{\"@id\":\"https:\/\/grupoazvinews.com\/en\/#organization\"},\"image\":{\"@id\":\"https:\/\/grupoazvinews.com\/en\/construcciones-urales-enters-the-final-stretch-of-section-3-of-the-tren-maya\/#primaryimage\"},\"thumbnailUrl\":\"https:\/\/grupoazvinews.com\/wp-content\/uploads\/2023\/07\/Captura-de-pantalla-2023-07-22-a-las-19.19.29.png\",\"keywords\":[\"Construcciones Urales\"],\"articleSection\":[\"Railway\"],\"inLanguage\":\"en-US\"},{\"@type\":\"WebPage\",\"@id\":\"https:\/\/grupoazvinews.com\/en\/construcciones-urales-enters-the-final-stretch-of-section-3-of-the-tren-maya\/\",\"url\":\"https:\/\/grupoazvinews.com\/en\/construcciones-urales-enters-the-final-stretch-of-section-3-of-the-tren-maya\/\",\"name\":\"Construcciones Urales enters the final stretch of Section 3 of the Tren Maya\",\"isPartOf\":{\"@id\":\"https:\/\/grupoazvinews.com\/en\/#website\"},\"primaryImageOfPage\":{\"@id\":\"https:\/\/grupoazvinews.com\/en\/construcciones-urales-enters-the-final-stretch-of-section-3-of-the-tren-maya\/#primaryimage\"},\"image\":{\"@id\":\"https:\/\/grupoazvinews.com\/en\/construcciones-urales-enters-the-final-stretch-of-section-3-of-the-tren-maya\/#primaryimage\"},\"thumbnailUrl\":\"https:\/\/grupoazvinews.com\/wp-content\/uploads\/2023\/07\/Captura-de-pantalla-2023-07-22-a-las-19.19.29.png\",\"datePublished\":\"2023-07-19T10:15:19+00:00\",\"dateModified\":\"2025-10-06T11:56:43+00:00\",\"description\":\"Construcciones Urales has entered the final phase of the execution of Section 3 of the major Tren Maya project, being built in collaboration with Grupo Indi.\",\"breadcrumb\":{\"@id\":\"https:\/\/grupoazvinews.com\/en\/construcciones-urales-enters-the-final-stretch-of-section-3-of-the-tren-maya\/#breadcrumb\"},\"inLanguage\":\"en-US\",\"potentialAction\":[{\"@type\":\"ReadAction\",\"target\":[\"https:\/\/grupoazvinews.com\/en\/construcciones-urales-enters-the-final-stretch-of-section-3-of-the-tren-maya\/\"]}]},{\"@type\":\"ImageObject\",\"inLanguage\":\"en-US\",\"@id\":\"https:\/\/grupoazvinews.com\/en\/construcciones-urales-enters-the-final-stretch-of-section-3-of-the-tren-maya\/#primaryimage\",\"url\":\"https:\/\/grupoazvinews.com\/wp-content\/uploads\/2023\/07\/Captura-de-pantalla-2023-07-22-a-las-19.19.29.png\",\"contentUrl\":\"https:\/\/grupoazvinews.com\/wp-content\/uploads\/2023\/07\/Captura-de-pantalla-2023-07-22-a-las-19.19.29.png\",\"width\":958,\"height\":576},{\"@type\":\"BreadcrumbList\",\"@id\":\"https:\/\/grupoazvinews.com\/en\/construcciones-urales-enters-the-final-stretch-of-section-3-of-the-tren-maya\/#breadcrumb\",\"itemListElement\":[{\"@type\":\"ListItem\",\"position\":1,\"name\":\"Portada\",\"item\":\"https:\/\/grupoazvinews.com\/en\/\"},{\"@type\":\"ListItem\",\"position\":2,\"name\":\"Construcciones Urales enters the final stretch of Section 3 of the Tren Maya\"}]},{\"@type\":\"WebSite\",\"@id\":\"https:\/\/grupoazvinews.com\/en\/#website\",\"url\":\"https:\/\/grupoazvinews.com\/en\/\",\"name\":\"Grupo Azvi News\",\"description\":\"Grupo Azvi es una empresa centenaria cuyos or\u00edgenes e historia han estado estrechamente vinculados al desarrollo de las infraestructuras de nuestro pa\u00eds. Hoy, se ha convertido en la empresa l\u00edder de un grupo internacional, innovador, diversificado y sostenible.\",\"publisher\":{\"@id\":\"https:\/\/grupoazvinews.com\/en\/#organization\"},\"alternateName\":\"Blog de noticias del Grupo Azvi\",\"potentialAction\":[{\"@type\":\"SearchAction\",\"target\":{\"@type\":\"EntryPoint\",\"urlTemplate\":\"https:\/\/grupoazvinews.com\/en\/?s={search_term_string}\"},\"query-input\":{\"@type\":\"PropertyValueSpecification\",\"valueRequired\":true,\"valueName\":\"search_term_string\"}}],\"inLanguage\":\"en-US\"},{\"@type\":\"Organization\",\"@id\":\"https:\/\/grupoazvinews.com\/en\/#organization\",\"name\":\"Grupo Azvi\",\"alternateName\":\"Grupo Azvi\",\"url\":\"https:\/\/grupoazvinews.com\/en\/\",\"logo\":{\"@type\":\"ImageObject\",\"inLanguage\":\"en-US\",\"@id\":\"https:\/\/grupoazvinews.com\/en\/#\/schema\/logo\/image\/\",\"url\":\"https:\/\/grupoazvinews.com\/wp-content\/uploads\/2024\/04\/GrupoAzvi-2018-transp-1.png\",\"contentUrl\":\"https:\/\/grupoazvinews.com\/wp-content\/uploads\/2024\/04\/GrupoAzvi-2018-transp-1.png\",\"width\":1722,\"height\":486,\"caption\":\"Grupo Azvi\"},\"image\":{\"@id\":\"https:\/\/grupoazvinews.com\/en\/#\/schema\/logo\/image\/\"}},{\"@type\":\"Person\",\"@id\":\"https:\/\/grupoazvinews.com\/en\/#\/schema\/person\/47d326184eb90ffcc4d0639026a97ad8\",\"name\":\"goodland\",\"image\":{\"@type\":\"ImageObject\",\"inLanguage\":\"en-US\",\"@id\":\"https:\/\/grupoazvinews.com\/en\/#\/schema\/person\/image\/\",\"url\":\"https:\/\/secure.gravatar.com\/avatar\/f89fbdeea90efcd70c8b111757e06da47bd4b3a0a656926dbd45ddeed84e25ca?s=96&d=mm&r=g\",\"contentUrl\":\"https:\/\/secure.gravatar.com\/avatar\/f89fbdeea90efcd70c8b111757e06da47bd4b3a0a656926dbd45ddeed84e25ca?s=96&d=mm&r=g\",\"caption\":\"goodland\"},\"sameAs\":[\"https:\/\/grupoazvinews.com\"],\"url\":\"https:\/\/grupoazvinews.com\/en\/author\/goodland\/\"}]}<\/script>\n<!-- \/ Yoast SEO plugin. -->","yoast_head_json":{"title":"Construcciones Urales enters the final stretch of Section 3 of the Tren Maya","description":"Construcciones Urales has entered the final phase of the execution of Section 3 of the major Tren Maya project, being built in collaboration with Grupo Indi.","robots":{"index":"index","follow":"follow","max-snippet":"max-snippet:-1","max-image-preview":"max-image-preview:large","max-video-preview":"max-video-preview:-1"},"canonical":"https:\/\/grupoazvinews.com\/en\/construcciones-urales-enters-the-final-stretch-of-section-3-of-the-tren-maya\/","og_locale":"en_US","og_type":"article","og_title":"Construcciones Urales enters the final stretch of Section 3 of the Tren Maya","og_description":"Construcciones Urales has entered the final phase of the execution of Section 3 of the major Tren Maya project, being built in collaboration with Grupo Indi.","og_url":"https:\/\/grupoazvinews.com\/en\/construcciones-urales-enters-the-final-stretch-of-section-3-of-the-tren-maya\/","og_site_name":"NOTICIAS Grupo Azvi","article_published_time":"2023-07-19T10:15:19+00:00","article_modified_time":"2025-10-06T11:56:43+00:00","og_image":[{"width":958,"height":576,"url":"https:\/\/grupoazvinews.com\/wp-content\/uploads\/2023\/07\/Captura-de-pantalla-2023-07-22-a-las-19.19.29.png","type":"image\/png"}],"author":"goodland","twitter_card":"summary_large_image","twitter_misc":{"Written by":"goodland","Est. reading time":"1 minute"},"schema":{"@context":"https:\/\/schema.org","@graph":[{"@type":"Article","@id":"https:\/\/grupoazvinews.com\/en\/construcciones-urales-enters-the-final-stretch-of-section-3-of-the-tren-maya\/#article","isPartOf":{"@id":"https:\/\/grupoazvinews.com\/en\/construcciones-urales-enters-the-final-stretch-of-section-3-of-the-tren-maya\/"},"author":{"name":"goodland","@id":"https:\/\/grupoazvinews.com\/en\/#\/schema\/person\/47d326184eb90ffcc4d0639026a97ad8"},"headline":"Construcciones Urales enters the final stretch of Section 3 of the Tren Maya","datePublished":"2023-07-19T10:15:19+00:00","dateModified":"2025-10-06T11:56:43+00:00","mainEntityOfPage":{"@id":"https:\/\/grupoazvinews.com\/en\/construcciones-urales-enters-the-final-stretch-of-section-3-of-the-tren-maya\/"},"wordCount":77,"publisher":{"@id":"https:\/\/grupoazvinews.com\/en\/#organization"},"image":{"@id":"https:\/\/grupoazvinews.com\/en\/construcciones-urales-enters-the-final-stretch-of-section-3-of-the-tren-maya\/#primaryimage"},"thumbnailUrl":"https:\/\/grupoazvinews.com\/wp-content\/uploads\/2023\/07\/Captura-de-pantalla-2023-07-22-a-las-19.19.29.png","keywords":["Construcciones Urales"],"articleSection":["Railway"],"inLanguage":"en-US"},{"@type":"WebPage","@id":"https:\/\/grupoazvinews.com\/en\/construcciones-urales-enters-the-final-stretch-of-section-3-of-the-tren-maya\/","url":"https:\/\/grupoazvinews.com\/en\/construcciones-urales-enters-the-final-stretch-of-section-3-of-the-tren-maya\/","name":"Construcciones Urales enters the final stretch of Section 3 of the Tren Maya","isPartOf":{"@id":"https:\/\/grupoazvinews.com\/en\/#website"},"primaryImageOfPage":{"@id":"https:\/\/grupoazvinews.com\/en\/construcciones-urales-enters-the-final-stretch-of-section-3-of-the-tren-maya\/#primaryimage"},"image":{"@id":"https:\/\/grupoazvinews.com\/en\/construcciones-urales-enters-the-final-stretch-of-section-3-of-the-tren-maya\/#primaryimage"},"thumbnailUrl":"https:\/\/grupoazvinews.com\/wp-content\/uploads\/2023\/07\/Captura-de-pantalla-2023-07-22-a-las-19.19.29.png","datePublished":"2023-07-19T10:15:19+00:00","dateModified":"2025-10-06T11:56:43+00:00","description":"Construcciones Urales has entered the final phase of the execution of Section 3 of the major Tren Maya project, being built in collaboration with Grupo Indi.","breadcrumb":{"@id":"https:\/\/grupoazvinews.com\/en\/construcciones-urales-enters-the-final-stretch-of-section-3-of-the-tren-maya\/#breadcrumb"},"inLanguage":"en-US","potentialAction":[{"@type":"ReadAction","target":["https:\/\/grupoazvinews.com\/en\/construcciones-urales-enters-the-final-stretch-of-section-3-of-the-tren-maya\/"]}]},{"@type":"ImageObject","inLanguage":"en-US","@id":"https:\/\/grupoazvinews.com\/en\/construcciones-urales-enters-the-final-stretch-of-section-3-of-the-tren-maya\/#primaryimage","url":"https:\/\/grupoazvinews.com\/wp-content\/uploads\/2023\/07\/Captura-de-pantalla-2023-07-22-a-las-19.19.29.png","contentUrl":"https:\/\/grupoazvinews.com\/wp-content\/uploads\/2023\/07\/Captura-de-pantalla-2023-07-22-a-las-19.19.29.png","width":958,"height":576},{"@type":"BreadcrumbList","@id":"https:\/\/grupoazvinews.com\/en\/construcciones-urales-enters-the-final-stretch-of-section-3-of-the-tren-maya\/#breadcrumb","itemListElement":[{"@type":"ListItem","position":1,"name":"Portada","item":"https:\/\/grupoazvinews.com\/en\/"},{"@type":"ListItem","position":2,"name":"Construcciones Urales enters the final stretch of Section 3 of the Tren Maya"}]},{"@type":"WebSite","@id":"https:\/\/grupoazvinews.com\/en\/#website","url":"https:\/\/grupoazvinews.com\/en\/","name":"Grupo Azvi News","description":"Grupo Azvi es una empresa centenaria cuyos or\u00edgenes e historia han estado estrechamente vinculados al desarrollo de las infraestructuras de nuestro pa\u00eds. Hoy, se ha convertido en la empresa l\u00edder de un grupo internacional, innovador, diversificado y sostenible.","publisher":{"@id":"https:\/\/grupoazvinews.com\/en\/#organization"},"alternateName":"Blog de noticias del Grupo Azvi","potentialAction":[{"@type":"SearchAction","target":{"@type":"EntryPoint","urlTemplate":"https:\/\/grupoazvinews.com\/en\/?s={search_term_string}"},"query-input":{"@type":"PropertyValueSpecification","valueRequired":true,"valueName":"search_term_string"}}],"inLanguage":"en-US"},{"@type":"Organization","@id":"https:\/\/grupoazvinews.com\/en\/#organization","name":"Grupo Azvi","alternateName":"Grupo Azvi","url":"https:\/\/grupoazvinews.com\/en\/","logo":{"@type":"ImageObject","inLanguage":"en-US","@id":"https:\/\/grupoazvinews.com\/en\/#\/schema\/logo\/image\/","url":"https:\/\/grupoazvinews.com\/wp-content\/uploads\/2024\/04\/GrupoAzvi-2018-transp-1.png","contentUrl":"https:\/\/grupoazvinews.com\/wp-content\/uploads\/2024\/04\/GrupoAzvi-2018-transp-1.png","width":1722,"height":486,"caption":"Grupo Azvi"},"image":{"@id":"https:\/\/grupoazvinews.com\/en\/#\/schema\/logo\/image\/"}},{"@type":"Person","@id":"https:\/\/grupoazvinews.com\/en\/#\/schema\/person\/47d326184eb90ffcc4d0639026a97ad8","name":"goodland","image":{"@type":"ImageObject","inLanguage":"en-US","@id":"https:\/\/grupoazvinews.com\/en\/#\/schema\/person\/image\/","url":"https:\/\/secure.gravatar.com\/avatar\/f89fbdeea90efcd70c8b111757e06da47bd4b3a0a656926dbd45ddeed84e25ca?s=96&d=mm&r=g","contentUrl":"https:\/\/secure.gravatar.com\/avatar\/f89fbdeea90efcd70c8b111757e06da47bd4b3a0a656926dbd45ddeed84e25ca?s=96&d=mm&r=g","caption":"goodland"},"sameAs":["https:\/\/grupoazvinews.com"],"url":"https:\/\/grupoazvinews.com\/en\/author\/goodland\/"}]}},"_links":{"self":[{"href":"https:\/\/grupoazvinews.com\/en\/wp-json\/wp\/v2\/posts\/15276","targetHints":{"allow":["GET"]}}],"collection":[{"href":"https:\/\/grupoazvinews.com\/en\/wp-json\/wp\/v2\/posts"}],"about":[{"href":"https:\/\/grupoazvinews.com\/en\/wp-json\/wp\/v2\/types\/post"}],"author":[{"embeddable":true,"href":"https:\/\/grupoazvinews.com\/en\/wp-json\/wp\/v2\/users\/1"}],"replies":[{"embeddable":true,"href":"https:\/\/grupoazvinews.com\/en\/wp-json\/wp\/v2\/comments?post=15276"}],"version-history":[{"count":2,"href":"https:\/\/grupoazvinews.com\/en\/wp-json\/wp\/v2\/posts\/15276\/revisions"}],"predecessor-version":[{"id":19104,"href":"https:\/\/grupoazvinews.com\/en\/wp-json\/wp\/v2\/posts\/15276\/revisions\/19104"}],"wp:featuredmedia":[{"embeddable":true,"href":"https:\/\/grupoazvinews.com\/en\/wp-json\/wp\/v2\/media\/13469"}],"wp:attachment":[{"href":"https:\/\/grupoazvinews.com\/en\/wp-json\/wp\/v2\/media?parent=15276"}],"wp:term":[{"taxonomy":"category","embeddable":true,"href":"https:\/\/grupoazvinews.com\/en\/wp-json\/wp\/v2\/categories?post=15276"},{"taxonomy":"post_tag","embeddable":true,"href":"https:\/\/grupoazvinews.com\/en\/wp-json\/wp\/v2\/tags?post=15276"}],"curies":[{"name":"wp","href":"https:\/\/api.w.org\/{rel}","templated":true}]}}