{"id":17247,"date":"2024-10-24T16:06:31","date_gmt":"2024-10-24T15:06:31","guid":{"rendered":"https:\/\/grupoazvinews.com\/grupo-azvi-reafirma-su-compromiso-con-la-sostenibilidad-en-el-dia-internacional-contra-el-cambio-climatico\/"},"modified":"2024-10-29T09:06:06","modified_gmt":"2024-10-29T08:06:06","slug":"grupo-azvi-reaffirms-its-commitment-to-sustainability-on-international-day-against-climate-change","status":"publish","type":"post","link":"https:\/\/grupoazvinews.com\/en\/grupo-azvi-reaffirms-its-commitment-to-sustainability-on-international-day-against-climate-change\/","title":{"rendered":"Grupo Azvi reaffirms its commitment to sustainability on  International Day against Climate Change"},"content":{"rendered":"<p>[vc_row][vc_column][vc_column_text]Grupo Azvi reaffirms its commitment to sustainability on International Day against Climate Change<\/p>\n<p>On <strong>International Day against Climate Change<\/strong>, <strong>Grupo Azvi<\/strong> reinforces its commitment to sustainability and respect for the environment. For over a decade, the company has been taking firm measures to minimise its environmental impact, most significantly through the calculation of its <strong>Carbon Footprint<\/strong> and the implementation of its<strong> Third GHG Emissions Reduction Plan (2023-2025),<\/strong> which encourages responsible environmental practices across all business areas. The most relevant actions carried out in this plan include:<\/p>\n<ul>\n<li>Replacement of diesel and petrol vehicles with electric and hybrid models.<\/li>\n<li>Modernisation of our railway machinery fleet.<\/li>\n<li>Promotion of the reuse of materials.<\/li>\n<li>Involvement of our suppliers in the fight against climate change.<\/li>\n<li>Continuous improvement of energy efficiency in our facilities.<\/li>\n<li>Recovery of waste generated on site.<\/li>\n<\/ul>\n<p>Every action counts.[\/vc_column_text][vc_video link=&#8221;https:\/\/youtu.be\/4xIrN_f3LpY&#8221;][\/vc_column][\/vc_row]<\/p>\n","protected":false},"excerpt":{"rendered":"<p>[vc_row][vc_column][vc_column_text]Grupo Azvi reaffirms its commitment to sustainability on International Day against Climate Change On International Day against Climate Change, Grupo Azvi reinforces its commitment to sustainability and respect for the environment. For over a decade, the company has been taking firm measures to minimise its environmental impact, most significantly through the calculation of its Carbon [&hellip;]<\/p>\n","protected":false},"author":2,"featured_media":17214,"comment_status":"closed","ping_status":"closed","sticky":false,"template":"","format":"standard","meta":{"footnotes":""},"categories":[1125],"tags":[1126],"class_list":["post-17247","post","type-post","status-publish","format-standard","has-post-thumbnail","hentry","category-sustainability","tag-grupo-azvi-en"],"yoast_head":"<!-- This site is optimized with the Yoast SEO plugin v27.0 - https:\/\/yoast.com\/product\/yoast-seo-wordpress\/ -->\n<title>Grupo Azvi reaffirms its commitment to sustainability on International Day against Climate Change - NOTICIAS Grupo Azvi<\/title>\n<meta name=\"description\" content=\"Grupo Azvi reaffirms its commitment to sustainability on the International Day against Climate Change.\" \/>\n<meta name=\"robots\" content=\"index, follow, max-snippet:-1, max-image-preview:large, max-video-preview:-1\" \/>\n<link rel=\"canonical\" href=\"https:\/\/grupoazvinews.com\/en\/grupo-azvi-reaffirms-its-commitment-to-sustainability-on-international-day-against-climate-change\/\" \/>\n<meta property=\"og:locale\" content=\"en_US\" \/>\n<meta property=\"og:type\" content=\"article\" \/>\n<meta property=\"og:title\" content=\"Grupo Azvi reaffirms its commitment to sustainability on International Day against Climate Change - NOTICIAS Grupo Azvi\" \/>\n<meta property=\"og:description\" content=\"Grupo Azvi reaffirms its commitment to sustainability on the International Day against Climate Change.\" \/>\n<meta property=\"og:url\" content=\"https:\/\/grupoazvinews.com\/en\/grupo-azvi-reaffirms-its-commitment-to-sustainability-on-international-day-against-climate-change\/\" \/>\n<meta property=\"og:site_name\" content=\"NOTICIAS Grupo Azvi\" \/>\n<meta property=\"article:published_time\" content=\"2024-10-24T15:06:31+00:00\" \/>\n<meta property=\"article:modified_time\" content=\"2024-10-29T08:06:06+00:00\" \/>\n<meta property=\"og:image\" content=\"https:\/\/grupoazvinews.com\/wp-content\/uploads\/2024\/10\/Fotos-SP-Cambio-Climaticov2.png\" \/>\n\t<meta property=\"og:image:width\" content=\"750\" \/>\n\t<meta property=\"og:image:height\" content=\"500\" \/>\n\t<meta property=\"og:image:type\" content=\"image\/png\" \/>\n<meta name=\"author\" content=\"elena crespo\" \/>\n<meta name=\"twitter:card\" content=\"summary_large_image\" \/>\n<meta name=\"twitter:label1\" content=\"Written by\" \/>\n\t<meta name=\"twitter:data1\" content=\"elena crespo\" \/>\n\t<meta name=\"twitter:label2\" content=\"Est. reading time\" \/>\n\t<meta name=\"twitter:data2\" content=\"1 minute\" \/>\n<script type=\"application\/ld+json\" class=\"yoast-schema-graph\">{\"@context\":\"https:\/\/schema.org\",\"@graph\":[{\"@type\":\"Article\",\"@id\":\"https:\/\/grupoazvinews.com\/en\/grupo-azvi-reaffirms-its-commitment-to-sustainability-on-international-day-against-climate-change\/#article\",\"isPartOf\":{\"@id\":\"https:\/\/grupoazvinews.com\/en\/grupo-azvi-reaffirms-its-commitment-to-sustainability-on-international-day-against-climate-change\/\"},\"author\":{\"name\":\"elena crespo\",\"@id\":\"https:\/\/grupoazvinews.com\/en\/#\/schema\/person\/3b45f37e62250372c4b65ea8ee1d6b32\"},\"headline\":\"Grupo Azvi reaffirms its commitment to sustainability on International Day against Climate Change\",\"datePublished\":\"2024-10-24T15:06:31+00:00\",\"dateModified\":\"2024-10-29T08:06:06+00:00\",\"mainEntityOfPage\":{\"@id\":\"https:\/\/grupoazvinews.com\/en\/grupo-azvi-reaffirms-its-commitment-to-sustainability-on-international-day-against-climate-change\/\"},\"wordCount\":172,\"publisher\":{\"@id\":\"https:\/\/grupoazvinews.com\/en\/#organization\"},\"image\":{\"@id\":\"https:\/\/grupoazvinews.com\/en\/grupo-azvi-reaffirms-its-commitment-to-sustainability-on-international-day-against-climate-change\/#primaryimage\"},\"thumbnailUrl\":\"https:\/\/grupoazvinews.com\/wp-content\/uploads\/2024\/10\/Fotos-SP-Cambio-Climaticov2.png\",\"keywords\":[\"Grupo Azvi\"],\"articleSection\":[\"Sustainability\"],\"inLanguage\":\"en-US\"},{\"@type\":\"WebPage\",\"@id\":\"https:\/\/grupoazvinews.com\/en\/grupo-azvi-reaffirms-its-commitment-to-sustainability-on-international-day-against-climate-change\/\",\"url\":\"https:\/\/grupoazvinews.com\/en\/grupo-azvi-reaffirms-its-commitment-to-sustainability-on-international-day-against-climate-change\/\",\"name\":\"Grupo Azvi reaffirms its commitment to sustainability on International Day against Climate Change - NOTICIAS Grupo Azvi\",\"isPartOf\":{\"@id\":\"https:\/\/grupoazvinews.com\/en\/#website\"},\"primaryImageOfPage\":{\"@id\":\"https:\/\/grupoazvinews.com\/en\/grupo-azvi-reaffirms-its-commitment-to-sustainability-on-international-day-against-climate-change\/#primaryimage\"},\"image\":{\"@id\":\"https:\/\/grupoazvinews.com\/en\/grupo-azvi-reaffirms-its-commitment-to-sustainability-on-international-day-against-climate-change\/#primaryimage\"},\"thumbnailUrl\":\"https:\/\/grupoazvinews.com\/wp-content\/uploads\/2024\/10\/Fotos-SP-Cambio-Climaticov2.png\",\"datePublished\":\"2024-10-24T15:06:31+00:00\",\"dateModified\":\"2024-10-29T08:06:06+00:00\",\"description\":\"Grupo Azvi reaffirms its commitment to sustainability on the International Day against Climate Change.\",\"breadcrumb\":{\"@id\":\"https:\/\/grupoazvinews.com\/en\/grupo-azvi-reaffirms-its-commitment-to-sustainability-on-international-day-against-climate-change\/#breadcrumb\"},\"inLanguage\":\"en-US\",\"potentialAction\":[{\"@type\":\"ReadAction\",\"target\":[\"https:\/\/grupoazvinews.com\/en\/grupo-azvi-reaffirms-its-commitment-to-sustainability-on-international-day-against-climate-change\/\"]}]},{\"@type\":\"ImageObject\",\"inLanguage\":\"en-US\",\"@id\":\"https:\/\/grupoazvinews.com\/en\/grupo-azvi-reaffirms-its-commitment-to-sustainability-on-international-day-against-climate-change\/#primaryimage\",\"url\":\"https:\/\/grupoazvinews.com\/wp-content\/uploads\/2024\/10\/Fotos-SP-Cambio-Climaticov2.png\",\"contentUrl\":\"https:\/\/grupoazvinews.com\/wp-content\/uploads\/2024\/10\/Fotos-SP-Cambio-Climaticov2.png\",\"width\":750,\"height\":500,\"caption\":\"Cambio Clim\u00e1tico\"},{\"@type\":\"BreadcrumbList\",\"@id\":\"https:\/\/grupoazvinews.com\/en\/grupo-azvi-reaffirms-its-commitment-to-sustainability-on-international-day-against-climate-change\/#breadcrumb\",\"itemListElement\":[{\"@type\":\"ListItem\",\"position\":1,\"name\":\"Portada\",\"item\":\"https:\/\/grupoazvinews.com\/en\/\"},{\"@type\":\"ListItem\",\"position\":2,\"name\":\"Grupo Azvi reaffirms its commitment to sustainability on International Day against Climate Change\"}]},{\"@type\":\"WebSite\",\"@id\":\"https:\/\/grupoazvinews.com\/en\/#website\",\"url\":\"https:\/\/grupoazvinews.com\/en\/\",\"name\":\"Grupo Azvi News\",\"description\":\"Grupo Azvi es una empresa centenaria cuyos or\u00edgenes e historia han estado estrechamente vinculados al desarrollo de las infraestructuras de nuestro pa\u00eds. Hoy, se ha convertido en la empresa l\u00edder de un grupo internacional, innovador, diversificado y sostenible.\",\"publisher\":{\"@id\":\"https:\/\/grupoazvinews.com\/en\/#organization\"},\"alternateName\":\"Blog de noticias del Grupo Azvi\",\"potentialAction\":[{\"@type\":\"SearchAction\",\"target\":{\"@type\":\"EntryPoint\",\"urlTemplate\":\"https:\/\/grupoazvinews.com\/en\/?s={search_term_string}\"},\"query-input\":{\"@type\":\"PropertyValueSpecification\",\"valueRequired\":true,\"valueName\":\"search_term_string\"}}],\"inLanguage\":\"en-US\"},{\"@type\":\"Organization\",\"@id\":\"https:\/\/grupoazvinews.com\/en\/#organization\",\"name\":\"Grupo Azvi\",\"alternateName\":\"Grupo Azvi\",\"url\":\"https:\/\/grupoazvinews.com\/en\/\",\"logo\":{\"@type\":\"ImageObject\",\"inLanguage\":\"en-US\",\"@id\":\"https:\/\/grupoazvinews.com\/en\/#\/schema\/logo\/image\/\",\"url\":\"https:\/\/grupoazvinews.com\/wp-content\/uploads\/2024\/04\/GrupoAzvi-2018-transp-1.png\",\"contentUrl\":\"https:\/\/grupoazvinews.com\/wp-content\/uploads\/2024\/04\/GrupoAzvi-2018-transp-1.png\",\"width\":1722,\"height\":486,\"caption\":\"Grupo Azvi\"},\"image\":{\"@id\":\"https:\/\/grupoazvinews.com\/en\/#\/schema\/logo\/image\/\"}},{\"@type\":\"Person\",\"@id\":\"https:\/\/grupoazvinews.com\/en\/#\/schema\/person\/3b45f37e62250372c4b65ea8ee1d6b32\",\"name\":\"elena crespo\",\"image\":{\"@type\":\"ImageObject\",\"inLanguage\":\"en-US\",\"@id\":\"https:\/\/grupoazvinews.com\/en\/#\/schema\/person\/image\/\",\"url\":\"https:\/\/secure.gravatar.com\/avatar\/d8e04743de0db7ebf6755a44e3a3a4c0a263ad48b70ba3b7a584a0fb98d51a2d?s=96&d=mm&r=g\",\"contentUrl\":\"https:\/\/secure.gravatar.com\/avatar\/d8e04743de0db7ebf6755a44e3a3a4c0a263ad48b70ba3b7a584a0fb98d51a2d?s=96&d=mm&r=g\",\"caption\":\"elena crespo\"},\"url\":\"https:\/\/grupoazvinews.com\/en\/author\/elena\/\"}]}<\/script>\n<!-- \/ Yoast SEO plugin. -->","yoast_head_json":{"title":"Grupo Azvi reaffirms its commitment to sustainability on International Day against Climate Change - NOTICIAS Grupo Azvi","description":"Grupo Azvi reaffirms its commitment to sustainability on the International Day against Climate Change.","robots":{"index":"index","follow":"follow","max-snippet":"max-snippet:-1","max-image-preview":"max-image-preview:large","max-video-preview":"max-video-preview:-1"},"canonical":"https:\/\/grupoazvinews.com\/en\/grupo-azvi-reaffirms-its-commitment-to-sustainability-on-international-day-against-climate-change\/","og_locale":"en_US","og_type":"article","og_title":"Grupo Azvi reaffirms its commitment to sustainability on International Day against Climate Change - NOTICIAS Grupo Azvi","og_description":"Grupo Azvi reaffirms its commitment to sustainability on the International Day against Climate Change.","og_url":"https:\/\/grupoazvinews.com\/en\/grupo-azvi-reaffirms-its-commitment-to-sustainability-on-international-day-against-climate-change\/","og_site_name":"NOTICIAS Grupo Azvi","article_published_time":"2024-10-24T15:06:31+00:00","article_modified_time":"2024-10-29T08:06:06+00:00","og_image":[{"width":750,"height":500,"url":"https:\/\/grupoazvinews.com\/wp-content\/uploads\/2024\/10\/Fotos-SP-Cambio-Climaticov2.png","type":"image\/png"}],"author":"elena crespo","twitter_card":"summary_large_image","twitter_misc":{"Written by":"elena crespo","Est. reading time":"1 minute"},"schema":{"@context":"https:\/\/schema.org","@graph":[{"@type":"Article","@id":"https:\/\/grupoazvinews.com\/en\/grupo-azvi-reaffirms-its-commitment-to-sustainability-on-international-day-against-climate-change\/#article","isPartOf":{"@id":"https:\/\/grupoazvinews.com\/en\/grupo-azvi-reaffirms-its-commitment-to-sustainability-on-international-day-against-climate-change\/"},"author":{"name":"elena crespo","@id":"https:\/\/grupoazvinews.com\/en\/#\/schema\/person\/3b45f37e62250372c4b65ea8ee1d6b32"},"headline":"Grupo Azvi reaffirms its commitment to sustainability on International Day against Climate Change","datePublished":"2024-10-24T15:06:31+00:00","dateModified":"2024-10-29T08:06:06+00:00","mainEntityOfPage":{"@id":"https:\/\/grupoazvinews.com\/en\/grupo-azvi-reaffirms-its-commitment-to-sustainability-on-international-day-against-climate-change\/"},"wordCount":172,"publisher":{"@id":"https:\/\/grupoazvinews.com\/en\/#organization"},"image":{"@id":"https:\/\/grupoazvinews.com\/en\/grupo-azvi-reaffirms-its-commitment-to-sustainability-on-international-day-against-climate-change\/#primaryimage"},"thumbnailUrl":"https:\/\/grupoazvinews.com\/wp-content\/uploads\/2024\/10\/Fotos-SP-Cambio-Climaticov2.png","keywords":["Grupo Azvi"],"articleSection":["Sustainability"],"inLanguage":"en-US"},{"@type":"WebPage","@id":"https:\/\/grupoazvinews.com\/en\/grupo-azvi-reaffirms-its-commitment-to-sustainability-on-international-day-against-climate-change\/","url":"https:\/\/grupoazvinews.com\/en\/grupo-azvi-reaffirms-its-commitment-to-sustainability-on-international-day-against-climate-change\/","name":"Grupo Azvi reaffirms its commitment to sustainability on International Day against Climate Change - NOTICIAS Grupo Azvi","isPartOf":{"@id":"https:\/\/grupoazvinews.com\/en\/#website"},"primaryImageOfPage":{"@id":"https:\/\/grupoazvinews.com\/en\/grupo-azvi-reaffirms-its-commitment-to-sustainability-on-international-day-against-climate-change\/#primaryimage"},"image":{"@id":"https:\/\/grupoazvinews.com\/en\/grupo-azvi-reaffirms-its-commitment-to-sustainability-on-international-day-against-climate-change\/#primaryimage"},"thumbnailUrl":"https:\/\/grupoazvinews.com\/wp-content\/uploads\/2024\/10\/Fotos-SP-Cambio-Climaticov2.png","datePublished":"2024-10-24T15:06:31+00:00","dateModified":"2024-10-29T08:06:06+00:00","description":"Grupo Azvi reaffirms its commitment to sustainability on the International Day against Climate Change.","breadcrumb":{"@id":"https:\/\/grupoazvinews.com\/en\/grupo-azvi-reaffirms-its-commitment-to-sustainability-on-international-day-against-climate-change\/#breadcrumb"},"inLanguage":"en-US","potentialAction":[{"@type":"ReadAction","target":["https:\/\/grupoazvinews.com\/en\/grupo-azvi-reaffirms-its-commitment-to-sustainability-on-international-day-against-climate-change\/"]}]},{"@type":"ImageObject","inLanguage":"en-US","@id":"https:\/\/grupoazvinews.com\/en\/grupo-azvi-reaffirms-its-commitment-to-sustainability-on-international-day-against-climate-change\/#primaryimage","url":"https:\/\/grupoazvinews.com\/wp-content\/uploads\/2024\/10\/Fotos-SP-Cambio-Climaticov2.png","contentUrl":"https:\/\/grupoazvinews.com\/wp-content\/uploads\/2024\/10\/Fotos-SP-Cambio-Climaticov2.png","width":750,"height":500,"caption":"Cambio Clim\u00e1tico"},{"@type":"BreadcrumbList","@id":"https:\/\/grupoazvinews.com\/en\/grupo-azvi-reaffirms-its-commitment-to-sustainability-on-international-day-against-climate-change\/#breadcrumb","itemListElement":[{"@type":"ListItem","position":1,"name":"Portada","item":"https:\/\/grupoazvinews.com\/en\/"},{"@type":"ListItem","position":2,"name":"Grupo Azvi reaffirms its commitment to sustainability on International Day against Climate Change"}]},{"@type":"WebSite","@id":"https:\/\/grupoazvinews.com\/en\/#website","url":"https:\/\/grupoazvinews.com\/en\/","name":"Grupo Azvi News","description":"Grupo Azvi es una empresa centenaria cuyos or\u00edgenes e historia han estado estrechamente vinculados al desarrollo de las infraestructuras de nuestro pa\u00eds. Hoy, se ha convertido en la empresa l\u00edder de un grupo internacional, innovador, diversificado y sostenible.","publisher":{"@id":"https:\/\/grupoazvinews.com\/en\/#organization"},"alternateName":"Blog de noticias del Grupo Azvi","potentialAction":[{"@type":"SearchAction","target":{"@type":"EntryPoint","urlTemplate":"https:\/\/grupoazvinews.com\/en\/?s={search_term_string}"},"query-input":{"@type":"PropertyValueSpecification","valueRequired":true,"valueName":"search_term_string"}}],"inLanguage":"en-US"},{"@type":"Organization","@id":"https:\/\/grupoazvinews.com\/en\/#organization","name":"Grupo Azvi","alternateName":"Grupo Azvi","url":"https:\/\/grupoazvinews.com\/en\/","logo":{"@type":"ImageObject","inLanguage":"en-US","@id":"https:\/\/grupoazvinews.com\/en\/#\/schema\/logo\/image\/","url":"https:\/\/grupoazvinews.com\/wp-content\/uploads\/2024\/04\/GrupoAzvi-2018-transp-1.png","contentUrl":"https:\/\/grupoazvinews.com\/wp-content\/uploads\/2024\/04\/GrupoAzvi-2018-transp-1.png","width":1722,"height":486,"caption":"Grupo Azvi"},"image":{"@id":"https:\/\/grupoazvinews.com\/en\/#\/schema\/logo\/image\/"}},{"@type":"Person","@id":"https:\/\/grupoazvinews.com\/en\/#\/schema\/person\/3b45f37e62250372c4b65ea8ee1d6b32","name":"elena crespo","image":{"@type":"ImageObject","inLanguage":"en-US","@id":"https:\/\/grupoazvinews.com\/en\/#\/schema\/person\/image\/","url":"https:\/\/secure.gravatar.com\/avatar\/d8e04743de0db7ebf6755a44e3a3a4c0a263ad48b70ba3b7a584a0fb98d51a2d?s=96&d=mm&r=g","contentUrl":"https:\/\/secure.gravatar.com\/avatar\/d8e04743de0db7ebf6755a44e3a3a4c0a263ad48b70ba3b7a584a0fb98d51a2d?s=96&d=mm&r=g","caption":"elena crespo"},"url":"https:\/\/grupoazvinews.com\/en\/author\/elena\/"}]}},"_links":{"self":[{"href":"https:\/\/grupoazvinews.com\/en\/wp-json\/wp\/v2\/posts\/17247","targetHints":{"allow":["GET"]}}],"collection":[{"href":"https:\/\/grupoazvinews.com\/en\/wp-json\/wp\/v2\/posts"}],"about":[{"href":"https:\/\/grupoazvinews.com\/en\/wp-json\/wp\/v2\/types\/post"}],"author":[{"embeddable":true,"href":"https:\/\/grupoazvinews.com\/en\/wp-json\/wp\/v2\/users\/2"}],"replies":[{"embeddable":true,"href":"https:\/\/grupoazvinews.com\/en\/wp-json\/wp\/v2\/comments?post=17247"}],"version-history":[{"count":3,"href":"https:\/\/grupoazvinews.com\/en\/wp-json\/wp\/v2\/posts\/17247\/revisions"}],"predecessor-version":[{"id":17250,"href":"https:\/\/grupoazvinews.com\/en\/wp-json\/wp\/v2\/posts\/17247\/revisions\/17250"}],"wp:featuredmedia":[{"embeddable":true,"href":"https:\/\/grupoazvinews.com\/en\/wp-json\/wp\/v2\/media\/17214"}],"wp:attachment":[{"href":"https:\/\/grupoazvinews.com\/en\/wp-json\/wp\/v2\/media?parent=17247"}],"wp:term":[{"taxonomy":"category","embeddable":true,"href":"https:\/\/grupoazvinews.com\/en\/wp-json\/wp\/v2\/categories?post=17247"},{"taxonomy":"post_tag","embeddable":true,"href":"https:\/\/grupoazvinews.com\/en\/wp-json\/wp\/v2\/tags?post=17247"}],"curies":[{"name":"wp","href":"https:\/\/api.w.org\/{rel}","templated":true}]}}