{"id":17270,"date":"2024-10-29T10:45:25","date_gmt":"2024-10-29T09:45:25","guid":{"rendered":"https:\/\/grupoazvinews.com\/participamos-en-el-i-congreso-internacional-sobre-cambio-climatico-de-andalucia\/"},"modified":"2024-11-04T12:31:54","modified_gmt":"2024-11-04T11:31:54","slug":"grupo-azvi-participates-in-the-i-international-congress-on-climate-change-in-andalucia","status":"publish","type":"post","link":"https:\/\/grupoazvinews.com\/en\/grupo-azvi-participates-in-the-i-international-congress-on-climate-change-in-andalucia\/","title":{"rendered":"Grupo Azvi participates in the I International Congress on Climate Change in Andaluc\u00eda"},"content":{"rendered":"<p>[vc_row][vc_column width=&#8221;2\/3&#8243;][vc_column_text]In response to our commitment to sustainability Grupo Azvi sponsored and actively participated in the<strong> 1st International Congress on Climate Change in Andaluc\u00eda. Guillermo S\u00e1nchez,<\/strong> Grupo Azvi\u2019s Director of Sustainability , represented the <strong>infrastructure<\/strong> sector in the round table \u2018Mitigation and Energy. Good practices in the main emitting sectors\u2019.<\/p>\n<p>During his speech, S\u00e1nchez highlighted the specific challenges our sector faces in terms of sustainability, addressing aspects such as the need for <strong>administrative simplification<\/strong> <strong>in environmental regulations.<\/strong> \u2018We hope that the new law on sustainable environmental management will not only simplify and streamline administrative procedures, but also, boost social and economic development alongside environmental protection\u2019 he said.<\/p>\n<p>With regard to the challenges facing the sector in terms of <strong>emissions reduction,<\/strong> S\u00e1nchez identified the offsetting of emissions through absorption projects, the inclusion of the value chain in the reduction policy and the renewal of civil works machinery for its transition to non-fossil fuel energies.<\/p>\n<p>S\u00e1nchez also highlighted that, the management of environmental risks and the <strong>decarbonisation<\/strong> of its activities ipresent a key opportunity for Grupo Azvi to attract investors and access financing in more demanding markets. \u2018This is a way to foster innovation, enhance corporate reputation and attract and retain talent,\u2019 he said.<\/p>\n<p>As part of its commitment to sustainability, Grupo Azvi has implemented an <strong>environmental management system in accordance with ISO 14001<\/strong> <strong>standard<\/strong> in the different companies and countries where it operates. The company\u2019s <strong>third Greenhouse Gas (GHG) Emission Reduction Plan<\/strong> includes measures such as the replacement of diesel and petrol vehicles with electric and hybrid models, the modernisation of railway machinery, the improvement of energy efficiency in its facilities and the reuse of construction materials, as well as the recovery of waste.<\/p>\n<p>Thanks to these initiatives, Grupo Azvi managed to avoid the emission of 7,342 tonnes of GHGs in 2023, and reduce relative emissions by 23% compared to the previous year.<\/p>\n<p>At the table, moderated by Manuel Larrasa, Secretary General for Energy in the Andalusian Regional Government, Guillermo S\u00e1nchez was accompanied by Alfonso Vargas, President of the Andalusian Renewable Energy Association (Claner); Mar\u00eda Esperanza Morillo, ESG and Communication Director of Atlantic Copper; Pablo G\u00f3mez, CEO of Coagener; and Manuel Romero, Managing Director of Emasesa.<\/p>\n<p>Organised by the <strong>Andalusian Regional Government\u2019s Department of Sustainability and Environment,<\/strong> with the collaboration of <strong>Jerez City Council,<\/strong> the event brought together over 40 experts and 300 attendees to discuss critical issues in the fight against climate change, such as planning, financing and sustainable strategies in the water, forestry, innovation and technology sectors.<\/p>\n<p class=\"noSpacingAbove noSpacingBelow\" data-text-type=\"noSpacing\"><span class=\"fontSizeMediumPlus\" style=\"font-size: 13px;\">Photos: Clim\u00b7a Congress | 1st International Congress on Climate Change<\/span><\/p>\n<p>[\/vc_column_text][\/vc_column][vc_column width=&#8221;1\/3&#8243;][vc_single_image image=&#8221;17259&#8243;][vc_single_image image=&#8221;17257&#8243;][vc_video link=&#8221;https:\/\/youtu.be\/o2U8alnxJyw?si=RWElW4UPTXXxLOck&amp;t=105&#8243;][\/vc_column][\/vc_row][vc_row][vc_column][vc_video link=&#8221;https:\/\/www.youtube.com\/watch?v=a0W-DulnUrI&amp;t=10770s&#8221;][\/vc_column][\/vc_row]<\/p>\n","protected":false},"excerpt":{"rendered":"<p>[vc_row][vc_column width=&#8221;2\/3&#8243;][vc_column_text]In response to our commitment to sustainability Grupo Azvi sponsored and actively participated in the 1st International Congress on Climate Change in Andaluc\u00eda. Guillermo S\u00e1nchez, Grupo Azvi\u2019s Director of Sustainability , represented the infrastructure sector in the round table \u2018Mitigation and Energy. Good practices in the main emitting sectors\u2019. During his speech, S\u00e1nchez highlighted [&hellip;]<\/p>\n","protected":false},"author":2,"featured_media":17256,"comment_status":"closed","ping_status":"closed","sticky":false,"template":"","format":"standard","meta":{"footnotes":""},"categories":[1125],"tags":[1126],"class_list":["post-17270","post","type-post","status-publish","format-standard","has-post-thumbnail","hentry","category-sustainability","tag-grupo-azvi-en"],"yoast_head":"<!-- This site is optimized with the Yoast SEO plugin v27.0 - https:\/\/yoast.com\/product\/yoast-seo-wordpress\/ -->\n<title>Participamos en el I Congreso Internacional sobre Cambio Clim\u00e1tico de Andaluc\u00eda<\/title>\n<meta name=\"description\" content=\"Grupo Azvi refuerza su compromiso con la sostenibilidad en el Congreso Internacional sobre Cambio Clim\u00e1tico de Andaluc\u00eda\" \/>\n<meta name=\"robots\" content=\"index, follow, max-snippet:-1, max-image-preview:large, max-video-preview:-1\" \/>\n<link rel=\"canonical\" href=\"https:\/\/grupoazvinews.com\/en\/grupo-azvi-participates-in-the-i-international-congress-on-climate-change-in-andalucia\/\" \/>\n<meta property=\"og:locale\" content=\"en_US\" \/>\n<meta property=\"og:type\" content=\"article\" \/>\n<meta property=\"og:title\" content=\"Participamos en el I Congreso Internacional sobre Cambio Clim\u00e1tico de Andaluc\u00eda\" \/>\n<meta property=\"og:description\" content=\"Grupo Azvi refuerza su compromiso con la sostenibilidad en el Congreso Internacional sobre Cambio Clim\u00e1tico de Andaluc\u00eda\" \/>\n<meta property=\"og:url\" content=\"https:\/\/grupoazvinews.com\/en\/grupo-azvi-participates-in-the-i-international-congress-on-climate-change-in-andalucia\/\" \/>\n<meta property=\"og:site_name\" content=\"NOTICIAS Grupo Azvi\" \/>\n<meta property=\"article:published_time\" content=\"2024-10-29T09:45:25+00:00\" \/>\n<meta property=\"article:modified_time\" content=\"2024-11-04T11:31:54+00:00\" \/>\n<meta property=\"og:image\" content=\"https:\/\/grupoazvinews.com\/wp-content\/uploads\/2024\/10\/WhatsApp-Image-2024-10-28-at-11.48.18-4.jpeg\" \/>\n\t<meta property=\"og:image:width\" content=\"1600\" \/>\n\t<meta property=\"og:image:height\" content=\"1066\" \/>\n\t<meta property=\"og:image:type\" content=\"image\/jpeg\" \/>\n<meta name=\"author\" content=\"elena crespo\" \/>\n<meta name=\"twitter:card\" content=\"summary_large_image\" \/>\n<meta name=\"twitter:label1\" content=\"Written by\" \/>\n\t<meta name=\"twitter:data1\" content=\"elena crespo\" \/>\n\t<meta name=\"twitter:label2\" content=\"Est. reading time\" \/>\n\t<meta name=\"twitter:data2\" content=\"3 minutes\" \/>\n<script type=\"application\/ld+json\" class=\"yoast-schema-graph\">{\"@context\":\"https:\/\/schema.org\",\"@graph\":[{\"@type\":\"Article\",\"@id\":\"https:\/\/grupoazvinews.com\/en\/grupo-azvi-participates-in-the-i-international-congress-on-climate-change-in-andalucia\/#article\",\"isPartOf\":{\"@id\":\"https:\/\/grupoazvinews.com\/en\/grupo-azvi-participates-in-the-i-international-congress-on-climate-change-in-andalucia\/\"},\"author\":{\"name\":\"elena crespo\",\"@id\":\"https:\/\/grupoazvinews.com\/en\/#\/schema\/person\/3b45f37e62250372c4b65ea8ee1d6b32\"},\"headline\":\"Grupo Azvi participates in the I International Congress on Climate Change in Andaluc\u00eda\",\"datePublished\":\"2024-10-29T09:45:25+00:00\",\"dateModified\":\"2024-11-04T11:31:54+00:00\",\"mainEntityOfPage\":{\"@id\":\"https:\/\/grupoazvinews.com\/en\/grupo-azvi-participates-in-the-i-international-congress-on-climate-change-in-andalucia\/\"},\"wordCount\":509,\"publisher\":{\"@id\":\"https:\/\/grupoazvinews.com\/en\/#organization\"},\"image\":{\"@id\":\"https:\/\/grupoazvinews.com\/en\/grupo-azvi-participates-in-the-i-international-congress-on-climate-change-in-andalucia\/#primaryimage\"},\"thumbnailUrl\":\"https:\/\/grupoazvinews.com\/wp-content\/uploads\/2024\/10\/WhatsApp-Image-2024-10-28-at-11.48.18-4.jpeg\",\"keywords\":[\"Grupo Azvi\"],\"articleSection\":[\"Sustainability\"],\"inLanguage\":\"en-US\"},{\"@type\":\"WebPage\",\"@id\":\"https:\/\/grupoazvinews.com\/en\/grupo-azvi-participates-in-the-i-international-congress-on-climate-change-in-andalucia\/\",\"url\":\"https:\/\/grupoazvinews.com\/en\/grupo-azvi-participates-in-the-i-international-congress-on-climate-change-in-andalucia\/\",\"name\":\"Participamos en el I Congreso Internacional sobre Cambio Clim\u00e1tico de Andaluc\u00eda\",\"isPartOf\":{\"@id\":\"https:\/\/grupoazvinews.com\/en\/#website\"},\"primaryImageOfPage\":{\"@id\":\"https:\/\/grupoazvinews.com\/en\/grupo-azvi-participates-in-the-i-international-congress-on-climate-change-in-andalucia\/#primaryimage\"},\"image\":{\"@id\":\"https:\/\/grupoazvinews.com\/en\/grupo-azvi-participates-in-the-i-international-congress-on-climate-change-in-andalucia\/#primaryimage\"},\"thumbnailUrl\":\"https:\/\/grupoazvinews.com\/wp-content\/uploads\/2024\/10\/WhatsApp-Image-2024-10-28-at-11.48.18-4.jpeg\",\"datePublished\":\"2024-10-29T09:45:25+00:00\",\"dateModified\":\"2024-11-04T11:31:54+00:00\",\"description\":\"Grupo Azvi refuerza su compromiso con la sostenibilidad en el Congreso Internacional sobre Cambio Clim\u00e1tico de Andaluc\u00eda\",\"breadcrumb\":{\"@id\":\"https:\/\/grupoazvinews.com\/en\/grupo-azvi-participates-in-the-i-international-congress-on-climate-change-in-andalucia\/#breadcrumb\"},\"inLanguage\":\"en-US\",\"potentialAction\":[{\"@type\":\"ReadAction\",\"target\":[\"https:\/\/grupoazvinews.com\/en\/grupo-azvi-participates-in-the-i-international-congress-on-climate-change-in-andalucia\/\"]}]},{\"@type\":\"ImageObject\",\"inLanguage\":\"en-US\",\"@id\":\"https:\/\/grupoazvinews.com\/en\/grupo-azvi-participates-in-the-i-international-congress-on-climate-change-in-andalucia\/#primaryimage\",\"url\":\"https:\/\/grupoazvinews.com\/wp-content\/uploads\/2024\/10\/WhatsApp-Image-2024-10-28-at-11.48.18-4.jpeg\",\"contentUrl\":\"https:\/\/grupoazvinews.com\/wp-content\/uploads\/2024\/10\/WhatsApp-Image-2024-10-28-at-11.48.18-4.jpeg\",\"width\":1600,\"height\":1066},{\"@type\":\"BreadcrumbList\",\"@id\":\"https:\/\/grupoazvinews.com\/en\/grupo-azvi-participates-in-the-i-international-congress-on-climate-change-in-andalucia\/#breadcrumb\",\"itemListElement\":[{\"@type\":\"ListItem\",\"position\":1,\"name\":\"Portada\",\"item\":\"https:\/\/grupoazvinews.com\/en\/\"},{\"@type\":\"ListItem\",\"position\":2,\"name\":\"Grupo Azvi participates in the I International Congress on Climate Change in Andaluc\u00eda\"}]},{\"@type\":\"WebSite\",\"@id\":\"https:\/\/grupoazvinews.com\/en\/#website\",\"url\":\"https:\/\/grupoazvinews.com\/en\/\",\"name\":\"Grupo Azvi News\",\"description\":\"Grupo Azvi es una empresa centenaria cuyos or\u00edgenes e historia han estado estrechamente vinculados al desarrollo de las infraestructuras de nuestro pa\u00eds. Hoy, se ha convertido en la empresa l\u00edder de un grupo internacional, innovador, diversificado y sostenible.\",\"publisher\":{\"@id\":\"https:\/\/grupoazvinews.com\/en\/#organization\"},\"alternateName\":\"Blog de noticias del Grupo Azvi\",\"potentialAction\":[{\"@type\":\"SearchAction\",\"target\":{\"@type\":\"EntryPoint\",\"urlTemplate\":\"https:\/\/grupoazvinews.com\/en\/?s={search_term_string}\"},\"query-input\":{\"@type\":\"PropertyValueSpecification\",\"valueRequired\":true,\"valueName\":\"search_term_string\"}}],\"inLanguage\":\"en-US\"},{\"@type\":\"Organization\",\"@id\":\"https:\/\/grupoazvinews.com\/en\/#organization\",\"name\":\"Grupo Azvi\",\"alternateName\":\"Grupo Azvi\",\"url\":\"https:\/\/grupoazvinews.com\/en\/\",\"logo\":{\"@type\":\"ImageObject\",\"inLanguage\":\"en-US\",\"@id\":\"https:\/\/grupoazvinews.com\/en\/#\/schema\/logo\/image\/\",\"url\":\"https:\/\/grupoazvinews.com\/wp-content\/uploads\/2024\/04\/GrupoAzvi-2018-transp-1.png\",\"contentUrl\":\"https:\/\/grupoazvinews.com\/wp-content\/uploads\/2024\/04\/GrupoAzvi-2018-transp-1.png\",\"width\":1722,\"height\":486,\"caption\":\"Grupo Azvi\"},\"image\":{\"@id\":\"https:\/\/grupoazvinews.com\/en\/#\/schema\/logo\/image\/\"}},{\"@type\":\"Person\",\"@id\":\"https:\/\/grupoazvinews.com\/en\/#\/schema\/person\/3b45f37e62250372c4b65ea8ee1d6b32\",\"name\":\"elena crespo\",\"image\":{\"@type\":\"ImageObject\",\"inLanguage\":\"en-US\",\"@id\":\"https:\/\/grupoazvinews.com\/en\/#\/schema\/person\/image\/\",\"url\":\"https:\/\/secure.gravatar.com\/avatar\/d8e04743de0db7ebf6755a44e3a3a4c0a263ad48b70ba3b7a584a0fb98d51a2d?s=96&d=mm&r=g\",\"contentUrl\":\"https:\/\/secure.gravatar.com\/avatar\/d8e04743de0db7ebf6755a44e3a3a4c0a263ad48b70ba3b7a584a0fb98d51a2d?s=96&d=mm&r=g\",\"caption\":\"elena crespo\"},\"url\":\"https:\/\/grupoazvinews.com\/en\/author\/elena\/\"}]}<\/script>\n<!-- \/ Yoast SEO plugin. -->","yoast_head_json":{"title":"Participamos en el I Congreso Internacional sobre Cambio Clim\u00e1tico de Andaluc\u00eda","description":"Grupo Azvi refuerza su compromiso con la sostenibilidad en el Congreso Internacional sobre Cambio Clim\u00e1tico de Andaluc\u00eda","robots":{"index":"index","follow":"follow","max-snippet":"max-snippet:-1","max-image-preview":"max-image-preview:large","max-video-preview":"max-video-preview:-1"},"canonical":"https:\/\/grupoazvinews.com\/en\/grupo-azvi-participates-in-the-i-international-congress-on-climate-change-in-andalucia\/","og_locale":"en_US","og_type":"article","og_title":"Participamos en el I Congreso Internacional sobre Cambio Clim\u00e1tico de Andaluc\u00eda","og_description":"Grupo Azvi refuerza su compromiso con la sostenibilidad en el Congreso Internacional sobre Cambio Clim\u00e1tico de Andaluc\u00eda","og_url":"https:\/\/grupoazvinews.com\/en\/grupo-azvi-participates-in-the-i-international-congress-on-climate-change-in-andalucia\/","og_site_name":"NOTICIAS Grupo Azvi","article_published_time":"2024-10-29T09:45:25+00:00","article_modified_time":"2024-11-04T11:31:54+00:00","og_image":[{"width":1600,"height":1066,"url":"https:\/\/grupoazvinews.com\/wp-content\/uploads\/2024\/10\/WhatsApp-Image-2024-10-28-at-11.48.18-4.jpeg","type":"image\/jpeg"}],"author":"elena crespo","twitter_card":"summary_large_image","twitter_misc":{"Written by":"elena crespo","Est. reading time":"3 minutes"},"schema":{"@context":"https:\/\/schema.org","@graph":[{"@type":"Article","@id":"https:\/\/grupoazvinews.com\/en\/grupo-azvi-participates-in-the-i-international-congress-on-climate-change-in-andalucia\/#article","isPartOf":{"@id":"https:\/\/grupoazvinews.com\/en\/grupo-azvi-participates-in-the-i-international-congress-on-climate-change-in-andalucia\/"},"author":{"name":"elena crespo","@id":"https:\/\/grupoazvinews.com\/en\/#\/schema\/person\/3b45f37e62250372c4b65ea8ee1d6b32"},"headline":"Grupo Azvi participates in the I International Congress on Climate Change in Andaluc\u00eda","datePublished":"2024-10-29T09:45:25+00:00","dateModified":"2024-11-04T11:31:54+00:00","mainEntityOfPage":{"@id":"https:\/\/grupoazvinews.com\/en\/grupo-azvi-participates-in-the-i-international-congress-on-climate-change-in-andalucia\/"},"wordCount":509,"publisher":{"@id":"https:\/\/grupoazvinews.com\/en\/#organization"},"image":{"@id":"https:\/\/grupoazvinews.com\/en\/grupo-azvi-participates-in-the-i-international-congress-on-climate-change-in-andalucia\/#primaryimage"},"thumbnailUrl":"https:\/\/grupoazvinews.com\/wp-content\/uploads\/2024\/10\/WhatsApp-Image-2024-10-28-at-11.48.18-4.jpeg","keywords":["Grupo Azvi"],"articleSection":["Sustainability"],"inLanguage":"en-US"},{"@type":"WebPage","@id":"https:\/\/grupoazvinews.com\/en\/grupo-azvi-participates-in-the-i-international-congress-on-climate-change-in-andalucia\/","url":"https:\/\/grupoazvinews.com\/en\/grupo-azvi-participates-in-the-i-international-congress-on-climate-change-in-andalucia\/","name":"Participamos en el I Congreso Internacional sobre Cambio Clim\u00e1tico de Andaluc\u00eda","isPartOf":{"@id":"https:\/\/grupoazvinews.com\/en\/#website"},"primaryImageOfPage":{"@id":"https:\/\/grupoazvinews.com\/en\/grupo-azvi-participates-in-the-i-international-congress-on-climate-change-in-andalucia\/#primaryimage"},"image":{"@id":"https:\/\/grupoazvinews.com\/en\/grupo-azvi-participates-in-the-i-international-congress-on-climate-change-in-andalucia\/#primaryimage"},"thumbnailUrl":"https:\/\/grupoazvinews.com\/wp-content\/uploads\/2024\/10\/WhatsApp-Image-2024-10-28-at-11.48.18-4.jpeg","datePublished":"2024-10-29T09:45:25+00:00","dateModified":"2024-11-04T11:31:54+00:00","description":"Grupo Azvi refuerza su compromiso con la sostenibilidad en el Congreso Internacional sobre Cambio Clim\u00e1tico de Andaluc\u00eda","breadcrumb":{"@id":"https:\/\/grupoazvinews.com\/en\/grupo-azvi-participates-in-the-i-international-congress-on-climate-change-in-andalucia\/#breadcrumb"},"inLanguage":"en-US","potentialAction":[{"@type":"ReadAction","target":["https:\/\/grupoazvinews.com\/en\/grupo-azvi-participates-in-the-i-international-congress-on-climate-change-in-andalucia\/"]}]},{"@type":"ImageObject","inLanguage":"en-US","@id":"https:\/\/grupoazvinews.com\/en\/grupo-azvi-participates-in-the-i-international-congress-on-climate-change-in-andalucia\/#primaryimage","url":"https:\/\/grupoazvinews.com\/wp-content\/uploads\/2024\/10\/WhatsApp-Image-2024-10-28-at-11.48.18-4.jpeg","contentUrl":"https:\/\/grupoazvinews.com\/wp-content\/uploads\/2024\/10\/WhatsApp-Image-2024-10-28-at-11.48.18-4.jpeg","width":1600,"height":1066},{"@type":"BreadcrumbList","@id":"https:\/\/grupoazvinews.com\/en\/grupo-azvi-participates-in-the-i-international-congress-on-climate-change-in-andalucia\/#breadcrumb","itemListElement":[{"@type":"ListItem","position":1,"name":"Portada","item":"https:\/\/grupoazvinews.com\/en\/"},{"@type":"ListItem","position":2,"name":"Grupo Azvi participates in the I International Congress on Climate Change in Andaluc\u00eda"}]},{"@type":"WebSite","@id":"https:\/\/grupoazvinews.com\/en\/#website","url":"https:\/\/grupoazvinews.com\/en\/","name":"Grupo Azvi News","description":"Grupo Azvi es una empresa centenaria cuyos or\u00edgenes e historia han estado estrechamente vinculados al desarrollo de las infraestructuras de nuestro pa\u00eds. Hoy, se ha convertido en la empresa l\u00edder de un grupo internacional, innovador, diversificado y sostenible.","publisher":{"@id":"https:\/\/grupoazvinews.com\/en\/#organization"},"alternateName":"Blog de noticias del Grupo Azvi","potentialAction":[{"@type":"SearchAction","target":{"@type":"EntryPoint","urlTemplate":"https:\/\/grupoazvinews.com\/en\/?s={search_term_string}"},"query-input":{"@type":"PropertyValueSpecification","valueRequired":true,"valueName":"search_term_string"}}],"inLanguage":"en-US"},{"@type":"Organization","@id":"https:\/\/grupoazvinews.com\/en\/#organization","name":"Grupo Azvi","alternateName":"Grupo Azvi","url":"https:\/\/grupoazvinews.com\/en\/","logo":{"@type":"ImageObject","inLanguage":"en-US","@id":"https:\/\/grupoazvinews.com\/en\/#\/schema\/logo\/image\/","url":"https:\/\/grupoazvinews.com\/wp-content\/uploads\/2024\/04\/GrupoAzvi-2018-transp-1.png","contentUrl":"https:\/\/grupoazvinews.com\/wp-content\/uploads\/2024\/04\/GrupoAzvi-2018-transp-1.png","width":1722,"height":486,"caption":"Grupo Azvi"},"image":{"@id":"https:\/\/grupoazvinews.com\/en\/#\/schema\/logo\/image\/"}},{"@type":"Person","@id":"https:\/\/grupoazvinews.com\/en\/#\/schema\/person\/3b45f37e62250372c4b65ea8ee1d6b32","name":"elena crespo","image":{"@type":"ImageObject","inLanguage":"en-US","@id":"https:\/\/grupoazvinews.com\/en\/#\/schema\/person\/image\/","url":"https:\/\/secure.gravatar.com\/avatar\/d8e04743de0db7ebf6755a44e3a3a4c0a263ad48b70ba3b7a584a0fb98d51a2d?s=96&d=mm&r=g","contentUrl":"https:\/\/secure.gravatar.com\/avatar\/d8e04743de0db7ebf6755a44e3a3a4c0a263ad48b70ba3b7a584a0fb98d51a2d?s=96&d=mm&r=g","caption":"elena crespo"},"url":"https:\/\/grupoazvinews.com\/en\/author\/elena\/"}]}},"_links":{"self":[{"href":"https:\/\/grupoazvinews.com\/en\/wp-json\/wp\/v2\/posts\/17270","targetHints":{"allow":["GET"]}}],"collection":[{"href":"https:\/\/grupoazvinews.com\/en\/wp-json\/wp\/v2\/posts"}],"about":[{"href":"https:\/\/grupoazvinews.com\/en\/wp-json\/wp\/v2\/types\/post"}],"author":[{"embeddable":true,"href":"https:\/\/grupoazvinews.com\/en\/wp-json\/wp\/v2\/users\/2"}],"replies":[{"embeddable":true,"href":"https:\/\/grupoazvinews.com\/en\/wp-json\/wp\/v2\/comments?post=17270"}],"version-history":[{"count":3,"href":"https:\/\/grupoazvinews.com\/en\/wp-json\/wp\/v2\/posts\/17270\/revisions"}],"predecessor-version":[{"id":17273,"href":"https:\/\/grupoazvinews.com\/en\/wp-json\/wp\/v2\/posts\/17270\/revisions\/17273"}],"wp:featuredmedia":[{"embeddable":true,"href":"https:\/\/grupoazvinews.com\/en\/wp-json\/wp\/v2\/media\/17256"}],"wp:attachment":[{"href":"https:\/\/grupoazvinews.com\/en\/wp-json\/wp\/v2\/media?parent=17270"}],"wp:term":[{"taxonomy":"category","embeddable":true,"href":"https:\/\/grupoazvinews.com\/en\/wp-json\/wp\/v2\/categories?post=17270"},{"taxonomy":"post_tag","embeddable":true,"href":"https:\/\/grupoazvinews.com\/en\/wp-json\/wp\/v2\/tags?post=17270"}],"curies":[{"name":"wp","href":"https:\/\/api.w.org\/{rel}","templated":true}]}}