{"id":17397,"date":"2024-11-22T13:30:38","date_gmt":"2024-11-22T12:30:38","guid":{"rendered":"https:\/\/grupoazvinews.com\/participamos-en-el-ii-congreso-aranzadi-la-ley-de-abogacia-in-house-y-derecho-de-negocios\/"},"modified":"2024-11-25T13:07:31","modified_gmt":"2024-11-25T12:07:31","slug":"participation-in-the-ii-aranzadi-congress-on-corporate-and-commercial-law","status":"publish","type":"post","link":"https:\/\/grupoazvinews.com\/en\/participation-in-the-ii-aranzadi-congress-on-corporate-and-commercial-law\/","title":{"rendered":"Participation in the II Aranzadi Congress on Corporate and Commercial Law"},"content":{"rendered":"<p>[vc_row][vc_column][vc_column_text]<\/p>\n<p class=\"noSpacingAbove noSpacingBelow\" data-text-type=\"noSpacing\">Our <strong>Chief Legal Officer, Borja Rodr\u00edguez<\/strong>, participated in the Round Table on<strong> Public Contracts<\/strong> and <strong>Bidding Companie<\/strong>s at the<a href=\"https:\/\/www.congreso-aranzadi-abogados-in-house.es\/\"> II Aranzadi Congress on In-House and Business Law<\/a>, held this week in Madrid.<\/p>\n<p class=\"noSpacingAbove noSpacingBelow\" data-text-type=\"noSpacing\">During his speech, Mr Rodr\u00edguez explored the challenges faced by contracting companies deriving from the <strong>mandatory extensions<\/strong> of public contracts.<\/p>\n<p class=\"noSpacingAbove noSpacingBelow\" data-text-type=\"noSpacing\">Among the main risks, he highlighted the impact of inflation, the increase in labour costs, regulatory changes and unforeseeable events, which affect the economic sustainability of contracts, especially in the case of the mandatory extension of long-term contracts.<\/p>\n<p class=\"noSpacingAbove noSpacingBelow\" data-text-type=\"noSpacing\">He also stressed the need for more flexible legislation than the current one, favouring the adaptation of the contract to the circumstances prevailing at the time of the mandatory extension, in order to guarantee the contract\u2019s correct execution while avoiding losses for the contractor.<\/p>\n<p class=\"noSpacingAbove noSpacingBelow\" data-text-type=\"noSpacing\">This congress brought together leading legal and <strong>business professionals<\/strong> to address the main challenges facing the sector and seek solutions that will strengthen cooperation between companies and public administration.<\/p>\n<p class=\"noSpacingAbove noSpacingBelow\" data-text-type=\"noSpacing\">For <strong>Grupo Azvi<\/strong>, it is an honour to take part in initiatives such as these, which promote dialogue and the exchange of knowledge among the sector\u2019s key players.<\/p>\n<p class=\"noSpacingAbove noSpacingBelow\" data-text-type=\"noSpacing\"><span class=\"fontSizeMedium\" style=\"font-size: 14px;\">Photos: Aranzadi<\/span><\/p>\n<p>[\/vc_column_text]<div class=\"lqd-img-gal\">\n\n\t<div class=\"lqd-img-gal-imgs\">\n\n\t\t<div class=\"carousel-container carousel-nav-floated carousel-nav-center carousel-nav-middle carousel-nav-lg carousel-nav-solid carousel-nav-circle carousel-nav-appear-onhover carousel-dots-mobile-inside\">\n\t\t\t<div class=\"carousel-items\" data-lqd-flickity='{ \"prevNextButtons\": true, \"navArrow\": \"6\", \"parallax\": true, \"adaptiveHeight\": true }' id=\"lqd-image-gallery-69f594e09d9a6main-carousel\">\n\n\t\t\t\t\t\t\t\t<div class=\"carousel-item col-xs-12 px-0\">\n\t\t\t\t\t<div class=\"carousel-item-inner\">\n\t\t\t\t\t\t<figure>\n\t\t\t\t\t\t\t<img loading=\"lazy\" decoding=\"async\" width=\"1539\" height=\"1026\" src=\"https:\/\/grupoazvinews.com\/wp-content\/uploads\/2024\/11\/Borja-3.jpg\" class=\"attachment-full size-full\" alt=\"\" srcset=\"https:\/\/grupoazvinews.com\/wp-content\/uploads\/2024\/11\/Borja-3.jpg 1539w, https:\/\/grupoazvinews.com\/wp-content\/uploads\/2024\/11\/Borja-3-300x200.jpg 300w, https:\/\/grupoazvinews.com\/wp-content\/uploads\/2024\/11\/Borja-3-1024x683.jpg 1024w, https:\/\/grupoazvinews.com\/wp-content\/uploads\/2024\/11\/Borja-3-750x500.jpg 750w, https:\/\/grupoazvinews.com\/wp-content\/uploads\/2024\/11\/Borja-3-1140x760.jpg 1140w\" sizes=\"auto, (max-width: 1539px) 100vw, 1539px\" \/>\t\t\t\t\t\t<\/figure>\n\t\t\t\t\t<\/div>\n\t\t\t\t<\/div>\n\t\t\t\t\t\t\t\t<div class=\"carousel-item col-xs-12 px-0\">\n\t\t\t\t\t<div class=\"carousel-item-inner\">\n\t\t\t\t\t\t<figure>\n\t\t\t\t\t\t\t<img loading=\"lazy\" decoding=\"async\" width=\"1539\" height=\"1026\" src=\"https:\/\/grupoazvinews.com\/wp-content\/uploads\/2024\/11\/contratos-2.jpg\" class=\"attachment-full size-full\" alt=\"\" srcset=\"https:\/\/grupoazvinews.com\/wp-content\/uploads\/2024\/11\/contratos-2.jpg 1539w, https:\/\/grupoazvinews.com\/wp-content\/uploads\/2024\/11\/contratos-2-300x200.jpg 300w, https:\/\/grupoazvinews.com\/wp-content\/uploads\/2024\/11\/contratos-2-1024x683.jpg 1024w, https:\/\/grupoazvinews.com\/wp-content\/uploads\/2024\/11\/contratos-2-750x500.jpg 750w, https:\/\/grupoazvinews.com\/wp-content\/uploads\/2024\/11\/contratos-2-1140x760.jpg 1140w\" sizes=\"auto, (max-width: 1539px) 100vw, 1539px\" \/>\t\t\t\t\t\t<\/figure>\n\t\t\t\t\t<\/div>\n\t\t\t\t<\/div>\n\t\t\t\t\n\t\t\t<\/div><!-- \/.carousel-items -->\n\t\t<\/div><!-- \/.carousel-container -->\n\n\t<\/div><!-- \/.lqd-img-gal-imgs -->\n\n\t<div class=\"lqd-img-gal-thumbs\">\n\n\t\t<div class=\"carousel-container\">\n\t\t\t<div class=\"carousel-items\" data-lqd-flickity='{ \"contain\": false, \"pageDots\": false, \"asNavFor\": \"#lqd-image-gallery-69f594e09d9a6main-carousel\" }'>\n\n\t\t\t\t\t\t\t\t<div class=\"carousel-item col-xs-4 col-sm-3 col-md-2\">\n\t\t\t\t\t<div class=\"carousel-item-inner\">\n\t\t\t\t\t\t<figure>\n\t\t\t\t\t\t\t<img loading=\"lazy\" decoding=\"async\" width=\"105\" height=\"70\" src=\"https:\/\/grupoazvinews.com\/wp-content\/uploads\/2024\/11\/Borja-3.jpg\" class=\"attachment-160x70 size-160x70\" alt=\"\" srcset=\"https:\/\/grupoazvinews.com\/wp-content\/uploads\/2024\/11\/Borja-3.jpg 1539w, https:\/\/grupoazvinews.com\/wp-content\/uploads\/2024\/11\/Borja-3-300x200.jpg 300w, https:\/\/grupoazvinews.com\/wp-content\/uploads\/2024\/11\/Borja-3-1024x683.jpg 1024w, https:\/\/grupoazvinews.com\/wp-content\/uploads\/2024\/11\/Borja-3-750x500.jpg 750w, https:\/\/grupoazvinews.com\/wp-content\/uploads\/2024\/11\/Borja-3-1140x760.jpg 1140w\" sizes=\"auto, (max-width: 105px) 100vw, 105px\" \/>\t\t\t\t\t\t<\/figure>\n\t\t\t\t\t<\/div>\n\t\t\t\t<\/div>\n\t\t\t\t\t\t\t\t<div class=\"carousel-item col-xs-4 col-sm-3 col-md-2\">\n\t\t\t\t\t<div class=\"carousel-item-inner\">\n\t\t\t\t\t\t<figure>\n\t\t\t\t\t\t\t<img loading=\"lazy\" decoding=\"async\" width=\"105\" height=\"70\" src=\"https:\/\/grupoazvinews.com\/wp-content\/uploads\/2024\/11\/contratos-2.jpg\" class=\"attachment-160x70 size-160x70\" alt=\"\" srcset=\"https:\/\/grupoazvinews.com\/wp-content\/uploads\/2024\/11\/contratos-2.jpg 1539w, https:\/\/grupoazvinews.com\/wp-content\/uploads\/2024\/11\/contratos-2-300x200.jpg 300w, https:\/\/grupoazvinews.com\/wp-content\/uploads\/2024\/11\/contratos-2-1024x683.jpg 1024w, https:\/\/grupoazvinews.com\/wp-content\/uploads\/2024\/11\/contratos-2-750x500.jpg 750w, https:\/\/grupoazvinews.com\/wp-content\/uploads\/2024\/11\/contratos-2-1140x760.jpg 1140w\" sizes=\"auto, (max-width: 105px) 100vw, 105px\" \/>\t\t\t\t\t\t<\/figure>\n\t\t\t\t\t<\/div>\n\t\t\t\t<\/div>\n\t\t\t\t\n\t\t\t<\/div><!-- \/.carousel-items -->\n\t\t<\/div><!-- \/.carousel-container -->\n\n\t<\/div><!-- \/.lqd-img-gal-thumbs -->\n\n<\/div><!-- \/.lqd-img-gal -->[\/vc_column][\/vc_row]<\/p>\n","protected":false},"excerpt":{"rendered":"<p>[vc_row][vc_column][vc_column_text] Our Chief Legal Officer, Borja Rodr\u00edguez, participated in the Round Table on Public Contracts and Bidding Companies at the II Aranzadi Congress on In-House and Business Law, held this week in Madrid. During his speech, Mr Rodr\u00edguez explored the challenges faced by contracting companies deriving from the mandatory extensions of public contracts. Among the [&hellip;]<\/p>\n","protected":false},"author":2,"featured_media":17392,"comment_status":"closed","ping_status":"closed","sticky":false,"template":"","format":"standard","meta":{"footnotes":""},"categories":[1125],"tags":[1126],"class_list":["post-17397","post","type-post","status-publish","format-standard","has-post-thumbnail","hentry","category-sustainability","tag-grupo-azvi-en"],"yoast_head":"<!-- This site is optimized with the Yoast SEO plugin v27.0 - https:\/\/yoast.com\/product\/yoast-seo-wordpress\/ -->\n<title>Participation in the II Aranzadi Congress on Corporate and Commercial Law<\/title>\n<meta name=\"description\" content=\"Our Chief Legal Officer, Borja Rodr\u00edguez, participated in II Aranzadi Congress on In-House and Business Law, held this week in Madrid.\" \/>\n<meta name=\"robots\" content=\"index, follow, max-snippet:-1, max-image-preview:large, max-video-preview:-1\" \/>\n<link rel=\"canonical\" href=\"https:\/\/grupoazvinews.com\/en\/participation-in-the-ii-aranzadi-congress-on-corporate-and-commercial-law\/\" \/>\n<meta property=\"og:locale\" content=\"en_US\" \/>\n<meta property=\"og:type\" content=\"article\" \/>\n<meta property=\"og:title\" content=\"Participation in the II Aranzadi Congress on Corporate and Commercial Law\" \/>\n<meta property=\"og:description\" content=\"Our Chief Legal Officer, Borja Rodr\u00edguez, participated in II Aranzadi Congress on In-House and Business Law, held this week in Madrid.\" \/>\n<meta property=\"og:url\" content=\"https:\/\/grupoazvinews.com\/en\/participation-in-the-ii-aranzadi-congress-on-corporate-and-commercial-law\/\" \/>\n<meta property=\"og:site_name\" content=\"NOTICIAS Grupo Azvi\" \/>\n<meta property=\"article:published_time\" content=\"2024-11-22T12:30:38+00:00\" \/>\n<meta property=\"article:modified_time\" content=\"2024-11-25T12:07:31+00:00\" \/>\n<meta property=\"og:image\" content=\"https:\/\/grupoazvinews.com\/wp-content\/uploads\/2024\/11\/Borja-3.jpg\" \/>\n\t<meta property=\"og:image:width\" content=\"1539\" \/>\n\t<meta property=\"og:image:height\" content=\"1026\" \/>\n\t<meta property=\"og:image:type\" content=\"image\/jpeg\" \/>\n<meta name=\"author\" content=\"elena crespo\" \/>\n<meta name=\"twitter:card\" content=\"summary_large_image\" \/>\n<meta name=\"twitter:label1\" content=\"Written by\" \/>\n\t<meta name=\"twitter:data1\" content=\"elena crespo\" \/>\n\t<meta name=\"twitter:label2\" content=\"Est. reading time\" \/>\n\t<meta name=\"twitter:data2\" content=\"2 minutes\" \/>\n<script type=\"application\/ld+json\" class=\"yoast-schema-graph\">{\"@context\":\"https:\/\/schema.org\",\"@graph\":[{\"@type\":\"Article\",\"@id\":\"https:\/\/grupoazvinews.com\/en\/participation-in-the-ii-aranzadi-congress-on-corporate-and-commercial-law\/#article\",\"isPartOf\":{\"@id\":\"https:\/\/grupoazvinews.com\/en\/participation-in-the-ii-aranzadi-congress-on-corporate-and-commercial-law\/\"},\"author\":{\"name\":\"elena crespo\",\"@id\":\"https:\/\/grupoazvinews.com\/en\/#\/schema\/person\/3b45f37e62250372c4b65ea8ee1d6b32\"},\"headline\":\"Participation in the II Aranzadi Congress on Corporate and Commercial Law\",\"datePublished\":\"2024-11-22T12:30:38+00:00\",\"dateModified\":\"2024-11-25T12:07:31+00:00\",\"mainEntityOfPage\":{\"@id\":\"https:\/\/grupoazvinews.com\/en\/participation-in-the-ii-aranzadi-congress-on-corporate-and-commercial-law\/\"},\"wordCount\":225,\"publisher\":{\"@id\":\"https:\/\/grupoazvinews.com\/en\/#organization\"},\"image\":{\"@id\":\"https:\/\/grupoazvinews.com\/en\/participation-in-the-ii-aranzadi-congress-on-corporate-and-commercial-law\/#primaryimage\"},\"thumbnailUrl\":\"https:\/\/grupoazvinews.com\/wp-content\/uploads\/2024\/11\/Borja-3.jpg\",\"keywords\":[\"Grupo Azvi\"],\"articleSection\":[\"Sustainability\"],\"inLanguage\":\"en-US\"},{\"@type\":\"WebPage\",\"@id\":\"https:\/\/grupoazvinews.com\/en\/participation-in-the-ii-aranzadi-congress-on-corporate-and-commercial-law\/\",\"url\":\"https:\/\/grupoazvinews.com\/en\/participation-in-the-ii-aranzadi-congress-on-corporate-and-commercial-law\/\",\"name\":\"Participation in the II Aranzadi Congress on Corporate and Commercial Law\",\"isPartOf\":{\"@id\":\"https:\/\/grupoazvinews.com\/en\/#website\"},\"primaryImageOfPage\":{\"@id\":\"https:\/\/grupoazvinews.com\/en\/participation-in-the-ii-aranzadi-congress-on-corporate-and-commercial-law\/#primaryimage\"},\"image\":{\"@id\":\"https:\/\/grupoazvinews.com\/en\/participation-in-the-ii-aranzadi-congress-on-corporate-and-commercial-law\/#primaryimage\"},\"thumbnailUrl\":\"https:\/\/grupoazvinews.com\/wp-content\/uploads\/2024\/11\/Borja-3.jpg\",\"datePublished\":\"2024-11-22T12:30:38+00:00\",\"dateModified\":\"2024-11-25T12:07:31+00:00\",\"description\":\"Our Chief Legal Officer, Borja Rodr\u00edguez, participated in II Aranzadi Congress on In-House and Business Law, held this week in Madrid.\",\"breadcrumb\":{\"@id\":\"https:\/\/grupoazvinews.com\/en\/participation-in-the-ii-aranzadi-congress-on-corporate-and-commercial-law\/#breadcrumb\"},\"inLanguage\":\"en-US\",\"potentialAction\":[{\"@type\":\"ReadAction\",\"target\":[\"https:\/\/grupoazvinews.com\/en\/participation-in-the-ii-aranzadi-congress-on-corporate-and-commercial-law\/\"]}]},{\"@type\":\"ImageObject\",\"inLanguage\":\"en-US\",\"@id\":\"https:\/\/grupoazvinews.com\/en\/participation-in-the-ii-aranzadi-congress-on-corporate-and-commercial-law\/#primaryimage\",\"url\":\"https:\/\/grupoazvinews.com\/wp-content\/uploads\/2024\/11\/Borja-3.jpg\",\"contentUrl\":\"https:\/\/grupoazvinews.com\/wp-content\/uploads\/2024\/11\/Borja-3.jpg\",\"width\":1539,\"height\":1026},{\"@type\":\"BreadcrumbList\",\"@id\":\"https:\/\/grupoazvinews.com\/en\/participation-in-the-ii-aranzadi-congress-on-corporate-and-commercial-law\/#breadcrumb\",\"itemListElement\":[{\"@type\":\"ListItem\",\"position\":1,\"name\":\"Portada\",\"item\":\"https:\/\/grupoazvinews.com\/en\/\"},{\"@type\":\"ListItem\",\"position\":2,\"name\":\"Participation in the II Aranzadi Congress on Corporate and Commercial Law\"}]},{\"@type\":\"WebSite\",\"@id\":\"https:\/\/grupoazvinews.com\/en\/#website\",\"url\":\"https:\/\/grupoazvinews.com\/en\/\",\"name\":\"Grupo Azvi News\",\"description\":\"Grupo Azvi es una empresa centenaria cuyos or\u00edgenes e historia han estado estrechamente vinculados al desarrollo de las infraestructuras de nuestro pa\u00eds. Hoy, se ha convertido en la empresa l\u00edder de un grupo internacional, innovador, diversificado y sostenible.\",\"publisher\":{\"@id\":\"https:\/\/grupoazvinews.com\/en\/#organization\"},\"alternateName\":\"Blog de noticias del Grupo Azvi\",\"potentialAction\":[{\"@type\":\"SearchAction\",\"target\":{\"@type\":\"EntryPoint\",\"urlTemplate\":\"https:\/\/grupoazvinews.com\/en\/?s={search_term_string}\"},\"query-input\":{\"@type\":\"PropertyValueSpecification\",\"valueRequired\":true,\"valueName\":\"search_term_string\"}}],\"inLanguage\":\"en-US\"},{\"@type\":\"Organization\",\"@id\":\"https:\/\/grupoazvinews.com\/en\/#organization\",\"name\":\"Grupo Azvi\",\"alternateName\":\"Grupo Azvi\",\"url\":\"https:\/\/grupoazvinews.com\/en\/\",\"logo\":{\"@type\":\"ImageObject\",\"inLanguage\":\"en-US\",\"@id\":\"https:\/\/grupoazvinews.com\/en\/#\/schema\/logo\/image\/\",\"url\":\"https:\/\/grupoazvinews.com\/wp-content\/uploads\/2024\/04\/GrupoAzvi-2018-transp-1.png\",\"contentUrl\":\"https:\/\/grupoazvinews.com\/wp-content\/uploads\/2024\/04\/GrupoAzvi-2018-transp-1.png\",\"width\":1722,\"height\":486,\"caption\":\"Grupo Azvi\"},\"image\":{\"@id\":\"https:\/\/grupoazvinews.com\/en\/#\/schema\/logo\/image\/\"}},{\"@type\":\"Person\",\"@id\":\"https:\/\/grupoazvinews.com\/en\/#\/schema\/person\/3b45f37e62250372c4b65ea8ee1d6b32\",\"name\":\"elena crespo\",\"image\":{\"@type\":\"ImageObject\",\"inLanguage\":\"en-US\",\"@id\":\"https:\/\/grupoazvinews.com\/en\/#\/schema\/person\/image\/\",\"url\":\"https:\/\/secure.gravatar.com\/avatar\/d8e04743de0db7ebf6755a44e3a3a4c0a263ad48b70ba3b7a584a0fb98d51a2d?s=96&d=mm&r=g\",\"contentUrl\":\"https:\/\/secure.gravatar.com\/avatar\/d8e04743de0db7ebf6755a44e3a3a4c0a263ad48b70ba3b7a584a0fb98d51a2d?s=96&d=mm&r=g\",\"caption\":\"elena crespo\"},\"url\":\"https:\/\/grupoazvinews.com\/en\/author\/elena\/\"}]}<\/script>\n<!-- \/ Yoast SEO plugin. -->","yoast_head_json":{"title":"Participation in the II Aranzadi Congress on Corporate and Commercial Law","description":"Our Chief Legal Officer, Borja Rodr\u00edguez, participated in II Aranzadi Congress on In-House and Business Law, held this week in Madrid.","robots":{"index":"index","follow":"follow","max-snippet":"max-snippet:-1","max-image-preview":"max-image-preview:large","max-video-preview":"max-video-preview:-1"},"canonical":"https:\/\/grupoazvinews.com\/en\/participation-in-the-ii-aranzadi-congress-on-corporate-and-commercial-law\/","og_locale":"en_US","og_type":"article","og_title":"Participation in the II Aranzadi Congress on Corporate and Commercial Law","og_description":"Our Chief Legal Officer, Borja Rodr\u00edguez, participated in II Aranzadi Congress on In-House and Business Law, held this week in Madrid.","og_url":"https:\/\/grupoazvinews.com\/en\/participation-in-the-ii-aranzadi-congress-on-corporate-and-commercial-law\/","og_site_name":"NOTICIAS Grupo Azvi","article_published_time":"2024-11-22T12:30:38+00:00","article_modified_time":"2024-11-25T12:07:31+00:00","og_image":[{"width":1539,"height":1026,"url":"https:\/\/grupoazvinews.com\/wp-content\/uploads\/2024\/11\/Borja-3.jpg","type":"image\/jpeg"}],"author":"elena crespo","twitter_card":"summary_large_image","twitter_misc":{"Written by":"elena crespo","Est. reading time":"2 minutes"},"schema":{"@context":"https:\/\/schema.org","@graph":[{"@type":"Article","@id":"https:\/\/grupoazvinews.com\/en\/participation-in-the-ii-aranzadi-congress-on-corporate-and-commercial-law\/#article","isPartOf":{"@id":"https:\/\/grupoazvinews.com\/en\/participation-in-the-ii-aranzadi-congress-on-corporate-and-commercial-law\/"},"author":{"name":"elena crespo","@id":"https:\/\/grupoazvinews.com\/en\/#\/schema\/person\/3b45f37e62250372c4b65ea8ee1d6b32"},"headline":"Participation in the II Aranzadi Congress on Corporate and Commercial Law","datePublished":"2024-11-22T12:30:38+00:00","dateModified":"2024-11-25T12:07:31+00:00","mainEntityOfPage":{"@id":"https:\/\/grupoazvinews.com\/en\/participation-in-the-ii-aranzadi-congress-on-corporate-and-commercial-law\/"},"wordCount":225,"publisher":{"@id":"https:\/\/grupoazvinews.com\/en\/#organization"},"image":{"@id":"https:\/\/grupoazvinews.com\/en\/participation-in-the-ii-aranzadi-congress-on-corporate-and-commercial-law\/#primaryimage"},"thumbnailUrl":"https:\/\/grupoazvinews.com\/wp-content\/uploads\/2024\/11\/Borja-3.jpg","keywords":["Grupo Azvi"],"articleSection":["Sustainability"],"inLanguage":"en-US"},{"@type":"WebPage","@id":"https:\/\/grupoazvinews.com\/en\/participation-in-the-ii-aranzadi-congress-on-corporate-and-commercial-law\/","url":"https:\/\/grupoazvinews.com\/en\/participation-in-the-ii-aranzadi-congress-on-corporate-and-commercial-law\/","name":"Participation in the II Aranzadi Congress on Corporate and Commercial Law","isPartOf":{"@id":"https:\/\/grupoazvinews.com\/en\/#website"},"primaryImageOfPage":{"@id":"https:\/\/grupoazvinews.com\/en\/participation-in-the-ii-aranzadi-congress-on-corporate-and-commercial-law\/#primaryimage"},"image":{"@id":"https:\/\/grupoazvinews.com\/en\/participation-in-the-ii-aranzadi-congress-on-corporate-and-commercial-law\/#primaryimage"},"thumbnailUrl":"https:\/\/grupoazvinews.com\/wp-content\/uploads\/2024\/11\/Borja-3.jpg","datePublished":"2024-11-22T12:30:38+00:00","dateModified":"2024-11-25T12:07:31+00:00","description":"Our Chief Legal Officer, Borja Rodr\u00edguez, participated in II Aranzadi Congress on In-House and Business Law, held this week in Madrid.","breadcrumb":{"@id":"https:\/\/grupoazvinews.com\/en\/participation-in-the-ii-aranzadi-congress-on-corporate-and-commercial-law\/#breadcrumb"},"inLanguage":"en-US","potentialAction":[{"@type":"ReadAction","target":["https:\/\/grupoazvinews.com\/en\/participation-in-the-ii-aranzadi-congress-on-corporate-and-commercial-law\/"]}]},{"@type":"ImageObject","inLanguage":"en-US","@id":"https:\/\/grupoazvinews.com\/en\/participation-in-the-ii-aranzadi-congress-on-corporate-and-commercial-law\/#primaryimage","url":"https:\/\/grupoazvinews.com\/wp-content\/uploads\/2024\/11\/Borja-3.jpg","contentUrl":"https:\/\/grupoazvinews.com\/wp-content\/uploads\/2024\/11\/Borja-3.jpg","width":1539,"height":1026},{"@type":"BreadcrumbList","@id":"https:\/\/grupoazvinews.com\/en\/participation-in-the-ii-aranzadi-congress-on-corporate-and-commercial-law\/#breadcrumb","itemListElement":[{"@type":"ListItem","position":1,"name":"Portada","item":"https:\/\/grupoazvinews.com\/en\/"},{"@type":"ListItem","position":2,"name":"Participation in the II Aranzadi Congress on Corporate and Commercial Law"}]},{"@type":"WebSite","@id":"https:\/\/grupoazvinews.com\/en\/#website","url":"https:\/\/grupoazvinews.com\/en\/","name":"Grupo Azvi News","description":"Grupo Azvi es una empresa centenaria cuyos or\u00edgenes e historia han estado estrechamente vinculados al desarrollo de las infraestructuras de nuestro pa\u00eds. Hoy, se ha convertido en la empresa l\u00edder de un grupo internacional, innovador, diversificado y sostenible.","publisher":{"@id":"https:\/\/grupoazvinews.com\/en\/#organization"},"alternateName":"Blog de noticias del Grupo Azvi","potentialAction":[{"@type":"SearchAction","target":{"@type":"EntryPoint","urlTemplate":"https:\/\/grupoazvinews.com\/en\/?s={search_term_string}"},"query-input":{"@type":"PropertyValueSpecification","valueRequired":true,"valueName":"search_term_string"}}],"inLanguage":"en-US"},{"@type":"Organization","@id":"https:\/\/grupoazvinews.com\/en\/#organization","name":"Grupo Azvi","alternateName":"Grupo Azvi","url":"https:\/\/grupoazvinews.com\/en\/","logo":{"@type":"ImageObject","inLanguage":"en-US","@id":"https:\/\/grupoazvinews.com\/en\/#\/schema\/logo\/image\/","url":"https:\/\/grupoazvinews.com\/wp-content\/uploads\/2024\/04\/GrupoAzvi-2018-transp-1.png","contentUrl":"https:\/\/grupoazvinews.com\/wp-content\/uploads\/2024\/04\/GrupoAzvi-2018-transp-1.png","width":1722,"height":486,"caption":"Grupo Azvi"},"image":{"@id":"https:\/\/grupoazvinews.com\/en\/#\/schema\/logo\/image\/"}},{"@type":"Person","@id":"https:\/\/grupoazvinews.com\/en\/#\/schema\/person\/3b45f37e62250372c4b65ea8ee1d6b32","name":"elena crespo","image":{"@type":"ImageObject","inLanguage":"en-US","@id":"https:\/\/grupoazvinews.com\/en\/#\/schema\/person\/image\/","url":"https:\/\/secure.gravatar.com\/avatar\/d8e04743de0db7ebf6755a44e3a3a4c0a263ad48b70ba3b7a584a0fb98d51a2d?s=96&d=mm&r=g","contentUrl":"https:\/\/secure.gravatar.com\/avatar\/d8e04743de0db7ebf6755a44e3a3a4c0a263ad48b70ba3b7a584a0fb98d51a2d?s=96&d=mm&r=g","caption":"elena crespo"},"url":"https:\/\/grupoazvinews.com\/en\/author\/elena\/"}]}},"_links":{"self":[{"href":"https:\/\/grupoazvinews.com\/en\/wp-json\/wp\/v2\/posts\/17397","targetHints":{"allow":["GET"]}}],"collection":[{"href":"https:\/\/grupoazvinews.com\/en\/wp-json\/wp\/v2\/posts"}],"about":[{"href":"https:\/\/grupoazvinews.com\/en\/wp-json\/wp\/v2\/types\/post"}],"author":[{"embeddable":true,"href":"https:\/\/grupoazvinews.com\/en\/wp-json\/wp\/v2\/users\/2"}],"replies":[{"embeddable":true,"href":"https:\/\/grupoazvinews.com\/en\/wp-json\/wp\/v2\/comments?post=17397"}],"version-history":[{"count":2,"href":"https:\/\/grupoazvinews.com\/en\/wp-json\/wp\/v2\/posts\/17397\/revisions"}],"predecessor-version":[{"id":17398,"href":"https:\/\/grupoazvinews.com\/en\/wp-json\/wp\/v2\/posts\/17397\/revisions\/17398"}],"wp:featuredmedia":[{"embeddable":true,"href":"https:\/\/grupoazvinews.com\/en\/wp-json\/wp\/v2\/media\/17392"}],"wp:attachment":[{"href":"https:\/\/grupoazvinews.com\/en\/wp-json\/wp\/v2\/media?parent=17397"}],"wp:term":[{"taxonomy":"category","embeddable":true,"href":"https:\/\/grupoazvinews.com\/en\/wp-json\/wp\/v2\/categories?post=17397"},{"taxonomy":"post_tag","embeddable":true,"href":"https:\/\/grupoazvinews.com\/en\/wp-json\/wp\/v2\/tags?post=17397"}],"curies":[{"name":"wp","href":"https:\/\/api.w.org\/{rel}","templated":true}]}}