{"id":17496,"date":"2024-12-03T14:11:21","date_gmt":"2024-12-03T13:11:21","guid":{"rendered":"https:\/\/grupoazvinews.com\/participamos-en-la-presentacion-de-la-estrategia-logistica-de-castilla-y-leon\/"},"modified":"2025-01-08T10:50:32","modified_gmt":"2025-01-08T09:50:32","slug":"azvi-participates-in-the-presentation-of-castilla-y-leons-logistics-strategy","status":"publish","type":"post","link":"https:\/\/grupoazvinews.com\/en\/azvi-participates-in-the-presentation-of-castilla-y-leons-logistics-strategy\/","title":{"rendered":"Azvi Participates in the presentation of Castilla y Le\u00f3n\u2019s Logistics Strategy"},"content":{"rendered":"<p>[vc_row][vc_column][vc_column_text]<\/p>\n<p data-text-type=\"noSpacing\">We recently attended the presentation of the <strong>Logistics Strategy for Castilla y Le\u00f3n 2030.<\/strong>\u00a0The event, which was chaired by the President of the Regional Government of Castilla y Le\u00f3n, <strong>Alfonso Fern\u00e1ndez Ma\u00f1ueco,<\/strong>\u00a0outlined the region\u2019s strategy to position itself as a key logistics hub for both Spain and Europe.<\/p>\n<p>Our colleague <strong>David D\u00edaz,<\/strong> Managing Director of <a href=\"https:\/\/traccionrail.com\/\"><strong>Traccion Rail,<\/strong> <\/a>spoke at the round table &#8220;<strong>Intermodality<\/strong> as a Key to the Future of Transport and Logistics&#8221;, addressing the fundamental role of <strong>rail transport<\/strong> in the integration and sustainability of logistics chains.<\/p>\n<p>In his speech, D\u00edaz highlighted Castilla y Leon\u2019s potential due to the investments made in railway infrastructure and its strategic location, fostering synergies.<\/p>\n<p>The round table was also attended by prominent representatives from the sector including Juan Castellet San Miguel (National Land Transport Council and CETM Multimodal), C\u00e9sar D\u00edaz Maza (Santander Port Authority), Eduardo Feio (Aveiro Port Authority), Pablo Hoya (Zaldesa S.A.U.) and Juan Carlos Mart\u00edn De Pedro (Burgos Transport Centre).<\/p>\n<p>We continue to support an <strong>intermodal infrastructure<\/strong> that connects regions and markets efficiently.<\/p>\n<p class=\"noSpacingAbove noSpacingBelow\" data-text-type=\"noSpacing\"><span class=\"fontSizeMedium\" style=\"font-size: 12px;\">Photos: Azvi &amp; Junta de Castilla y Le\u00f3n.<\/span><\/p>\n<p>[\/vc_column_text]<div class=\"lqd-img-gal\">\n\n\t<div class=\"lqd-img-gal-imgs\">\n\n\t\t<div class=\"carousel-container carousel-nav-floated carousel-nav-center carousel-nav-middle carousel-nav-lg carousel-nav-solid carousel-nav-circle carousel-nav-appear-onhover carousel-dots-mobile-inside\">\n\t\t\t<div class=\"carousel-items\" data-lqd-flickity='{ \"prevNextButtons\": true, \"navArrow\": \"6\", \"parallax\": true, \"adaptiveHeight\": true }' id=\"lqd-image-gallery-69f4bc8699c80main-carousel\">\n\n\t\t\t\t\t\t\t\t<div class=\"carousel-item col-xs-12 px-0\">\n\t\t\t\t\t<div class=\"carousel-item-inner\">\n\t\t\t\t\t\t<figure>\n\t\t\t\t\t\t\t<img loading=\"lazy\" decoding=\"async\" width=\"3543\" height=\"2362\" src=\"https:\/\/grupoazvinews.com\/wp-content\/uploads\/2024\/12\/2.jpg\" class=\"attachment-full size-full\" alt=\"\" srcset=\"https:\/\/grupoazvinews.com\/wp-content\/uploads\/2024\/12\/2.jpg 3543w, https:\/\/grupoazvinews.com\/wp-content\/uploads\/2024\/12\/2-300x200.jpg 300w, https:\/\/grupoazvinews.com\/wp-content\/uploads\/2024\/12\/2-1024x683.jpg 1024w, https:\/\/grupoazvinews.com\/wp-content\/uploads\/2024\/12\/2-750x500.jpg 750w, https:\/\/grupoazvinews.com\/wp-content\/uploads\/2024\/12\/2-1140x760.jpg 1140w\" sizes=\"auto, (max-width: 3543px) 100vw, 3543px\" \/>\t\t\t\t\t\t<\/figure>\n\t\t\t\t\t<\/div>\n\t\t\t\t<\/div>\n\t\t\t\t\t\t\t\t<div class=\"carousel-item col-xs-12 px-0\">\n\t\t\t\t\t<div class=\"carousel-item-inner\">\n\t\t\t\t\t\t<figure>\n\t\t\t\t\t\t\t<img loading=\"lazy\" decoding=\"async\" width=\"1731\" height=\"1006\" src=\"https:\/\/grupoazvinews.com\/wp-content\/uploads\/2024\/12\/3.jpg\" class=\"attachment-full size-full\" alt=\"\" srcset=\"https:\/\/grupoazvinews.com\/wp-content\/uploads\/2024\/12\/3.jpg 1731w, https:\/\/grupoazvinews.com\/wp-content\/uploads\/2024\/12\/3-300x174.jpg 300w, https:\/\/grupoazvinews.com\/wp-content\/uploads\/2024\/12\/3-1024x595.jpg 1024w, https:\/\/grupoazvinews.com\/wp-content\/uploads\/2024\/12\/3-750x436.jpg 750w, https:\/\/grupoazvinews.com\/wp-content\/uploads\/2024\/12\/3-1140x663.jpg 1140w\" sizes=\"auto, (max-width: 1731px) 100vw, 1731px\" \/>\t\t\t\t\t\t<\/figure>\n\t\t\t\t\t<\/div>\n\t\t\t\t<\/div>\n\t\t\t\t\n\t\t\t<\/div><!-- \/.carousel-items -->\n\t\t<\/div><!-- \/.carousel-container -->\n\n\t<\/div><!-- \/.lqd-img-gal-imgs -->\n\n\t<div class=\"lqd-img-gal-thumbs\">\n\n\t\t<div class=\"carousel-container\">\n\t\t\t<div class=\"carousel-items\" data-lqd-flickity='{ \"contain\": false, \"pageDots\": false, \"asNavFor\": \"#lqd-image-gallery-69f4bc8699c80main-carousel\" }'>\n\n\t\t\t\t\t\t\t\t<div class=\"carousel-item col-xs-4 col-sm-3 col-md-2\">\n\t\t\t\t\t<div class=\"carousel-item-inner\">\n\t\t\t\t\t\t<figure>\n\t\t\t\t\t\t\t<img loading=\"lazy\" decoding=\"async\" width=\"105\" height=\"70\" src=\"https:\/\/grupoazvinews.com\/wp-content\/uploads\/2024\/12\/2.jpg\" class=\"attachment-160x70 size-160x70\" alt=\"\" srcset=\"https:\/\/grupoazvinews.com\/wp-content\/uploads\/2024\/12\/2.jpg 3543w, https:\/\/grupoazvinews.com\/wp-content\/uploads\/2024\/12\/2-300x200.jpg 300w, https:\/\/grupoazvinews.com\/wp-content\/uploads\/2024\/12\/2-1024x683.jpg 1024w, https:\/\/grupoazvinews.com\/wp-content\/uploads\/2024\/12\/2-750x500.jpg 750w, https:\/\/grupoazvinews.com\/wp-content\/uploads\/2024\/12\/2-1140x760.jpg 1140w\" sizes=\"auto, (max-width: 105px) 100vw, 105px\" \/>\t\t\t\t\t\t<\/figure>\n\t\t\t\t\t<\/div>\n\t\t\t\t<\/div>\n\t\t\t\t\t\t\t\t<div class=\"carousel-item col-xs-4 col-sm-3 col-md-2\">\n\t\t\t\t\t<div class=\"carousel-item-inner\">\n\t\t\t\t\t\t<figure>\n\t\t\t\t\t\t\t<img loading=\"lazy\" decoding=\"async\" width=\"120\" height=\"70\" src=\"https:\/\/grupoazvinews.com\/wp-content\/uploads\/2024\/12\/3.jpg\" class=\"attachment-160x70 size-160x70\" alt=\"\" srcset=\"https:\/\/grupoazvinews.com\/wp-content\/uploads\/2024\/12\/3.jpg 1731w, https:\/\/grupoazvinews.com\/wp-content\/uploads\/2024\/12\/3-300x174.jpg 300w, https:\/\/grupoazvinews.com\/wp-content\/uploads\/2024\/12\/3-1024x595.jpg 1024w, https:\/\/grupoazvinews.com\/wp-content\/uploads\/2024\/12\/3-750x436.jpg 750w, https:\/\/grupoazvinews.com\/wp-content\/uploads\/2024\/12\/3-1140x663.jpg 1140w\" sizes=\"auto, (max-width: 120px) 100vw, 120px\" \/>\t\t\t\t\t\t<\/figure>\n\t\t\t\t\t<\/div>\n\t\t\t\t<\/div>\n\t\t\t\t\n\t\t\t<\/div><!-- \/.carousel-items -->\n\t\t<\/div><!-- \/.carousel-container -->\n\n\t<\/div><!-- \/.lqd-img-gal-thumbs -->\n\n<\/div><!-- \/.lqd-img-gal -->[\/vc_column][\/vc_row]<\/p>\n","protected":false},"excerpt":{"rendered":"<p>[vc_row][vc_column][vc_column_text] We recently attended the presentation of the Logistics Strategy for Castilla y Le\u00f3n 2030.\u00a0The event, which was chaired by the President of the Regional Government of Castilla y Le\u00f3n, Alfonso Fern\u00e1ndez Ma\u00f1ueco,\u00a0outlined the region\u2019s strategy to position itself as a key logistics hub for both Spain and Europe. Our colleague David D\u00edaz, Managing Director [&hellip;]<\/p>\n","protected":false},"author":2,"featured_media":17495,"comment_status":"closed","ping_status":"closed","sticky":false,"template":"","format":"standard","meta":{"footnotes":""},"categories":[1125],"tags":[1132,1133],"class_list":["post-17496","post","type-post","status-publish","format-standard","has-post-thumbnail","hentry","category-sustainability","tag-traccion-rail-en","tag-rail-transport"],"yoast_head":"<!-- This site is optimized with the Yoast SEO plugin v27.0 - https:\/\/yoast.com\/product\/yoast-seo-wordpress\/ -->\n<title>Participamos en la presentaci\u00f3n de la Estrategia Log\u00edstica de Castilla y Le\u00f3n<\/title>\n<meta name=\"description\" content=\"Participamos en la presentaci\u00f3n de la Estrategia Log\u00edstica de Castilla y Le\u00f3n, destacando el papel del transporte ferroviario.\" \/>\n<meta name=\"robots\" content=\"index, follow, max-snippet:-1, max-image-preview:large, max-video-preview:-1\" \/>\n<link rel=\"canonical\" href=\"https:\/\/grupoazvinews.com\/en\/azvi-participates-in-the-presentation-of-castilla-y-leons-logistics-strategy\/\" \/>\n<meta property=\"og:locale\" content=\"en_US\" \/>\n<meta property=\"og:type\" content=\"article\" \/>\n<meta property=\"og:title\" content=\"Participamos en la presentaci\u00f3n de la Estrategia Log\u00edstica de Castilla y Le\u00f3n\" \/>\n<meta property=\"og:description\" content=\"Participamos en la presentaci\u00f3n de la Estrategia Log\u00edstica de Castilla y Le\u00f3n, destacando el papel del transporte ferroviario.\" \/>\n<meta property=\"og:url\" content=\"https:\/\/grupoazvinews.com\/en\/azvi-participates-in-the-presentation-of-castilla-y-leons-logistics-strategy\/\" \/>\n<meta property=\"og:site_name\" content=\"NOTICIAS Grupo Azvi\" \/>\n<meta property=\"article:published_time\" content=\"2024-12-03T13:11:21+00:00\" \/>\n<meta property=\"article:modified_time\" content=\"2025-01-08T09:50:32+00:00\" \/>\n<meta property=\"og:image\" content=\"https:\/\/grupoazvinews.com\/wp-content\/uploads\/2024\/12\/Foto-SP.jpg\" \/>\n\t<meta property=\"og:image:width\" content=\"750\" \/>\n\t<meta property=\"og:image:height\" content=\"500\" \/>\n\t<meta property=\"og:image:type\" content=\"image\/jpeg\" \/>\n<meta name=\"author\" content=\"elena crespo\" \/>\n<meta name=\"twitter:card\" content=\"summary_large_image\" \/>\n<meta name=\"twitter:label1\" content=\"Written by\" \/>\n\t<meta name=\"twitter:data1\" content=\"elena crespo\" \/>\n\t<meta name=\"twitter:label2\" content=\"Est. reading time\" \/>\n\t<meta name=\"twitter:data2\" content=\"2 minutes\" \/>\n<script type=\"application\/ld+json\" class=\"yoast-schema-graph\">{\"@context\":\"https:\/\/schema.org\",\"@graph\":[{\"@type\":\"Article\",\"@id\":\"https:\/\/grupoazvinews.com\/en\/azvi-participates-in-the-presentation-of-castilla-y-leons-logistics-strategy\/#article\",\"isPartOf\":{\"@id\":\"https:\/\/grupoazvinews.com\/en\/azvi-participates-in-the-presentation-of-castilla-y-leons-logistics-strategy\/\"},\"author\":{\"name\":\"elena crespo\",\"@id\":\"https:\/\/grupoazvinews.com\/en\/#\/schema\/person\/3b45f37e62250372c4b65ea8ee1d6b32\"},\"headline\":\"Azvi Participates in the presentation of Castilla y Le\u00f3n\u2019s Logistics Strategy\",\"datePublished\":\"2024-12-03T13:11:21+00:00\",\"dateModified\":\"2025-01-08T09:50:32+00:00\",\"mainEntityOfPage\":{\"@id\":\"https:\/\/grupoazvinews.com\/en\/azvi-participates-in-the-presentation-of-castilla-y-leons-logistics-strategy\/\"},\"wordCount\":225,\"publisher\":{\"@id\":\"https:\/\/grupoazvinews.com\/en\/#organization\"},\"image\":{\"@id\":\"https:\/\/grupoazvinews.com\/en\/azvi-participates-in-the-presentation-of-castilla-y-leons-logistics-strategy\/#primaryimage\"},\"thumbnailUrl\":\"https:\/\/grupoazvinews.com\/wp-content\/uploads\/2024\/12\/Foto-SP.jpg\",\"keywords\":[\"Traccion Rail\",\"Rail transport\"],\"articleSection\":[\"Sustainability\"],\"inLanguage\":\"en-US\"},{\"@type\":\"WebPage\",\"@id\":\"https:\/\/grupoazvinews.com\/en\/azvi-participates-in-the-presentation-of-castilla-y-leons-logistics-strategy\/\",\"url\":\"https:\/\/grupoazvinews.com\/en\/azvi-participates-in-the-presentation-of-castilla-y-leons-logistics-strategy\/\",\"name\":\"Participamos en la presentaci\u00f3n de la Estrategia Log\u00edstica de Castilla y Le\u00f3n\",\"isPartOf\":{\"@id\":\"https:\/\/grupoazvinews.com\/en\/#website\"},\"primaryImageOfPage\":{\"@id\":\"https:\/\/grupoazvinews.com\/en\/azvi-participates-in-the-presentation-of-castilla-y-leons-logistics-strategy\/#primaryimage\"},\"image\":{\"@id\":\"https:\/\/grupoazvinews.com\/en\/azvi-participates-in-the-presentation-of-castilla-y-leons-logistics-strategy\/#primaryimage\"},\"thumbnailUrl\":\"https:\/\/grupoazvinews.com\/wp-content\/uploads\/2024\/12\/Foto-SP.jpg\",\"datePublished\":\"2024-12-03T13:11:21+00:00\",\"dateModified\":\"2025-01-08T09:50:32+00:00\",\"description\":\"Participamos en la presentaci\u00f3n de la Estrategia Log\u00edstica de Castilla y Le\u00f3n, destacando el papel del transporte ferroviario.\",\"breadcrumb\":{\"@id\":\"https:\/\/grupoazvinews.com\/en\/azvi-participates-in-the-presentation-of-castilla-y-leons-logistics-strategy\/#breadcrumb\"},\"inLanguage\":\"en-US\",\"potentialAction\":[{\"@type\":\"ReadAction\",\"target\":[\"https:\/\/grupoazvinews.com\/en\/azvi-participates-in-the-presentation-of-castilla-y-leons-logistics-strategy\/\"]}]},{\"@type\":\"ImageObject\",\"inLanguage\":\"en-US\",\"@id\":\"https:\/\/grupoazvinews.com\/en\/azvi-participates-in-the-presentation-of-castilla-y-leons-logistics-strategy\/#primaryimage\",\"url\":\"https:\/\/grupoazvinews.com\/wp-content\/uploads\/2024\/12\/Foto-SP.jpg\",\"contentUrl\":\"https:\/\/grupoazvinews.com\/wp-content\/uploads\/2024\/12\/Foto-SP.jpg\",\"width\":750,\"height\":500,\"caption\":\"Presentaci\u00f3n estrategia log\u00edstica Castilla y Le\u00f3n\"},{\"@type\":\"BreadcrumbList\",\"@id\":\"https:\/\/grupoazvinews.com\/en\/azvi-participates-in-the-presentation-of-castilla-y-leons-logistics-strategy\/#breadcrumb\",\"itemListElement\":[{\"@type\":\"ListItem\",\"position\":1,\"name\":\"Portada\",\"item\":\"https:\/\/grupoazvinews.com\/en\/\"},{\"@type\":\"ListItem\",\"position\":2,\"name\":\"Azvi Participates in the presentation of Castilla y Le\u00f3n\u2019s Logistics Strategy\"}]},{\"@type\":\"WebSite\",\"@id\":\"https:\/\/grupoazvinews.com\/en\/#website\",\"url\":\"https:\/\/grupoazvinews.com\/en\/\",\"name\":\"Grupo Azvi News\",\"description\":\"Grupo Azvi es una empresa centenaria cuyos or\u00edgenes e historia han estado estrechamente vinculados al desarrollo de las infraestructuras de nuestro pa\u00eds. Hoy, se ha convertido en la empresa l\u00edder de un grupo internacional, innovador, diversificado y sostenible.\",\"publisher\":{\"@id\":\"https:\/\/grupoazvinews.com\/en\/#organization\"},\"alternateName\":\"Blog de noticias del Grupo Azvi\",\"potentialAction\":[{\"@type\":\"SearchAction\",\"target\":{\"@type\":\"EntryPoint\",\"urlTemplate\":\"https:\/\/grupoazvinews.com\/en\/?s={search_term_string}\"},\"query-input\":{\"@type\":\"PropertyValueSpecification\",\"valueRequired\":true,\"valueName\":\"search_term_string\"}}],\"inLanguage\":\"en-US\"},{\"@type\":\"Organization\",\"@id\":\"https:\/\/grupoazvinews.com\/en\/#organization\",\"name\":\"Grupo Azvi\",\"alternateName\":\"Grupo Azvi\",\"url\":\"https:\/\/grupoazvinews.com\/en\/\",\"logo\":{\"@type\":\"ImageObject\",\"inLanguage\":\"en-US\",\"@id\":\"https:\/\/grupoazvinews.com\/en\/#\/schema\/logo\/image\/\",\"url\":\"https:\/\/grupoazvinews.com\/wp-content\/uploads\/2024\/04\/GrupoAzvi-2018-transp-1.png\",\"contentUrl\":\"https:\/\/grupoazvinews.com\/wp-content\/uploads\/2024\/04\/GrupoAzvi-2018-transp-1.png\",\"width\":1722,\"height\":486,\"caption\":\"Grupo Azvi\"},\"image\":{\"@id\":\"https:\/\/grupoazvinews.com\/en\/#\/schema\/logo\/image\/\"}},{\"@type\":\"Person\",\"@id\":\"https:\/\/grupoazvinews.com\/en\/#\/schema\/person\/3b45f37e62250372c4b65ea8ee1d6b32\",\"name\":\"elena crespo\",\"image\":{\"@type\":\"ImageObject\",\"inLanguage\":\"en-US\",\"@id\":\"https:\/\/grupoazvinews.com\/en\/#\/schema\/person\/image\/\",\"url\":\"https:\/\/secure.gravatar.com\/avatar\/d8e04743de0db7ebf6755a44e3a3a4c0a263ad48b70ba3b7a584a0fb98d51a2d?s=96&d=mm&r=g\",\"contentUrl\":\"https:\/\/secure.gravatar.com\/avatar\/d8e04743de0db7ebf6755a44e3a3a4c0a263ad48b70ba3b7a584a0fb98d51a2d?s=96&d=mm&r=g\",\"caption\":\"elena crespo\"},\"url\":\"https:\/\/grupoazvinews.com\/en\/author\/elena\/\"}]}<\/script>\n<!-- \/ Yoast SEO plugin. -->","yoast_head_json":{"title":"Participamos en la presentaci\u00f3n de la Estrategia Log\u00edstica de Castilla y Le\u00f3n","description":"Participamos en la presentaci\u00f3n de la Estrategia Log\u00edstica de Castilla y Le\u00f3n, destacando el papel del transporte ferroviario.","robots":{"index":"index","follow":"follow","max-snippet":"max-snippet:-1","max-image-preview":"max-image-preview:large","max-video-preview":"max-video-preview:-1"},"canonical":"https:\/\/grupoazvinews.com\/en\/azvi-participates-in-the-presentation-of-castilla-y-leons-logistics-strategy\/","og_locale":"en_US","og_type":"article","og_title":"Participamos en la presentaci\u00f3n de la Estrategia Log\u00edstica de Castilla y Le\u00f3n","og_description":"Participamos en la presentaci\u00f3n de la Estrategia Log\u00edstica de Castilla y Le\u00f3n, destacando el papel del transporte ferroviario.","og_url":"https:\/\/grupoazvinews.com\/en\/azvi-participates-in-the-presentation-of-castilla-y-leons-logistics-strategy\/","og_site_name":"NOTICIAS Grupo Azvi","article_published_time":"2024-12-03T13:11:21+00:00","article_modified_time":"2025-01-08T09:50:32+00:00","og_image":[{"width":750,"height":500,"url":"https:\/\/grupoazvinews.com\/wp-content\/uploads\/2024\/12\/Foto-SP.jpg","type":"image\/jpeg"}],"author":"elena crespo","twitter_card":"summary_large_image","twitter_misc":{"Written by":"elena crespo","Est. reading time":"2 minutes"},"schema":{"@context":"https:\/\/schema.org","@graph":[{"@type":"Article","@id":"https:\/\/grupoazvinews.com\/en\/azvi-participates-in-the-presentation-of-castilla-y-leons-logistics-strategy\/#article","isPartOf":{"@id":"https:\/\/grupoazvinews.com\/en\/azvi-participates-in-the-presentation-of-castilla-y-leons-logistics-strategy\/"},"author":{"name":"elena crespo","@id":"https:\/\/grupoazvinews.com\/en\/#\/schema\/person\/3b45f37e62250372c4b65ea8ee1d6b32"},"headline":"Azvi Participates in the presentation of Castilla y Le\u00f3n\u2019s Logistics Strategy","datePublished":"2024-12-03T13:11:21+00:00","dateModified":"2025-01-08T09:50:32+00:00","mainEntityOfPage":{"@id":"https:\/\/grupoazvinews.com\/en\/azvi-participates-in-the-presentation-of-castilla-y-leons-logistics-strategy\/"},"wordCount":225,"publisher":{"@id":"https:\/\/grupoazvinews.com\/en\/#organization"},"image":{"@id":"https:\/\/grupoazvinews.com\/en\/azvi-participates-in-the-presentation-of-castilla-y-leons-logistics-strategy\/#primaryimage"},"thumbnailUrl":"https:\/\/grupoazvinews.com\/wp-content\/uploads\/2024\/12\/Foto-SP.jpg","keywords":["Traccion Rail","Rail transport"],"articleSection":["Sustainability"],"inLanguage":"en-US"},{"@type":"WebPage","@id":"https:\/\/grupoazvinews.com\/en\/azvi-participates-in-the-presentation-of-castilla-y-leons-logistics-strategy\/","url":"https:\/\/grupoazvinews.com\/en\/azvi-participates-in-the-presentation-of-castilla-y-leons-logistics-strategy\/","name":"Participamos en la presentaci\u00f3n de la Estrategia Log\u00edstica de Castilla y Le\u00f3n","isPartOf":{"@id":"https:\/\/grupoazvinews.com\/en\/#website"},"primaryImageOfPage":{"@id":"https:\/\/grupoazvinews.com\/en\/azvi-participates-in-the-presentation-of-castilla-y-leons-logistics-strategy\/#primaryimage"},"image":{"@id":"https:\/\/grupoazvinews.com\/en\/azvi-participates-in-the-presentation-of-castilla-y-leons-logistics-strategy\/#primaryimage"},"thumbnailUrl":"https:\/\/grupoazvinews.com\/wp-content\/uploads\/2024\/12\/Foto-SP.jpg","datePublished":"2024-12-03T13:11:21+00:00","dateModified":"2025-01-08T09:50:32+00:00","description":"Participamos en la presentaci\u00f3n de la Estrategia Log\u00edstica de Castilla y Le\u00f3n, destacando el papel del transporte ferroviario.","breadcrumb":{"@id":"https:\/\/grupoazvinews.com\/en\/azvi-participates-in-the-presentation-of-castilla-y-leons-logistics-strategy\/#breadcrumb"},"inLanguage":"en-US","potentialAction":[{"@type":"ReadAction","target":["https:\/\/grupoazvinews.com\/en\/azvi-participates-in-the-presentation-of-castilla-y-leons-logistics-strategy\/"]}]},{"@type":"ImageObject","inLanguage":"en-US","@id":"https:\/\/grupoazvinews.com\/en\/azvi-participates-in-the-presentation-of-castilla-y-leons-logistics-strategy\/#primaryimage","url":"https:\/\/grupoazvinews.com\/wp-content\/uploads\/2024\/12\/Foto-SP.jpg","contentUrl":"https:\/\/grupoazvinews.com\/wp-content\/uploads\/2024\/12\/Foto-SP.jpg","width":750,"height":500,"caption":"Presentaci\u00f3n estrategia log\u00edstica Castilla y Le\u00f3n"},{"@type":"BreadcrumbList","@id":"https:\/\/grupoazvinews.com\/en\/azvi-participates-in-the-presentation-of-castilla-y-leons-logistics-strategy\/#breadcrumb","itemListElement":[{"@type":"ListItem","position":1,"name":"Portada","item":"https:\/\/grupoazvinews.com\/en\/"},{"@type":"ListItem","position":2,"name":"Azvi Participates in the presentation of Castilla y Le\u00f3n\u2019s Logistics Strategy"}]},{"@type":"WebSite","@id":"https:\/\/grupoazvinews.com\/en\/#website","url":"https:\/\/grupoazvinews.com\/en\/","name":"Grupo Azvi News","description":"Grupo Azvi es una empresa centenaria cuyos or\u00edgenes e historia han estado estrechamente vinculados al desarrollo de las infraestructuras de nuestro pa\u00eds. Hoy, se ha convertido en la empresa l\u00edder de un grupo internacional, innovador, diversificado y sostenible.","publisher":{"@id":"https:\/\/grupoazvinews.com\/en\/#organization"},"alternateName":"Blog de noticias del Grupo Azvi","potentialAction":[{"@type":"SearchAction","target":{"@type":"EntryPoint","urlTemplate":"https:\/\/grupoazvinews.com\/en\/?s={search_term_string}"},"query-input":{"@type":"PropertyValueSpecification","valueRequired":true,"valueName":"search_term_string"}}],"inLanguage":"en-US"},{"@type":"Organization","@id":"https:\/\/grupoazvinews.com\/en\/#organization","name":"Grupo Azvi","alternateName":"Grupo Azvi","url":"https:\/\/grupoazvinews.com\/en\/","logo":{"@type":"ImageObject","inLanguage":"en-US","@id":"https:\/\/grupoazvinews.com\/en\/#\/schema\/logo\/image\/","url":"https:\/\/grupoazvinews.com\/wp-content\/uploads\/2024\/04\/GrupoAzvi-2018-transp-1.png","contentUrl":"https:\/\/grupoazvinews.com\/wp-content\/uploads\/2024\/04\/GrupoAzvi-2018-transp-1.png","width":1722,"height":486,"caption":"Grupo Azvi"},"image":{"@id":"https:\/\/grupoazvinews.com\/en\/#\/schema\/logo\/image\/"}},{"@type":"Person","@id":"https:\/\/grupoazvinews.com\/en\/#\/schema\/person\/3b45f37e62250372c4b65ea8ee1d6b32","name":"elena crespo","image":{"@type":"ImageObject","inLanguage":"en-US","@id":"https:\/\/grupoazvinews.com\/en\/#\/schema\/person\/image\/","url":"https:\/\/secure.gravatar.com\/avatar\/d8e04743de0db7ebf6755a44e3a3a4c0a263ad48b70ba3b7a584a0fb98d51a2d?s=96&d=mm&r=g","contentUrl":"https:\/\/secure.gravatar.com\/avatar\/d8e04743de0db7ebf6755a44e3a3a4c0a263ad48b70ba3b7a584a0fb98d51a2d?s=96&d=mm&r=g","caption":"elena crespo"},"url":"https:\/\/grupoazvinews.com\/en\/author\/elena\/"}]}},"_links":{"self":[{"href":"https:\/\/grupoazvinews.com\/en\/wp-json\/wp\/v2\/posts\/17496","targetHints":{"allow":["GET"]}}],"collection":[{"href":"https:\/\/grupoazvinews.com\/en\/wp-json\/wp\/v2\/posts"}],"about":[{"href":"https:\/\/grupoazvinews.com\/en\/wp-json\/wp\/v2\/types\/post"}],"author":[{"embeddable":true,"href":"https:\/\/grupoazvinews.com\/en\/wp-json\/wp\/v2\/users\/2"}],"replies":[{"embeddable":true,"href":"https:\/\/grupoazvinews.com\/en\/wp-json\/wp\/v2\/comments?post=17496"}],"version-history":[{"count":3,"href":"https:\/\/grupoazvinews.com\/en\/wp-json\/wp\/v2\/posts\/17496\/revisions"}],"predecessor-version":[{"id":17620,"href":"https:\/\/grupoazvinews.com\/en\/wp-json\/wp\/v2\/posts\/17496\/revisions\/17620"}],"wp:featuredmedia":[{"embeddable":true,"href":"https:\/\/grupoazvinews.com\/en\/wp-json\/wp\/v2\/media\/17495"}],"wp:attachment":[{"href":"https:\/\/grupoazvinews.com\/en\/wp-json\/wp\/v2\/media?parent=17496"}],"wp:term":[{"taxonomy":"category","embeddable":true,"href":"https:\/\/grupoazvinews.com\/en\/wp-json\/wp\/v2\/categories?post=17496"},{"taxonomy":"post_tag","embeddable":true,"href":"https:\/\/grupoazvinews.com\/en\/wp-json\/wp\/v2\/tags?post=17496"}],"curies":[{"name":"wp","href":"https:\/\/api.w.org\/{rel}","templated":true}]}}