{"id":18561,"date":"2025-07-09T11:53:56","date_gmt":"2025-07-09T10:53:56","guid":{"rendered":"https:\/\/grupoazvinews.com\/azsuma-refuerza-su-compromiso-con-la-gestion-sostenible-de-residuos-en-canarias\/"},"modified":"2025-07-10T09:00:04","modified_gmt":"2025-07-10T08:00:04","slug":"azsuma-strengthens-its-commitment-to-sustainable-waste-management-in-the-canary-islands","status":"publish","type":"post","link":"https:\/\/grupoazvinews.com\/en\/azsuma-strengthens-its-commitment-to-sustainable-waste-management-in-the-canary-islands\/","title":{"rendered":"Azsuma Strengthens Its Commitment to Sustainable Waste Management in the Canary Islands"},"content":{"rendered":"<p>[vc_row][vc_column][vc_column_text]<span data-contrast=\"auto\">As part of its mission to create more sustainable, cleaner, and more liveable urban environments, <\/span><b><span data-contrast=\"auto\">Azsuma<\/span><\/b><span data-contrast=\"auto\"> has reinforced the urban solid waste collection service in the <\/span><i><span data-contrast=\"auto\">Mancomunidad del Sureste<\/span><\/i><span data-contrast=\"auto\"> of Gran Canaria, covering the municipalities of <\/span><b><span data-contrast=\"auto\">Santa Luc\u00eda de Tirajana<\/span><\/b><span data-contrast=\"auto\">, <\/span><b><span data-contrast=\"auto\">Ag\u00fcimes<\/span><\/b><span data-contrast=\"auto\">, and <\/span><b><span data-contrast=\"auto\">Villa de Ingenio<\/span><\/b><span data-contrast=\"auto\">.<\/span><span data-ccp-props=\"{&quot;134233117&quot;:false,&quot;134233118&quot;:false,&quot;201341983&quot;:0,&quot;335551550&quot;:0,&quot;335551620&quot;:0,&quot;335559738&quot;:240,&quot;335559739&quot;:240,&quot;335559740&quot;:278}\">\u00a0<\/span><\/p>\n<p><span data-contrast=\"auto\">To achieve this:<\/span><span data-ccp-props=\"{&quot;134233117&quot;:false,&quot;134233118&quot;:false,&quot;201341983&quot;:0,&quot;335551550&quot;:0,&quot;335551620&quot;:0,&quot;335559738&quot;:240,&quot;335559739&quot;:240,&quot;335559740&quot;:278}\">\u00a0<\/span><\/p>\n<ul>\n<li><span data-contrast=\"auto\"><b>61 next-generation vehicles<\/b><\/span><span data-contrast=\"auto\"> have been added to the fleet, 53 of which will be operated by Azsuma\u2014forming the most modern and advanced fleet in all of Gran Canaria.<\/span><\/li>\n<li>A <b><span data-contrast=\"auto\">mobile clean point<\/span><\/b><span data-contrast=\"auto\"> has been introduced to facilitate the collection of special waste.<\/span><\/li>\n<li><span data-contrast=\"auto\"><b>New solutions<\/b><\/span><span data-contrast=\"auto\"> have been implemented to prevent illegal dumping.<\/span><\/li>\n<li><span data-contrast=\"auto\">The <\/span><b><span data-contrast=\"auto\">organic waste collection<\/span><\/b><span data-contrast=\"auto\"> in the three municipalities is carried out using <\/span><b><span data-contrast=\"auto\">eight vehicles<\/span><\/b><span data-contrast=\"auto\">, in collaboration with the company <\/span><i><span data-contrast=\"auto\">Ayaga\u00fcres<\/span><\/i><span data-contrast=\"auto\">.<\/span><\/li>\n<li><b><span data-contrast=\"auto\">Awareness campaigns<\/span><\/b><span data-contrast=\"auto\"> have been launched to promote sustainable habits.<\/span><span data-ccp-props=\"{&quot;134233117&quot;:false,&quot;134233118&quot;:false,&quot;201341983&quot;:0,&quot;335551550&quot;:0,&quot;335551620&quot;:0,&quot;335559738&quot;:240,&quot;335559739&quot;:240,&quot;335559740&quot;:278}\">\u00a0<\/span><\/li>\n<\/ul>\n<p><span data-contrast=\"auto\">The Mancomunidad will invest over \u00a0<\/span><b><span data-contrast=\"auto\">\u20ac105 million in the initiative over a 10 year<\/span><\/b><span data-contrast=\"auto\"> period.<\/span><span data-ccp-props=\"{&quot;134233117&quot;:false,&quot;134233118&quot;:false,&quot;201341983&quot;:0,&quot;335551550&quot;:0,&quot;335551620&quot;:0,&quot;335559738&quot;:240,&quot;335559739&quot;:240,&quot;335559740&quot;:278}\">\u00a0<\/span><\/p>\n<p><span data-contrast=\"auto\">The new service was officially presented last weekend at an event attended by the Mayor of Santa Luc\u00eda de Tirajana and President of the <\/span><i><span data-contrast=\"auto\">Mancomunidad<\/span><\/i><span data-contrast=\"auto\">, <\/span><b><span data-contrast=\"auto\">Francisco Garc\u00eda<\/span><\/b><span data-contrast=\"auto\">; the Mayor of Ingenio, <\/span><b><span data-contrast=\"auto\">Vanessa Mart\u00edn<\/span><\/b><span data-contrast=\"auto\">; and the Mayor of Ag\u00fcimes, <\/span><b><span data-contrast=\"auto\">\u00d3scar Hern\u00e1ndez<\/span><\/b><span data-contrast=\"auto\">. They were joined by <\/span><b><span data-contrast=\"auto\">Pablo Velasco<\/span><\/b><span data-contrast=\"auto\">, General Manager of Azsuma; <\/span><b><span data-contrast=\"auto\">Javier Cabello Llerena<\/span><\/b><span data-contrast=\"auto\">, Director of Operations at Azsuma; <\/span><b><span data-contrast=\"auto\">Juan Carlos Cabello<\/span><\/b><span data-contrast=\"auto\">, Director of Operations at Cointer (Grupo Azvi\u2019s concessions company); <\/span><b><span data-contrast=\"auto\">Rafael Garc\u00eda<\/span><\/b><span data-contrast=\"auto\">, Contract Manager; <\/span><b><span data-contrast=\"auto\">Antonio D\u00edaz Est\u00e9vez<\/span><\/b><span data-contrast=\"auto\">, General Manager of Ayaga\u00fcres Medioambiente; <\/span><b><span data-contrast=\"auto\">Miguel \u00c1ngel S\u00e1nchez Ramos<\/span><\/b><span data-contrast=\"auto\">, Head of Urban Services; and <\/span><b><span data-contrast=\"auto\">Iv\u00e1n Navarro Santo<\/span><\/b><span data-contrast=\"auto\">, Head of Service.<\/span><span data-ccp-props=\"{&quot;134233117&quot;:false,&quot;134233118&quot;:false,&quot;201341983&quot;:0,&quot;335551550&quot;:0,&quot;335551620&quot;:0,&quot;335559738&quot;:240,&quot;335559739&quot;:240,&quot;335559740&quot;:278}\">\u00a0<\/span><\/p>\n<p><span data-contrast=\"auto\">At <\/span><b><span data-contrast=\"auto\">Azsuma and Grupo Azvi<\/span><\/b><span data-contrast=\"auto\">, we remain committed to building a greener, more efficient, and more sustainable future.<\/span><span data-ccp-props=\"{&quot;134233117&quot;:false,&quot;134233118&quot;:false,&quot;201341983&quot;:0,&quot;335551550&quot;:0,&quot;335551620&quot;:0,&quot;335559738&quot;:240,&quot;335559739&quot;:240,&quot;335559740&quot;:278}\">\u00a0<\/span> <span data-ccp-props=\"{&quot;134233117&quot;:false,&quot;134233118&quot;:false,&quot;335551550&quot;:0,&quot;335551620&quot;:0,&quot;335557856&quot;:16777215,&quot;335559738&quot;:0,&quot;335559739&quot;:160}\">\u00a0<\/span>[\/vc_column_text]<div class=\"lqd-img-gal\">\n\n\t<div class=\"lqd-img-gal-imgs\">\n\n\t\t<div class=\"carousel-container carousel-nav-floated carousel-nav-center carousel-nav-middle carousel-nav-lg carousel-nav-solid carousel-nav-circle carousel-nav-appear-onhover carousel-dots-mobile-inside\">\n\t\t\t<div class=\"carousel-items\" data-lqd-flickity='{ \"prevNextButtons\": true, \"navArrow\": \"6\", \"parallax\": true, \"adaptiveHeight\": true }' id=\"lqd-image-gallery-69f21c3ad86c9main-carousel\">\n\n\t\t\t\t\t\t\t\t<div class=\"carousel-item col-xs-12 px-0\">\n\t\t\t\t\t<div class=\"carousel-item-inner\">\n\t\t\t\t\t\t<figure>\n\t\t\t\t\t\t\t<img loading=\"lazy\" decoding=\"async\" width=\"3344\" height=\"2192\" src=\"https:\/\/grupoazvinews.com\/wp-content\/uploads\/2025\/07\/Azsuma.jpg\" class=\"attachment-full size-full\" alt=\"\" srcset=\"https:\/\/grupoazvinews.com\/wp-content\/uploads\/2025\/07\/Azsuma.jpg 3344w, https:\/\/grupoazvinews.com\/wp-content\/uploads\/2025\/07\/Azsuma-300x197.jpg 300w, https:\/\/grupoazvinews.com\/wp-content\/uploads\/2025\/07\/Azsuma-1024x671.jpg 1024w, https:\/\/grupoazvinews.com\/wp-content\/uploads\/2025\/07\/Azsuma-750x492.jpg 750w, https:\/\/grupoazvinews.com\/wp-content\/uploads\/2025\/07\/Azsuma-1140x747.jpg 1140w\" sizes=\"auto, (max-width: 3344px) 100vw, 3344px\" \/>\t\t\t\t\t\t<\/figure>\n\t\t\t\t\t<\/div>\n\t\t\t\t<\/div>\n\t\t\t\t\t\t\t\t<div class=\"carousel-item col-xs-12 px-0\">\n\t\t\t\t\t<div class=\"carousel-item-inner\">\n\t\t\t\t\t\t<figure>\n\t\t\t\t\t\t\t<img loading=\"lazy\" decoding=\"async\" width=\"4000\" height=\"3000\" src=\"https:\/\/grupoazvinews.com\/wp-content\/uploads\/2025\/07\/DJI_0033.jpg\" class=\"attachment-full size-full\" alt=\"\" srcset=\"https:\/\/grupoazvinews.com\/wp-content\/uploads\/2025\/07\/DJI_0033.jpg 4000w, https:\/\/grupoazvinews.com\/wp-content\/uploads\/2025\/07\/DJI_0033-300x225.jpg 300w, https:\/\/grupoazvinews.com\/wp-content\/uploads\/2025\/07\/DJI_0033-1024x768.jpg 1024w, https:\/\/grupoazvinews.com\/wp-content\/uploads\/2025\/07\/DJI_0033-750x563.jpg 750w, https:\/\/grupoazvinews.com\/wp-content\/uploads\/2025\/07\/DJI_0033-1140x855.jpg 1140w\" sizes=\"auto, (max-width: 4000px) 100vw, 4000px\" \/>\t\t\t\t\t\t<\/figure>\n\t\t\t\t\t<\/div>\n\t\t\t\t<\/div>\n\t\t\t\t\n\t\t\t<\/div><!-- \/.carousel-items -->\n\t\t<\/div><!-- \/.carousel-container -->\n\n\t<\/div><!-- \/.lqd-img-gal-imgs -->\n\n\t<div class=\"lqd-img-gal-thumbs\">\n\n\t\t<div class=\"carousel-container\">\n\t\t\t<div class=\"carousel-items\" data-lqd-flickity='{ \"contain\": false, \"pageDots\": false, \"asNavFor\": \"#lqd-image-gallery-69f21c3ad86c9main-carousel\" }'>\n\n\t\t\t\t\t\t\t\t<div class=\"carousel-item col-xs-4 col-sm-3 col-md-2\">\n\t\t\t\t\t<div class=\"carousel-item-inner\">\n\t\t\t\t\t\t<figure>\n\t\t\t\t\t\t\t<img loading=\"lazy\" decoding=\"async\" width=\"107\" height=\"70\" src=\"https:\/\/grupoazvinews.com\/wp-content\/uploads\/2025\/07\/Azsuma.jpg\" class=\"attachment-160x70 size-160x70\" alt=\"\" srcset=\"https:\/\/grupoazvinews.com\/wp-content\/uploads\/2025\/07\/Azsuma.jpg 3344w, https:\/\/grupoazvinews.com\/wp-content\/uploads\/2025\/07\/Azsuma-300x197.jpg 300w, https:\/\/grupoazvinews.com\/wp-content\/uploads\/2025\/07\/Azsuma-1024x671.jpg 1024w, https:\/\/grupoazvinews.com\/wp-content\/uploads\/2025\/07\/Azsuma-750x492.jpg 750w, https:\/\/grupoazvinews.com\/wp-content\/uploads\/2025\/07\/Azsuma-1140x747.jpg 1140w\" sizes=\"auto, (max-width: 107px) 100vw, 107px\" \/>\t\t\t\t\t\t<\/figure>\n\t\t\t\t\t<\/div>\n\t\t\t\t<\/div>\n\t\t\t\t\t\t\t\t<div class=\"carousel-item col-xs-4 col-sm-3 col-md-2\">\n\t\t\t\t\t<div class=\"carousel-item-inner\">\n\t\t\t\t\t\t<figure>\n\t\t\t\t\t\t\t<img loading=\"lazy\" decoding=\"async\" width=\"93\" height=\"70\" src=\"https:\/\/grupoazvinews.com\/wp-content\/uploads\/2025\/07\/DJI_0033.jpg\" class=\"attachment-160x70 size-160x70\" alt=\"\" srcset=\"https:\/\/grupoazvinews.com\/wp-content\/uploads\/2025\/07\/DJI_0033.jpg 4000w, https:\/\/grupoazvinews.com\/wp-content\/uploads\/2025\/07\/DJI_0033-300x225.jpg 300w, https:\/\/grupoazvinews.com\/wp-content\/uploads\/2025\/07\/DJI_0033-1024x768.jpg 1024w, https:\/\/grupoazvinews.com\/wp-content\/uploads\/2025\/07\/DJI_0033-750x563.jpg 750w, https:\/\/grupoazvinews.com\/wp-content\/uploads\/2025\/07\/DJI_0033-1140x855.jpg 1140w\" sizes=\"auto, (max-width: 93px) 100vw, 93px\" \/>\t\t\t\t\t\t<\/figure>\n\t\t\t\t\t<\/div>\n\t\t\t\t<\/div>\n\t\t\t\t\n\t\t\t<\/div><!-- \/.carousel-items -->\n\t\t<\/div><!-- \/.carousel-container -->\n\n\t<\/div><!-- \/.lqd-img-gal-thumbs -->\n\n<\/div><!-- \/.lqd-img-gal -->[\/vc_column][\/vc_row]<\/p>\n","protected":false},"excerpt":{"rendered":"<p>[vc_row][vc_column][vc_column_text]As part of its mission to create more sustainable, cleaner, and more liveable urban environments, Azsuma has reinforced the urban solid waste collection service in the Mancomunidad del Sureste of Gran Canaria, covering the municipalities of Santa Luc\u00eda de Tirajana, Ag\u00fcimes, and Villa de Ingenio.\u00a0 To achieve this:\u00a0 61 next-generation vehicles have been added to [&hellip;]<\/p>\n","protected":false},"author":2,"featured_media":18553,"comment_status":"closed","ping_status":"closed","sticky":false,"template":"","format":"standard","meta":{"footnotes":""},"categories":[1147],"tags":[1150],"class_list":["post-18561","post","type-post","status-publish","format-standard","has-post-thumbnail","hentry","category-services","tag-azsuma-en"],"yoast_head":"<!-- This site is optimized with the Yoast SEO plugin v27.0 - https:\/\/yoast.com\/product\/yoast-seo-wordpress\/ -->\n<title>Azsuma&#039;s Commitment to MSW in the Canary Islands<\/title>\n<meta name=\"description\" content=\"Azsuma strengthens its commitment to sustainable waste management in the Canary Islands as part of its mission to create more sustainable, cleaner, and more liveable urban environments\" \/>\n<meta name=\"robots\" content=\"index, follow, max-snippet:-1, max-image-preview:large, max-video-preview:-1\" \/>\n<link rel=\"canonical\" href=\"https:\/\/grupoazvinews.com\/en\/azsuma-strengthens-its-commitment-to-sustainable-waste-management-in-the-canary-islands\/\" \/>\n<meta property=\"og:locale\" content=\"en_US\" \/>\n<meta property=\"og:type\" content=\"article\" \/>\n<meta property=\"og:title\" content=\"Azsuma&#039;s Commitment to MSW in the Canary Islands\" \/>\n<meta property=\"og:description\" content=\"Azsuma strengthens its commitment to sustainable waste management in the Canary Islands as part of its mission to create more sustainable, cleaner, and more liveable urban environments\" \/>\n<meta property=\"og:url\" content=\"https:\/\/grupoazvinews.com\/en\/azsuma-strengthens-its-commitment-to-sustainable-waste-management-in-the-canary-islands\/\" \/>\n<meta property=\"og:site_name\" content=\"NOTICIAS Grupo Azvi\" \/>\n<meta property=\"article:published_time\" content=\"2025-07-09T10:53:56+00:00\" \/>\n<meta property=\"article:modified_time\" content=\"2025-07-10T08:00:04+00:00\" \/>\n<meta property=\"og:image\" content=\"https:\/\/grupoazvinews.com\/wp-content\/uploads\/2025\/07\/DJI_0033-1024x768.jpg\" \/>\n\t<meta property=\"og:image:width\" content=\"1024\" \/>\n\t<meta property=\"og:image:height\" content=\"768\" \/>\n\t<meta property=\"og:image:type\" content=\"image\/jpeg\" \/>\n<meta name=\"author\" content=\"elena crespo\" \/>\n<meta name=\"twitter:card\" content=\"summary_large_image\" \/>\n<meta name=\"twitter:label1\" content=\"Written by\" \/>\n\t<meta name=\"twitter:data1\" content=\"elena crespo\" \/>\n\t<meta name=\"twitter:label2\" content=\"Est. reading time\" \/>\n\t<meta name=\"twitter:data2\" content=\"2 minutes\" \/>\n<script type=\"application\/ld+json\" class=\"yoast-schema-graph\">{\"@context\":\"https:\/\/schema.org\",\"@graph\":[{\"@type\":\"Article\",\"@id\":\"https:\/\/grupoazvinews.com\/en\/azsuma-strengthens-its-commitment-to-sustainable-waste-management-in-the-canary-islands\/#article\",\"isPartOf\":{\"@id\":\"https:\/\/grupoazvinews.com\/en\/azsuma-strengthens-its-commitment-to-sustainable-waste-management-in-the-canary-islands\/\"},\"author\":{\"name\":\"elena crespo\",\"@id\":\"https:\/\/grupoazvinews.com\/en\/#\/schema\/person\/3b45f37e62250372c4b65ea8ee1d6b32\"},\"headline\":\"Azsuma Strengthens Its Commitment to Sustainable Waste Management in the Canary Islands\",\"datePublished\":\"2025-07-09T10:53:56+00:00\",\"dateModified\":\"2025-07-10T08:00:04+00:00\",\"mainEntityOfPage\":{\"@id\":\"https:\/\/grupoazvinews.com\/en\/azsuma-strengthens-its-commitment-to-sustainable-waste-management-in-the-canary-islands\/\"},\"wordCount\":299,\"publisher\":{\"@id\":\"https:\/\/grupoazvinews.com\/en\/#organization\"},\"image\":{\"@id\":\"https:\/\/grupoazvinews.com\/en\/azsuma-strengthens-its-commitment-to-sustainable-waste-management-in-the-canary-islands\/#primaryimage\"},\"thumbnailUrl\":\"https:\/\/grupoazvinews.com\/wp-content\/uploads\/2025\/07\/DJI_0033.jpg\",\"keywords\":[\"Azsuma\"],\"articleSection\":[\"Services\"],\"inLanguage\":\"en-US\"},{\"@type\":\"WebPage\",\"@id\":\"https:\/\/grupoazvinews.com\/en\/azsuma-strengthens-its-commitment-to-sustainable-waste-management-in-the-canary-islands\/\",\"url\":\"https:\/\/grupoazvinews.com\/en\/azsuma-strengthens-its-commitment-to-sustainable-waste-management-in-the-canary-islands\/\",\"name\":\"Azsuma's Commitment to MSW in the Canary Islands\",\"isPartOf\":{\"@id\":\"https:\/\/grupoazvinews.com\/en\/#website\"},\"primaryImageOfPage\":{\"@id\":\"https:\/\/grupoazvinews.com\/en\/azsuma-strengthens-its-commitment-to-sustainable-waste-management-in-the-canary-islands\/#primaryimage\"},\"image\":{\"@id\":\"https:\/\/grupoazvinews.com\/en\/azsuma-strengthens-its-commitment-to-sustainable-waste-management-in-the-canary-islands\/#primaryimage\"},\"thumbnailUrl\":\"https:\/\/grupoazvinews.com\/wp-content\/uploads\/2025\/07\/DJI_0033.jpg\",\"datePublished\":\"2025-07-09T10:53:56+00:00\",\"dateModified\":\"2025-07-10T08:00:04+00:00\",\"description\":\"Azsuma strengthens its commitment to sustainable waste management in the Canary Islands as part of its mission to create more sustainable, cleaner, and more liveable urban environments\",\"breadcrumb\":{\"@id\":\"https:\/\/grupoazvinews.com\/en\/azsuma-strengthens-its-commitment-to-sustainable-waste-management-in-the-canary-islands\/#breadcrumb\"},\"inLanguage\":\"en-US\",\"potentialAction\":[{\"@type\":\"ReadAction\",\"target\":[\"https:\/\/grupoazvinews.com\/en\/azsuma-strengthens-its-commitment-to-sustainable-waste-management-in-the-canary-islands\/\"]}]},{\"@type\":\"ImageObject\",\"inLanguage\":\"en-US\",\"@id\":\"https:\/\/grupoazvinews.com\/en\/azsuma-strengthens-its-commitment-to-sustainable-waste-management-in-the-canary-islands\/#primaryimage\",\"url\":\"https:\/\/grupoazvinews.com\/wp-content\/uploads\/2025\/07\/DJI_0033.jpg\",\"contentUrl\":\"https:\/\/grupoazvinews.com\/wp-content\/uploads\/2025\/07\/DJI_0033.jpg\",\"width\":4000,\"height\":3000,\"caption\":\"DCIM100MEDIADJI_0033.JPG\"},{\"@type\":\"BreadcrumbList\",\"@id\":\"https:\/\/grupoazvinews.com\/en\/azsuma-strengthens-its-commitment-to-sustainable-waste-management-in-the-canary-islands\/#breadcrumb\",\"itemListElement\":[{\"@type\":\"ListItem\",\"position\":1,\"name\":\"Portada\",\"item\":\"https:\/\/grupoazvinews.com\/en\/\"},{\"@type\":\"ListItem\",\"position\":2,\"name\":\"Azsuma Strengthens Its Commitment to Sustainable Waste Management in the Canary Islands\"}]},{\"@type\":\"WebSite\",\"@id\":\"https:\/\/grupoazvinews.com\/en\/#website\",\"url\":\"https:\/\/grupoazvinews.com\/en\/\",\"name\":\"Grupo Azvi News\",\"description\":\"Grupo Azvi es una empresa centenaria cuyos or\u00edgenes e historia han estado estrechamente vinculados al desarrollo de las infraestructuras de nuestro pa\u00eds. Hoy, se ha convertido en la empresa l\u00edder de un grupo internacional, innovador, diversificado y sostenible.\",\"publisher\":{\"@id\":\"https:\/\/grupoazvinews.com\/en\/#organization\"},\"alternateName\":\"Blog de noticias del Grupo Azvi\",\"potentialAction\":[{\"@type\":\"SearchAction\",\"target\":{\"@type\":\"EntryPoint\",\"urlTemplate\":\"https:\/\/grupoazvinews.com\/en\/?s={search_term_string}\"},\"query-input\":{\"@type\":\"PropertyValueSpecification\",\"valueRequired\":true,\"valueName\":\"search_term_string\"}}],\"inLanguage\":\"en-US\"},{\"@type\":\"Organization\",\"@id\":\"https:\/\/grupoazvinews.com\/en\/#organization\",\"name\":\"Grupo Azvi\",\"alternateName\":\"Grupo Azvi\",\"url\":\"https:\/\/grupoazvinews.com\/en\/\",\"logo\":{\"@type\":\"ImageObject\",\"inLanguage\":\"en-US\",\"@id\":\"https:\/\/grupoazvinews.com\/en\/#\/schema\/logo\/image\/\",\"url\":\"https:\/\/grupoazvinews.com\/wp-content\/uploads\/2024\/04\/GrupoAzvi-2018-transp-1.png\",\"contentUrl\":\"https:\/\/grupoazvinews.com\/wp-content\/uploads\/2024\/04\/GrupoAzvi-2018-transp-1.png\",\"width\":1722,\"height\":486,\"caption\":\"Grupo Azvi\"},\"image\":{\"@id\":\"https:\/\/grupoazvinews.com\/en\/#\/schema\/logo\/image\/\"}},{\"@type\":\"Person\",\"@id\":\"https:\/\/grupoazvinews.com\/en\/#\/schema\/person\/3b45f37e62250372c4b65ea8ee1d6b32\",\"name\":\"elena crespo\",\"image\":{\"@type\":\"ImageObject\",\"inLanguage\":\"en-US\",\"@id\":\"https:\/\/grupoazvinews.com\/en\/#\/schema\/person\/image\/\",\"url\":\"https:\/\/secure.gravatar.com\/avatar\/d8e04743de0db7ebf6755a44e3a3a4c0a263ad48b70ba3b7a584a0fb98d51a2d?s=96&d=mm&r=g\",\"contentUrl\":\"https:\/\/secure.gravatar.com\/avatar\/d8e04743de0db7ebf6755a44e3a3a4c0a263ad48b70ba3b7a584a0fb98d51a2d?s=96&d=mm&r=g\",\"caption\":\"elena crespo\"},\"url\":\"https:\/\/grupoazvinews.com\/en\/author\/elena\/\"}]}<\/script>\n<!-- \/ Yoast SEO plugin. -->","yoast_head_json":{"title":"Azsuma's Commitment to MSW in the Canary Islands","description":"Azsuma strengthens its commitment to sustainable waste management in the Canary Islands as part of its mission to create more sustainable, cleaner, and more liveable urban environments","robots":{"index":"index","follow":"follow","max-snippet":"max-snippet:-1","max-image-preview":"max-image-preview:large","max-video-preview":"max-video-preview:-1"},"canonical":"https:\/\/grupoazvinews.com\/en\/azsuma-strengthens-its-commitment-to-sustainable-waste-management-in-the-canary-islands\/","og_locale":"en_US","og_type":"article","og_title":"Azsuma's Commitment to MSW in the Canary Islands","og_description":"Azsuma strengthens its commitment to sustainable waste management in the Canary Islands as part of its mission to create more sustainable, cleaner, and more liveable urban environments","og_url":"https:\/\/grupoazvinews.com\/en\/azsuma-strengthens-its-commitment-to-sustainable-waste-management-in-the-canary-islands\/","og_site_name":"NOTICIAS Grupo Azvi","article_published_time":"2025-07-09T10:53:56+00:00","article_modified_time":"2025-07-10T08:00:04+00:00","og_image":[{"width":1024,"height":768,"url":"https:\/\/grupoazvinews.com\/wp-content\/uploads\/2025\/07\/DJI_0033-1024x768.jpg","type":"image\/jpeg"}],"author":"elena crespo","twitter_card":"summary_large_image","twitter_misc":{"Written by":"elena crespo","Est. reading time":"2 minutes"},"schema":{"@context":"https:\/\/schema.org","@graph":[{"@type":"Article","@id":"https:\/\/grupoazvinews.com\/en\/azsuma-strengthens-its-commitment-to-sustainable-waste-management-in-the-canary-islands\/#article","isPartOf":{"@id":"https:\/\/grupoazvinews.com\/en\/azsuma-strengthens-its-commitment-to-sustainable-waste-management-in-the-canary-islands\/"},"author":{"name":"elena crespo","@id":"https:\/\/grupoazvinews.com\/en\/#\/schema\/person\/3b45f37e62250372c4b65ea8ee1d6b32"},"headline":"Azsuma Strengthens Its Commitment to Sustainable Waste Management in the Canary Islands","datePublished":"2025-07-09T10:53:56+00:00","dateModified":"2025-07-10T08:00:04+00:00","mainEntityOfPage":{"@id":"https:\/\/grupoazvinews.com\/en\/azsuma-strengthens-its-commitment-to-sustainable-waste-management-in-the-canary-islands\/"},"wordCount":299,"publisher":{"@id":"https:\/\/grupoazvinews.com\/en\/#organization"},"image":{"@id":"https:\/\/grupoazvinews.com\/en\/azsuma-strengthens-its-commitment-to-sustainable-waste-management-in-the-canary-islands\/#primaryimage"},"thumbnailUrl":"https:\/\/grupoazvinews.com\/wp-content\/uploads\/2025\/07\/DJI_0033.jpg","keywords":["Azsuma"],"articleSection":["Services"],"inLanguage":"en-US"},{"@type":"WebPage","@id":"https:\/\/grupoazvinews.com\/en\/azsuma-strengthens-its-commitment-to-sustainable-waste-management-in-the-canary-islands\/","url":"https:\/\/grupoazvinews.com\/en\/azsuma-strengthens-its-commitment-to-sustainable-waste-management-in-the-canary-islands\/","name":"Azsuma's Commitment to MSW in the Canary Islands","isPartOf":{"@id":"https:\/\/grupoazvinews.com\/en\/#website"},"primaryImageOfPage":{"@id":"https:\/\/grupoazvinews.com\/en\/azsuma-strengthens-its-commitment-to-sustainable-waste-management-in-the-canary-islands\/#primaryimage"},"image":{"@id":"https:\/\/grupoazvinews.com\/en\/azsuma-strengthens-its-commitment-to-sustainable-waste-management-in-the-canary-islands\/#primaryimage"},"thumbnailUrl":"https:\/\/grupoazvinews.com\/wp-content\/uploads\/2025\/07\/DJI_0033.jpg","datePublished":"2025-07-09T10:53:56+00:00","dateModified":"2025-07-10T08:00:04+00:00","description":"Azsuma strengthens its commitment to sustainable waste management in the Canary Islands as part of its mission to create more sustainable, cleaner, and more liveable urban environments","breadcrumb":{"@id":"https:\/\/grupoazvinews.com\/en\/azsuma-strengthens-its-commitment-to-sustainable-waste-management-in-the-canary-islands\/#breadcrumb"},"inLanguage":"en-US","potentialAction":[{"@type":"ReadAction","target":["https:\/\/grupoazvinews.com\/en\/azsuma-strengthens-its-commitment-to-sustainable-waste-management-in-the-canary-islands\/"]}]},{"@type":"ImageObject","inLanguage":"en-US","@id":"https:\/\/grupoazvinews.com\/en\/azsuma-strengthens-its-commitment-to-sustainable-waste-management-in-the-canary-islands\/#primaryimage","url":"https:\/\/grupoazvinews.com\/wp-content\/uploads\/2025\/07\/DJI_0033.jpg","contentUrl":"https:\/\/grupoazvinews.com\/wp-content\/uploads\/2025\/07\/DJI_0033.jpg","width":4000,"height":3000,"caption":"DCIM100MEDIADJI_0033.JPG"},{"@type":"BreadcrumbList","@id":"https:\/\/grupoazvinews.com\/en\/azsuma-strengthens-its-commitment-to-sustainable-waste-management-in-the-canary-islands\/#breadcrumb","itemListElement":[{"@type":"ListItem","position":1,"name":"Portada","item":"https:\/\/grupoazvinews.com\/en\/"},{"@type":"ListItem","position":2,"name":"Azsuma Strengthens Its Commitment to Sustainable Waste Management in the Canary Islands"}]},{"@type":"WebSite","@id":"https:\/\/grupoazvinews.com\/en\/#website","url":"https:\/\/grupoazvinews.com\/en\/","name":"Grupo Azvi News","description":"Grupo Azvi es una empresa centenaria cuyos or\u00edgenes e historia han estado estrechamente vinculados al desarrollo de las infraestructuras de nuestro pa\u00eds. Hoy, se ha convertido en la empresa l\u00edder de un grupo internacional, innovador, diversificado y sostenible.","publisher":{"@id":"https:\/\/grupoazvinews.com\/en\/#organization"},"alternateName":"Blog de noticias del Grupo Azvi","potentialAction":[{"@type":"SearchAction","target":{"@type":"EntryPoint","urlTemplate":"https:\/\/grupoazvinews.com\/en\/?s={search_term_string}"},"query-input":{"@type":"PropertyValueSpecification","valueRequired":true,"valueName":"search_term_string"}}],"inLanguage":"en-US"},{"@type":"Organization","@id":"https:\/\/grupoazvinews.com\/en\/#organization","name":"Grupo Azvi","alternateName":"Grupo Azvi","url":"https:\/\/grupoazvinews.com\/en\/","logo":{"@type":"ImageObject","inLanguage":"en-US","@id":"https:\/\/grupoazvinews.com\/en\/#\/schema\/logo\/image\/","url":"https:\/\/grupoazvinews.com\/wp-content\/uploads\/2024\/04\/GrupoAzvi-2018-transp-1.png","contentUrl":"https:\/\/grupoazvinews.com\/wp-content\/uploads\/2024\/04\/GrupoAzvi-2018-transp-1.png","width":1722,"height":486,"caption":"Grupo Azvi"},"image":{"@id":"https:\/\/grupoazvinews.com\/en\/#\/schema\/logo\/image\/"}},{"@type":"Person","@id":"https:\/\/grupoazvinews.com\/en\/#\/schema\/person\/3b45f37e62250372c4b65ea8ee1d6b32","name":"elena crespo","image":{"@type":"ImageObject","inLanguage":"en-US","@id":"https:\/\/grupoazvinews.com\/en\/#\/schema\/person\/image\/","url":"https:\/\/secure.gravatar.com\/avatar\/d8e04743de0db7ebf6755a44e3a3a4c0a263ad48b70ba3b7a584a0fb98d51a2d?s=96&d=mm&r=g","contentUrl":"https:\/\/secure.gravatar.com\/avatar\/d8e04743de0db7ebf6755a44e3a3a4c0a263ad48b70ba3b7a584a0fb98d51a2d?s=96&d=mm&r=g","caption":"elena crespo"},"url":"https:\/\/grupoazvinews.com\/en\/author\/elena\/"}]}},"_links":{"self":[{"href":"https:\/\/grupoazvinews.com\/en\/wp-json\/wp\/v2\/posts\/18561","targetHints":{"allow":["GET"]}}],"collection":[{"href":"https:\/\/grupoazvinews.com\/en\/wp-json\/wp\/v2\/posts"}],"about":[{"href":"https:\/\/grupoazvinews.com\/en\/wp-json\/wp\/v2\/types\/post"}],"author":[{"embeddable":true,"href":"https:\/\/grupoazvinews.com\/en\/wp-json\/wp\/v2\/users\/2"}],"replies":[{"embeddable":true,"href":"https:\/\/grupoazvinews.com\/en\/wp-json\/wp\/v2\/comments?post=18561"}],"version-history":[{"count":2,"href":"https:\/\/grupoazvinews.com\/en\/wp-json\/wp\/v2\/posts\/18561\/revisions"}],"predecessor-version":[{"id":18563,"href":"https:\/\/grupoazvinews.com\/en\/wp-json\/wp\/v2\/posts\/18561\/revisions\/18563"}],"wp:featuredmedia":[{"embeddable":true,"href":"https:\/\/grupoazvinews.com\/en\/wp-json\/wp\/v2\/media\/18553"}],"wp:attachment":[{"href":"https:\/\/grupoazvinews.com\/en\/wp-json\/wp\/v2\/media?parent=18561"}],"wp:term":[{"taxonomy":"category","embeddable":true,"href":"https:\/\/grupoazvinews.com\/en\/wp-json\/wp\/v2\/categories?post=18561"},{"taxonomy":"post_tag","embeddable":true,"href":"https:\/\/grupoazvinews.com\/en\/wp-json\/wp\/v2\/tags?post=18561"}],"curies":[{"name":"wp","href":"https:\/\/api.w.org\/{rel}","templated":true}]}}