{"id":19244,"date":"2025-10-20T16:07:58","date_gmt":"2025-10-20T15:07:58","guid":{"rendered":"https:\/\/grupoazvinews.com\/grupo-azvi-apoya-el-proyecto-sevilla-2029-para-impulsar-y-liderar-una-nueva-transformacion-de-la-ciudad\/"},"modified":"2025-10-21T10:26:17","modified_gmt":"2025-10-21T09:26:17","slug":"grupo-azvi-joins-the-sevilla-2029-project-to-help-drive-the-citys-future-transformation","status":"publish","type":"post","link":"https:\/\/grupoazvinews.com\/en\/grupo-azvi-joins-the-sevilla-2029-project-to-help-drive-the-citys-future-transformation\/","title":{"rendered":"Grupo Azvi joins the Sevilla 2029 project to help drive the City\u2019s future transformation"},"content":{"rendered":"<p>[vc_row][vc_column][vc_column_text]<span data-contrast=\"auto\">At<strong> Grupo Azvi<\/strong>, we are proud to support Sevilla 2029, an initiative promoted by<strong> ABC de Sevilla<\/strong> and the <strong>Seville City Council<\/strong>, aimed at mobilising society, institutions and the business community towards a new modernisation of the city.\u00a0<\/span><span data-ccp-props=\"{&quot;134233117&quot;:false,&quot;134233118&quot;:false,&quot;201341983&quot;:0,&quot;335559738&quot;:0,&quot;335559739&quot;:160,&quot;335559740&quot;:257}\">\u00a0<\/span><\/p>\n<p><span data-contrast=\"auto\">Coinciding with the centenary of both the 1929 Ibero-American Exhibition and the newspaper ABC de Sevilla, the project has been conceived as a laboratory of ideas for the Seville of the future. Working groups made up of experts from different sectors will explore proposals for building a more modern, sustainable and innovative city which preserves its identity.\u00a0<\/span><span data-ccp-props=\"{&quot;134233117&quot;:false,&quot;134233118&quot;:false,&quot;201341983&quot;:0,&quot;335559738&quot;:0,&quot;335559739&quot;:160,&quot;335559740&quot;:257}\">\u00a0<\/span><\/p>\n<p><span data-contrast=\"auto\">For Grupo Azvi, supporting initiatives that promote business, economic and social development is part of our commitment to cities and their inhabitants. On this occasion, we are proud to contribute to this collective reflection on the future of Seville.<\/span><span data-ccp-props=\"{&quot;134233117&quot;:false,&quot;134233118&quot;:false,&quot;201341983&quot;:0,&quot;335559738&quot;:0,&quot;335559739&quot;:160,&quot;335559740&quot;:257}\">\u00a0<\/span><\/p>\n<p><span style=\"font-size: 12px;\">Photos: ABC de Sevilla<\/span>[\/vc_column_text][\/vc_column][\/vc_row]<\/p>\n","protected":false},"excerpt":{"rendered":"<p>[vc_row][vc_column][vc_column_text]At Grupo Azvi, we are proud to support Sevilla 2029, an initiative promoted by ABC de Sevilla and the Seville City Council, aimed at mobilising society, institutions and the business community towards a new modernisation of the city.\u00a0\u00a0 Coinciding with the centenary of both the 1929 Ibero-American Exhibition and the newspaper ABC de Sevilla, the [&hellip;]<\/p>\n","protected":false},"author":2,"featured_media":19242,"comment_status":"closed","ping_status":"closed","sticky":false,"template":"","format":"standard","meta":{"footnotes":""},"categories":[1125],"tags":[1126],"class_list":["post-19244","post","type-post","status-publish","format-standard","has-post-thumbnail","hentry","category-sustainability","tag-grupo-azvi-en"],"yoast_head":"<!-- This site is optimized with the Yoast SEO plugin v27.0 - https:\/\/yoast.com\/product\/yoast-seo-wordpress\/ -->\n<title>Grupo Azvi joins the Sevilla 2029 project<\/title>\n<meta name=\"description\" content=\"At Grupo Azvi, we are proud to support Sevilla 2029, an initiative promoted by ABC de Sevilla and the Seville City Council.\" \/>\n<meta name=\"robots\" content=\"index, follow, max-snippet:-1, max-image-preview:large, max-video-preview:-1\" \/>\n<link rel=\"canonical\" href=\"https:\/\/grupoazvinews.com\/en\/grupo-azvi-joins-the-sevilla-2029-project-to-help-drive-the-citys-future-transformation\/\" \/>\n<meta property=\"og:locale\" content=\"en_US\" \/>\n<meta property=\"og:type\" content=\"article\" \/>\n<meta property=\"og:title\" content=\"Grupo Azvi joins the Sevilla 2029 project\" \/>\n<meta property=\"og:description\" content=\"At Grupo Azvi, we are proud to support Sevilla 2029, an initiative promoted by ABC de Sevilla and the Seville City Council.\" \/>\n<meta property=\"og:url\" content=\"https:\/\/grupoazvinews.com\/en\/grupo-azvi-joins-the-sevilla-2029-project-to-help-drive-the-citys-future-transformation\/\" \/>\n<meta property=\"og:site_name\" content=\"NOTICIAS Grupo Azvi\" \/>\n<meta property=\"article:published_time\" content=\"2025-10-20T15:07:58+00:00\" \/>\n<meta property=\"article:modified_time\" content=\"2025-10-21T09:26:17+00:00\" \/>\n<meta property=\"og:image\" content=\"https:\/\/grupoazvinews.com\/wp-content\/uploads\/2025\/10\/1501928755-baja2.jpg\" \/>\n\t<meta property=\"og:image:width\" content=\"1322\" \/>\n\t<meta property=\"og:image:height\" content=\"1322\" \/>\n\t<meta property=\"og:image:type\" content=\"image\/jpeg\" \/>\n<meta name=\"author\" content=\"elena crespo\" \/>\n<meta name=\"twitter:card\" content=\"summary_large_image\" \/>\n<meta name=\"twitter:label1\" content=\"Written by\" \/>\n\t<meta name=\"twitter:data1\" content=\"elena crespo\" \/>\n\t<meta name=\"twitter:label2\" content=\"Est. reading time\" \/>\n\t<meta name=\"twitter:data2\" content=\"1 minute\" \/>\n<script type=\"application\/ld+json\" class=\"yoast-schema-graph\">{\"@context\":\"https:\/\/schema.org\",\"@graph\":[{\"@type\":\"Article\",\"@id\":\"https:\/\/grupoazvinews.com\/en\/grupo-azvi-joins-the-sevilla-2029-project-to-help-drive-the-citys-future-transformation\/#article\",\"isPartOf\":{\"@id\":\"https:\/\/grupoazvinews.com\/en\/grupo-azvi-joins-the-sevilla-2029-project-to-help-drive-the-citys-future-transformation\/\"},\"author\":{\"name\":\"elena crespo\",\"@id\":\"https:\/\/grupoazvinews.com\/en\/#\/schema\/person\/3b45f37e62250372c4b65ea8ee1d6b32\"},\"headline\":\"Grupo Azvi joins the Sevilla 2029 project to help drive the City\u2019s future transformation\",\"datePublished\":\"2025-10-20T15:07:58+00:00\",\"dateModified\":\"2025-10-21T09:26:17+00:00\",\"mainEntityOfPage\":{\"@id\":\"https:\/\/grupoazvinews.com\/en\/grupo-azvi-joins-the-sevilla-2029-project-to-help-drive-the-citys-future-transformation\/\"},\"wordCount\":164,\"publisher\":{\"@id\":\"https:\/\/grupoazvinews.com\/en\/#organization\"},\"image\":{\"@id\":\"https:\/\/grupoazvinews.com\/en\/grupo-azvi-joins-the-sevilla-2029-project-to-help-drive-the-citys-future-transformation\/#primaryimage\"},\"thumbnailUrl\":\"https:\/\/grupoazvinews.com\/wp-content\/uploads\/2025\/10\/1501928755-baja2.jpg\",\"keywords\":[\"Grupo Azvi\"],\"articleSection\":[\"Sustainability\"],\"inLanguage\":\"en-US\"},{\"@type\":\"WebPage\",\"@id\":\"https:\/\/grupoazvinews.com\/en\/grupo-azvi-joins-the-sevilla-2029-project-to-help-drive-the-citys-future-transformation\/\",\"url\":\"https:\/\/grupoazvinews.com\/en\/grupo-azvi-joins-the-sevilla-2029-project-to-help-drive-the-citys-future-transformation\/\",\"name\":\"Grupo Azvi joins the Sevilla 2029 project\",\"isPartOf\":{\"@id\":\"https:\/\/grupoazvinews.com\/en\/#website\"},\"primaryImageOfPage\":{\"@id\":\"https:\/\/grupoazvinews.com\/en\/grupo-azvi-joins-the-sevilla-2029-project-to-help-drive-the-citys-future-transformation\/#primaryimage\"},\"image\":{\"@id\":\"https:\/\/grupoazvinews.com\/en\/grupo-azvi-joins-the-sevilla-2029-project-to-help-drive-the-citys-future-transformation\/#primaryimage\"},\"thumbnailUrl\":\"https:\/\/grupoazvinews.com\/wp-content\/uploads\/2025\/10\/1501928755-baja2.jpg\",\"datePublished\":\"2025-10-20T15:07:58+00:00\",\"dateModified\":\"2025-10-21T09:26:17+00:00\",\"description\":\"At Grupo Azvi, we are proud to support Sevilla 2029, an initiative promoted by ABC de Sevilla and the Seville City Council.\",\"breadcrumb\":{\"@id\":\"https:\/\/grupoazvinews.com\/en\/grupo-azvi-joins-the-sevilla-2029-project-to-help-drive-the-citys-future-transformation\/#breadcrumb\"},\"inLanguage\":\"en-US\",\"potentialAction\":[{\"@type\":\"ReadAction\",\"target\":[\"https:\/\/grupoazvinews.com\/en\/grupo-azvi-joins-the-sevilla-2029-project-to-help-drive-the-citys-future-transformation\/\"]}]},{\"@type\":\"ImageObject\",\"inLanguage\":\"en-US\",\"@id\":\"https:\/\/grupoazvinews.com\/en\/grupo-azvi-joins-the-sevilla-2029-project-to-help-drive-the-citys-future-transformation\/#primaryimage\",\"url\":\"https:\/\/grupoazvinews.com\/wp-content\/uploads\/2025\/10\/1501928755-baja2.jpg\",\"contentUrl\":\"https:\/\/grupoazvinews.com\/wp-content\/uploads\/2025\/10\/1501928755-baja2.jpg\",\"width\":1322,\"height\":1322},{\"@type\":\"BreadcrumbList\",\"@id\":\"https:\/\/grupoazvinews.com\/en\/grupo-azvi-joins-the-sevilla-2029-project-to-help-drive-the-citys-future-transformation\/#breadcrumb\",\"itemListElement\":[{\"@type\":\"ListItem\",\"position\":1,\"name\":\"Portada\",\"item\":\"https:\/\/grupoazvinews.com\/en\/\"},{\"@type\":\"ListItem\",\"position\":2,\"name\":\"Grupo Azvi joins the Sevilla 2029 project to help drive the City\u2019s future transformation\"}]},{\"@type\":\"WebSite\",\"@id\":\"https:\/\/grupoazvinews.com\/en\/#website\",\"url\":\"https:\/\/grupoazvinews.com\/en\/\",\"name\":\"Grupo Azvi News\",\"description\":\"Grupo Azvi es una empresa centenaria cuyos or\u00edgenes e historia han estado estrechamente vinculados al desarrollo de las infraestructuras de nuestro pa\u00eds. Hoy, se ha convertido en la empresa l\u00edder de un grupo internacional, innovador, diversificado y sostenible.\",\"publisher\":{\"@id\":\"https:\/\/grupoazvinews.com\/en\/#organization\"},\"alternateName\":\"Blog de noticias del Grupo Azvi\",\"potentialAction\":[{\"@type\":\"SearchAction\",\"target\":{\"@type\":\"EntryPoint\",\"urlTemplate\":\"https:\/\/grupoazvinews.com\/en\/?s={search_term_string}\"},\"query-input\":{\"@type\":\"PropertyValueSpecification\",\"valueRequired\":true,\"valueName\":\"search_term_string\"}}],\"inLanguage\":\"en-US\"},{\"@type\":\"Organization\",\"@id\":\"https:\/\/grupoazvinews.com\/en\/#organization\",\"name\":\"Grupo Azvi\",\"alternateName\":\"Grupo Azvi\",\"url\":\"https:\/\/grupoazvinews.com\/en\/\",\"logo\":{\"@type\":\"ImageObject\",\"inLanguage\":\"en-US\",\"@id\":\"https:\/\/grupoazvinews.com\/en\/#\/schema\/logo\/image\/\",\"url\":\"https:\/\/grupoazvinews.com\/wp-content\/uploads\/2024\/04\/GrupoAzvi-2018-transp-1.png\",\"contentUrl\":\"https:\/\/grupoazvinews.com\/wp-content\/uploads\/2024\/04\/GrupoAzvi-2018-transp-1.png\",\"width\":1722,\"height\":486,\"caption\":\"Grupo Azvi\"},\"image\":{\"@id\":\"https:\/\/grupoazvinews.com\/en\/#\/schema\/logo\/image\/\"}},{\"@type\":\"Person\",\"@id\":\"https:\/\/grupoazvinews.com\/en\/#\/schema\/person\/3b45f37e62250372c4b65ea8ee1d6b32\",\"name\":\"elena crespo\",\"image\":{\"@type\":\"ImageObject\",\"inLanguage\":\"en-US\",\"@id\":\"https:\/\/grupoazvinews.com\/en\/#\/schema\/person\/image\/\",\"url\":\"https:\/\/secure.gravatar.com\/avatar\/d8e04743de0db7ebf6755a44e3a3a4c0a263ad48b70ba3b7a584a0fb98d51a2d?s=96&d=mm&r=g\",\"contentUrl\":\"https:\/\/secure.gravatar.com\/avatar\/d8e04743de0db7ebf6755a44e3a3a4c0a263ad48b70ba3b7a584a0fb98d51a2d?s=96&d=mm&r=g\",\"caption\":\"elena crespo\"},\"url\":\"https:\/\/grupoazvinews.com\/en\/author\/elena\/\"}]}<\/script>\n<!-- \/ Yoast SEO plugin. -->","yoast_head_json":{"title":"Grupo Azvi joins the Sevilla 2029 project","description":"At Grupo Azvi, we are proud to support Sevilla 2029, an initiative promoted by ABC de Sevilla and the Seville City Council.","robots":{"index":"index","follow":"follow","max-snippet":"max-snippet:-1","max-image-preview":"max-image-preview:large","max-video-preview":"max-video-preview:-1"},"canonical":"https:\/\/grupoazvinews.com\/en\/grupo-azvi-joins-the-sevilla-2029-project-to-help-drive-the-citys-future-transformation\/","og_locale":"en_US","og_type":"article","og_title":"Grupo Azvi joins the Sevilla 2029 project","og_description":"At Grupo Azvi, we are proud to support Sevilla 2029, an initiative promoted by ABC de Sevilla and the Seville City Council.","og_url":"https:\/\/grupoazvinews.com\/en\/grupo-azvi-joins-the-sevilla-2029-project-to-help-drive-the-citys-future-transformation\/","og_site_name":"NOTICIAS Grupo Azvi","article_published_time":"2025-10-20T15:07:58+00:00","article_modified_time":"2025-10-21T09:26:17+00:00","og_image":[{"width":1322,"height":1322,"url":"https:\/\/grupoazvinews.com\/wp-content\/uploads\/2025\/10\/1501928755-baja2.jpg","type":"image\/jpeg"}],"author":"elena crespo","twitter_card":"summary_large_image","twitter_misc":{"Written by":"elena crespo","Est. reading time":"1 minute"},"schema":{"@context":"https:\/\/schema.org","@graph":[{"@type":"Article","@id":"https:\/\/grupoazvinews.com\/en\/grupo-azvi-joins-the-sevilla-2029-project-to-help-drive-the-citys-future-transformation\/#article","isPartOf":{"@id":"https:\/\/grupoazvinews.com\/en\/grupo-azvi-joins-the-sevilla-2029-project-to-help-drive-the-citys-future-transformation\/"},"author":{"name":"elena crespo","@id":"https:\/\/grupoazvinews.com\/en\/#\/schema\/person\/3b45f37e62250372c4b65ea8ee1d6b32"},"headline":"Grupo Azvi joins the Sevilla 2029 project to help drive the City\u2019s future transformation","datePublished":"2025-10-20T15:07:58+00:00","dateModified":"2025-10-21T09:26:17+00:00","mainEntityOfPage":{"@id":"https:\/\/grupoazvinews.com\/en\/grupo-azvi-joins-the-sevilla-2029-project-to-help-drive-the-citys-future-transformation\/"},"wordCount":164,"publisher":{"@id":"https:\/\/grupoazvinews.com\/en\/#organization"},"image":{"@id":"https:\/\/grupoazvinews.com\/en\/grupo-azvi-joins-the-sevilla-2029-project-to-help-drive-the-citys-future-transformation\/#primaryimage"},"thumbnailUrl":"https:\/\/grupoazvinews.com\/wp-content\/uploads\/2025\/10\/1501928755-baja2.jpg","keywords":["Grupo Azvi"],"articleSection":["Sustainability"],"inLanguage":"en-US"},{"@type":"WebPage","@id":"https:\/\/grupoazvinews.com\/en\/grupo-azvi-joins-the-sevilla-2029-project-to-help-drive-the-citys-future-transformation\/","url":"https:\/\/grupoazvinews.com\/en\/grupo-azvi-joins-the-sevilla-2029-project-to-help-drive-the-citys-future-transformation\/","name":"Grupo Azvi joins the Sevilla 2029 project","isPartOf":{"@id":"https:\/\/grupoazvinews.com\/en\/#website"},"primaryImageOfPage":{"@id":"https:\/\/grupoazvinews.com\/en\/grupo-azvi-joins-the-sevilla-2029-project-to-help-drive-the-citys-future-transformation\/#primaryimage"},"image":{"@id":"https:\/\/grupoazvinews.com\/en\/grupo-azvi-joins-the-sevilla-2029-project-to-help-drive-the-citys-future-transformation\/#primaryimage"},"thumbnailUrl":"https:\/\/grupoazvinews.com\/wp-content\/uploads\/2025\/10\/1501928755-baja2.jpg","datePublished":"2025-10-20T15:07:58+00:00","dateModified":"2025-10-21T09:26:17+00:00","description":"At Grupo Azvi, we are proud to support Sevilla 2029, an initiative promoted by ABC de Sevilla and the Seville City Council.","breadcrumb":{"@id":"https:\/\/grupoazvinews.com\/en\/grupo-azvi-joins-the-sevilla-2029-project-to-help-drive-the-citys-future-transformation\/#breadcrumb"},"inLanguage":"en-US","potentialAction":[{"@type":"ReadAction","target":["https:\/\/grupoazvinews.com\/en\/grupo-azvi-joins-the-sevilla-2029-project-to-help-drive-the-citys-future-transformation\/"]}]},{"@type":"ImageObject","inLanguage":"en-US","@id":"https:\/\/grupoazvinews.com\/en\/grupo-azvi-joins-the-sevilla-2029-project-to-help-drive-the-citys-future-transformation\/#primaryimage","url":"https:\/\/grupoazvinews.com\/wp-content\/uploads\/2025\/10\/1501928755-baja2.jpg","contentUrl":"https:\/\/grupoazvinews.com\/wp-content\/uploads\/2025\/10\/1501928755-baja2.jpg","width":1322,"height":1322},{"@type":"BreadcrumbList","@id":"https:\/\/grupoazvinews.com\/en\/grupo-azvi-joins-the-sevilla-2029-project-to-help-drive-the-citys-future-transformation\/#breadcrumb","itemListElement":[{"@type":"ListItem","position":1,"name":"Portada","item":"https:\/\/grupoazvinews.com\/en\/"},{"@type":"ListItem","position":2,"name":"Grupo Azvi joins the Sevilla 2029 project to help drive the City\u2019s future transformation"}]},{"@type":"WebSite","@id":"https:\/\/grupoazvinews.com\/en\/#website","url":"https:\/\/grupoazvinews.com\/en\/","name":"Grupo Azvi News","description":"Grupo Azvi es una empresa centenaria cuyos or\u00edgenes e historia han estado estrechamente vinculados al desarrollo de las infraestructuras de nuestro pa\u00eds. Hoy, se ha convertido en la empresa l\u00edder de un grupo internacional, innovador, diversificado y sostenible.","publisher":{"@id":"https:\/\/grupoazvinews.com\/en\/#organization"},"alternateName":"Blog de noticias del Grupo Azvi","potentialAction":[{"@type":"SearchAction","target":{"@type":"EntryPoint","urlTemplate":"https:\/\/grupoazvinews.com\/en\/?s={search_term_string}"},"query-input":{"@type":"PropertyValueSpecification","valueRequired":true,"valueName":"search_term_string"}}],"inLanguage":"en-US"},{"@type":"Organization","@id":"https:\/\/grupoazvinews.com\/en\/#organization","name":"Grupo Azvi","alternateName":"Grupo Azvi","url":"https:\/\/grupoazvinews.com\/en\/","logo":{"@type":"ImageObject","inLanguage":"en-US","@id":"https:\/\/grupoazvinews.com\/en\/#\/schema\/logo\/image\/","url":"https:\/\/grupoazvinews.com\/wp-content\/uploads\/2024\/04\/GrupoAzvi-2018-transp-1.png","contentUrl":"https:\/\/grupoazvinews.com\/wp-content\/uploads\/2024\/04\/GrupoAzvi-2018-transp-1.png","width":1722,"height":486,"caption":"Grupo Azvi"},"image":{"@id":"https:\/\/grupoazvinews.com\/en\/#\/schema\/logo\/image\/"}},{"@type":"Person","@id":"https:\/\/grupoazvinews.com\/en\/#\/schema\/person\/3b45f37e62250372c4b65ea8ee1d6b32","name":"elena crespo","image":{"@type":"ImageObject","inLanguage":"en-US","@id":"https:\/\/grupoazvinews.com\/en\/#\/schema\/person\/image\/","url":"https:\/\/secure.gravatar.com\/avatar\/d8e04743de0db7ebf6755a44e3a3a4c0a263ad48b70ba3b7a584a0fb98d51a2d?s=96&d=mm&r=g","contentUrl":"https:\/\/secure.gravatar.com\/avatar\/d8e04743de0db7ebf6755a44e3a3a4c0a263ad48b70ba3b7a584a0fb98d51a2d?s=96&d=mm&r=g","caption":"elena crespo"},"url":"https:\/\/grupoazvinews.com\/en\/author\/elena\/"}]}},"_links":{"self":[{"href":"https:\/\/grupoazvinews.com\/en\/wp-json\/wp\/v2\/posts\/19244","targetHints":{"allow":["GET"]}}],"collection":[{"href":"https:\/\/grupoazvinews.com\/en\/wp-json\/wp\/v2\/posts"}],"about":[{"href":"https:\/\/grupoazvinews.com\/en\/wp-json\/wp\/v2\/types\/post"}],"author":[{"embeddable":true,"href":"https:\/\/grupoazvinews.com\/en\/wp-json\/wp\/v2\/users\/2"}],"replies":[{"embeddable":true,"href":"https:\/\/grupoazvinews.com\/en\/wp-json\/wp\/v2\/comments?post=19244"}],"version-history":[{"count":2,"href":"https:\/\/grupoazvinews.com\/en\/wp-json\/wp\/v2\/posts\/19244\/revisions"}],"predecessor-version":[{"id":19246,"href":"https:\/\/grupoazvinews.com\/en\/wp-json\/wp\/v2\/posts\/19244\/revisions\/19246"}],"wp:featuredmedia":[{"embeddable":true,"href":"https:\/\/grupoazvinews.com\/en\/wp-json\/wp\/v2\/media\/19242"}],"wp:attachment":[{"href":"https:\/\/grupoazvinews.com\/en\/wp-json\/wp\/v2\/media?parent=19244"}],"wp:term":[{"taxonomy":"category","embeddable":true,"href":"https:\/\/grupoazvinews.com\/en\/wp-json\/wp\/v2\/categories?post=19244"},{"taxonomy":"post_tag","embeddable":true,"href":"https:\/\/grupoazvinews.com\/en\/wp-json\/wp\/v2\/tags?post=19244"}],"curies":[{"name":"wp","href":"https:\/\/api.w.org\/{rel}","templated":true}]}}