{"id":19361,"date":"2025-10-31T13:14:08","date_gmt":"2025-10-31T11:14:08","guid":{"rendered":"https:\/\/grupoazvinews.com\/azvi-reconocida-como-empresa-del-ano-en-los-premios-empresariales-circulo-500\/"},"modified":"2025-10-31T13:24:21","modified_gmt":"2025-10-31T11:24:21","slug":"azvi-named-company-of-the-year-at-the-circulo-500-business-awards","status":"publish","type":"post","link":"https:\/\/grupoazvinews.com\/en\/azvi-named-company-of-the-year-at-the-circulo-500-business-awards\/","title":{"rendered":"Azvi named Company of the Year at the C\u00edrculo 500 Business Awards"},"content":{"rendered":"<p>[vc_row][vc_column][vc_column_text]<span data-contrast=\"auto\"><a href=\"https:\/\/www.mercantilsevilla.com\/\">C\u00edrculo Mercantil e Industrial de Sevilla<\/a> has recognized <strong>Azvi<\/strong> with the <\/span><b><span data-contrast=\"auto\">C\u00edrculo 500 Award for Company of the Year<\/span><\/b><span data-contrast=\"auto\">.<\/span><span data-ccp-props=\"{&quot;134233117&quot;:false,&quot;134233118&quot;:false,&quot;201341983&quot;:0,&quot;335551550&quot;:0,&quot;335551620&quot;:0,&quot;335559738&quot;:240,&quot;335559739&quot;:240,&quot;335559740&quot;:278}\">\u00a0<\/span><\/p>\n<p><span data-contrast=\"auto\">The award was accepted by <\/span><b><span data-contrast=\"auto\">Manuel Contreras Caro<\/span><\/b><span data-contrast=\"auto\">, President of Grupo Azvi, on behalf of the company\u2019s entire workforce.<\/span><span data-ccp-props=\"{&quot;134233117&quot;:false,&quot;134233118&quot;:false,&quot;201341983&quot;:0,&quot;335551550&quot;:0,&quot;335551620&quot;:0,&quot;335559738&quot;:240,&quot;335559739&quot;:240,&quot;335559740&quot;:278}\">\u00a0<\/span><\/p>\n<p><span data-contrast=\"auto\">In a context where excellence, innovation, and commitment to economic and social progress are more necessary than ever, receiving recognition that highlights this work inspires us to keep moving forward.<\/span><span data-ccp-props=\"{&quot;134233117&quot;:false,&quot;134233118&quot;:false,&quot;201341983&quot;:0,&quot;335551550&quot;:0,&quot;335551620&quot;:0,&quot;335559738&quot;:240,&quot;335559739&quot;:240,&quot;335559740&quot;:278}\">\u00a0<\/span><\/p>\n<p><span data-contrast=\"auto\">Together, we build the connections between people and places.<\/span><span data-ccp-props=\"{&quot;134233117&quot;:false,&quot;134233118&quot;:false,&quot;201341983&quot;:0,&quot;335551550&quot;:0,&quot;335551620&quot;:0,&quot;335559738&quot;:240,&quot;335559739&quot;:240,&quot;335559740&quot;:278}\">\u00a0<\/span>[\/vc_column_text][\/vc_column][\/vc_row]<\/p>\n","protected":false},"excerpt":{"rendered":"<p>[vc_row][vc_column][vc_column_text]C\u00edrculo Mercantil e Industrial de Sevilla has recognized Azvi with the C\u00edrculo 500 Award for Company of the Year.\u00a0 The award was accepted by Manuel Contreras Caro, President of Grupo Azvi, on behalf of the company\u2019s entire workforce.\u00a0 In a context where excellence, innovation, and commitment to economic and social progress are more necessary than [&hellip;]<\/p>\n","protected":false},"author":2,"featured_media":19358,"comment_status":"closed","ping_status":"closed","sticky":false,"template":"","format":"standard","meta":{"footnotes":""},"categories":[1125],"tags":[1128],"class_list":["post-19361","post","type-post","status-publish","format-standard","has-post-thumbnail","hentry","category-sustainability","tag-azvi-en"],"yoast_head":"<!-- This site is optimized with the Yoast SEO plugin v27.0 - https:\/\/yoast.com\/product\/yoast-seo-wordpress\/ -->\n<title>Azvi named Company of the Year at the C\u00edrculo 500 Business Awards<\/title>\n<meta name=\"description\" content=\"C\u00edrculo Mercantil e Industrial de Sevilla has recognized Azvi with the C\u00edrculo 500 Award for Company of the Year.\" \/>\n<meta name=\"robots\" content=\"index, follow, max-snippet:-1, max-image-preview:large, max-video-preview:-1\" \/>\n<link rel=\"canonical\" href=\"https:\/\/grupoazvinews.com\/en\/azvi-named-company-of-the-year-at-the-circulo-500-business-awards\/\" \/>\n<meta property=\"og:locale\" content=\"en_US\" \/>\n<meta property=\"og:type\" content=\"article\" \/>\n<meta property=\"og:title\" content=\"Azvi named Company of the Year at the C\u00edrculo 500 Business Awards\" \/>\n<meta property=\"og:description\" content=\"C\u00edrculo Mercantil e Industrial de Sevilla has recognized Azvi with the C\u00edrculo 500 Award for Company of the Year.\" \/>\n<meta property=\"og:url\" content=\"https:\/\/grupoazvinews.com\/en\/azvi-named-company-of-the-year-at-the-circulo-500-business-awards\/\" \/>\n<meta property=\"og:site_name\" content=\"NOTICIAS Grupo Azvi\" \/>\n<meta property=\"article:published_time\" content=\"2025-10-31T11:14:08+00:00\" \/>\n<meta property=\"article:modified_time\" content=\"2025-10-31T11:24:21+00:00\" \/>\n<meta property=\"og:image\" content=\"https:\/\/grupoazvinews.com\/wp-content\/uploads\/2025\/10\/20251030_210333-1024x473.jpg\" \/>\n\t<meta property=\"og:image:width\" content=\"1024\" \/>\n\t<meta property=\"og:image:height\" content=\"473\" \/>\n\t<meta property=\"og:image:type\" content=\"image\/jpeg\" \/>\n<meta name=\"author\" content=\"elena crespo\" \/>\n<meta name=\"twitter:card\" content=\"summary_large_image\" \/>\n<meta name=\"twitter:label1\" content=\"Written by\" \/>\n\t<meta name=\"twitter:data1\" content=\"elena crespo\" \/>\n\t<meta name=\"twitter:label2\" content=\"Est. reading time\" \/>\n\t<meta name=\"twitter:data2\" content=\"1 minute\" \/>\n<script type=\"application\/ld+json\" class=\"yoast-schema-graph\">{\"@context\":\"https:\/\/schema.org\",\"@graph\":[{\"@type\":\"Article\",\"@id\":\"https:\/\/grupoazvinews.com\/en\/azvi-named-company-of-the-year-at-the-circulo-500-business-awards\/#article\",\"isPartOf\":{\"@id\":\"https:\/\/grupoazvinews.com\/en\/azvi-named-company-of-the-year-at-the-circulo-500-business-awards\/\"},\"author\":{\"name\":\"elena crespo\",\"@id\":\"https:\/\/grupoazvinews.com\/en\/#\/schema\/person\/3b45f37e62250372c4b65ea8ee1d6b32\"},\"headline\":\"Azvi named Company of the Year at the C\u00edrculo 500 Business Awards\",\"datePublished\":\"2025-10-31T11:14:08+00:00\",\"dateModified\":\"2025-10-31T11:24:21+00:00\",\"mainEntityOfPage\":{\"@id\":\"https:\/\/grupoazvinews.com\/en\/azvi-named-company-of-the-year-at-the-circulo-500-business-awards\/\"},\"wordCount\":105,\"publisher\":{\"@id\":\"https:\/\/grupoazvinews.com\/en\/#organization\"},\"image\":{\"@id\":\"https:\/\/grupoazvinews.com\/en\/azvi-named-company-of-the-year-at-the-circulo-500-business-awards\/#primaryimage\"},\"thumbnailUrl\":\"https:\/\/grupoazvinews.com\/wp-content\/uploads\/2025\/10\/20251030_210333-e1761905203748.jpg\",\"keywords\":[\"Azvi\"],\"articleSection\":[\"Sustainability\"],\"inLanguage\":\"en-US\"},{\"@type\":\"WebPage\",\"@id\":\"https:\/\/grupoazvinews.com\/en\/azvi-named-company-of-the-year-at-the-circulo-500-business-awards\/\",\"url\":\"https:\/\/grupoazvinews.com\/en\/azvi-named-company-of-the-year-at-the-circulo-500-business-awards\/\",\"name\":\"Azvi named Company of the Year at the C\u00edrculo 500 Business Awards\",\"isPartOf\":{\"@id\":\"https:\/\/grupoazvinews.com\/en\/#website\"},\"primaryImageOfPage\":{\"@id\":\"https:\/\/grupoazvinews.com\/en\/azvi-named-company-of-the-year-at-the-circulo-500-business-awards\/#primaryimage\"},\"image\":{\"@id\":\"https:\/\/grupoazvinews.com\/en\/azvi-named-company-of-the-year-at-the-circulo-500-business-awards\/#primaryimage\"},\"thumbnailUrl\":\"https:\/\/grupoazvinews.com\/wp-content\/uploads\/2025\/10\/20251030_210333-e1761905203748.jpg\",\"datePublished\":\"2025-10-31T11:14:08+00:00\",\"dateModified\":\"2025-10-31T11:24:21+00:00\",\"description\":\"C\u00edrculo Mercantil e Industrial de Sevilla has recognized Azvi with the C\u00edrculo 500 Award for Company of the Year.\",\"breadcrumb\":{\"@id\":\"https:\/\/grupoazvinews.com\/en\/azvi-named-company-of-the-year-at-the-circulo-500-business-awards\/#breadcrumb\"},\"inLanguage\":\"en-US\",\"potentialAction\":[{\"@type\":\"ReadAction\",\"target\":[\"https:\/\/grupoazvinews.com\/en\/azvi-named-company-of-the-year-at-the-circulo-500-business-awards\/\"]}]},{\"@type\":\"ImageObject\",\"inLanguage\":\"en-US\",\"@id\":\"https:\/\/grupoazvinews.com\/en\/azvi-named-company-of-the-year-at-the-circulo-500-business-awards\/#primaryimage\",\"url\":\"https:\/\/grupoazvinews.com\/wp-content\/uploads\/2025\/10\/20251030_210333-e1761905203748.jpg\",\"contentUrl\":\"https:\/\/grupoazvinews.com\/wp-content\/uploads\/2025\/10\/20251030_210333-e1761905203748.jpg\",\"width\":4000,\"height\":1848},{\"@type\":\"BreadcrumbList\",\"@id\":\"https:\/\/grupoazvinews.com\/en\/azvi-named-company-of-the-year-at-the-circulo-500-business-awards\/#breadcrumb\",\"itemListElement\":[{\"@type\":\"ListItem\",\"position\":1,\"name\":\"Portada\",\"item\":\"https:\/\/grupoazvinews.com\/en\/\"},{\"@type\":\"ListItem\",\"position\":2,\"name\":\"Azvi named Company of the Year at the C\u00edrculo 500 Business Awards\"}]},{\"@type\":\"WebSite\",\"@id\":\"https:\/\/grupoazvinews.com\/en\/#website\",\"url\":\"https:\/\/grupoazvinews.com\/en\/\",\"name\":\"Grupo Azvi News\",\"description\":\"Grupo Azvi es una empresa centenaria cuyos or\u00edgenes e historia han estado estrechamente vinculados al desarrollo de las infraestructuras de nuestro pa\u00eds. Hoy, se ha convertido en la empresa l\u00edder de un grupo internacional, innovador, diversificado y sostenible.\",\"publisher\":{\"@id\":\"https:\/\/grupoazvinews.com\/en\/#organization\"},\"alternateName\":\"Blog de noticias del Grupo Azvi\",\"potentialAction\":[{\"@type\":\"SearchAction\",\"target\":{\"@type\":\"EntryPoint\",\"urlTemplate\":\"https:\/\/grupoazvinews.com\/en\/?s={search_term_string}\"},\"query-input\":{\"@type\":\"PropertyValueSpecification\",\"valueRequired\":true,\"valueName\":\"search_term_string\"}}],\"inLanguage\":\"en-US\"},{\"@type\":\"Organization\",\"@id\":\"https:\/\/grupoazvinews.com\/en\/#organization\",\"name\":\"Grupo Azvi\",\"alternateName\":\"Grupo Azvi\",\"url\":\"https:\/\/grupoazvinews.com\/en\/\",\"logo\":{\"@type\":\"ImageObject\",\"inLanguage\":\"en-US\",\"@id\":\"https:\/\/grupoazvinews.com\/en\/#\/schema\/logo\/image\/\",\"url\":\"https:\/\/grupoazvinews.com\/wp-content\/uploads\/2024\/04\/GrupoAzvi-2018-transp-1.png\",\"contentUrl\":\"https:\/\/grupoazvinews.com\/wp-content\/uploads\/2024\/04\/GrupoAzvi-2018-transp-1.png\",\"width\":1722,\"height\":486,\"caption\":\"Grupo Azvi\"},\"image\":{\"@id\":\"https:\/\/grupoazvinews.com\/en\/#\/schema\/logo\/image\/\"}},{\"@type\":\"Person\",\"@id\":\"https:\/\/grupoazvinews.com\/en\/#\/schema\/person\/3b45f37e62250372c4b65ea8ee1d6b32\",\"name\":\"elena crespo\",\"image\":{\"@type\":\"ImageObject\",\"inLanguage\":\"en-US\",\"@id\":\"https:\/\/grupoazvinews.com\/en\/#\/schema\/person\/image\/\",\"url\":\"https:\/\/secure.gravatar.com\/avatar\/d8e04743de0db7ebf6755a44e3a3a4c0a263ad48b70ba3b7a584a0fb98d51a2d?s=96&d=mm&r=g\",\"contentUrl\":\"https:\/\/secure.gravatar.com\/avatar\/d8e04743de0db7ebf6755a44e3a3a4c0a263ad48b70ba3b7a584a0fb98d51a2d?s=96&d=mm&r=g\",\"caption\":\"elena crespo\"},\"url\":\"https:\/\/grupoazvinews.com\/en\/author\/elena\/\"}]}<\/script>\n<!-- \/ Yoast SEO plugin. -->","yoast_head_json":{"title":"Azvi named Company of the Year at the C\u00edrculo 500 Business Awards","description":"C\u00edrculo Mercantil e Industrial de Sevilla has recognized Azvi with the C\u00edrculo 500 Award for Company of the Year.","robots":{"index":"index","follow":"follow","max-snippet":"max-snippet:-1","max-image-preview":"max-image-preview:large","max-video-preview":"max-video-preview:-1"},"canonical":"https:\/\/grupoazvinews.com\/en\/azvi-named-company-of-the-year-at-the-circulo-500-business-awards\/","og_locale":"en_US","og_type":"article","og_title":"Azvi named Company of the Year at the C\u00edrculo 500 Business Awards","og_description":"C\u00edrculo Mercantil e Industrial de Sevilla has recognized Azvi with the C\u00edrculo 500 Award for Company of the Year.","og_url":"https:\/\/grupoazvinews.com\/en\/azvi-named-company-of-the-year-at-the-circulo-500-business-awards\/","og_site_name":"NOTICIAS Grupo Azvi","article_published_time":"2025-10-31T11:14:08+00:00","article_modified_time":"2025-10-31T11:24:21+00:00","og_image":[{"width":1024,"height":473,"url":"https:\/\/grupoazvinews.com\/wp-content\/uploads\/2025\/10\/20251030_210333-1024x473.jpg","type":"image\/jpeg"}],"author":"elena crespo","twitter_card":"summary_large_image","twitter_misc":{"Written by":"elena crespo","Est. reading time":"1 minute"},"schema":{"@context":"https:\/\/schema.org","@graph":[{"@type":"Article","@id":"https:\/\/grupoazvinews.com\/en\/azvi-named-company-of-the-year-at-the-circulo-500-business-awards\/#article","isPartOf":{"@id":"https:\/\/grupoazvinews.com\/en\/azvi-named-company-of-the-year-at-the-circulo-500-business-awards\/"},"author":{"name":"elena crespo","@id":"https:\/\/grupoazvinews.com\/en\/#\/schema\/person\/3b45f37e62250372c4b65ea8ee1d6b32"},"headline":"Azvi named Company of the Year at the C\u00edrculo 500 Business Awards","datePublished":"2025-10-31T11:14:08+00:00","dateModified":"2025-10-31T11:24:21+00:00","mainEntityOfPage":{"@id":"https:\/\/grupoazvinews.com\/en\/azvi-named-company-of-the-year-at-the-circulo-500-business-awards\/"},"wordCount":105,"publisher":{"@id":"https:\/\/grupoazvinews.com\/en\/#organization"},"image":{"@id":"https:\/\/grupoazvinews.com\/en\/azvi-named-company-of-the-year-at-the-circulo-500-business-awards\/#primaryimage"},"thumbnailUrl":"https:\/\/grupoazvinews.com\/wp-content\/uploads\/2025\/10\/20251030_210333-e1761905203748.jpg","keywords":["Azvi"],"articleSection":["Sustainability"],"inLanguage":"en-US"},{"@type":"WebPage","@id":"https:\/\/grupoazvinews.com\/en\/azvi-named-company-of-the-year-at-the-circulo-500-business-awards\/","url":"https:\/\/grupoazvinews.com\/en\/azvi-named-company-of-the-year-at-the-circulo-500-business-awards\/","name":"Azvi named Company of the Year at the C\u00edrculo 500 Business Awards","isPartOf":{"@id":"https:\/\/grupoazvinews.com\/en\/#website"},"primaryImageOfPage":{"@id":"https:\/\/grupoazvinews.com\/en\/azvi-named-company-of-the-year-at-the-circulo-500-business-awards\/#primaryimage"},"image":{"@id":"https:\/\/grupoazvinews.com\/en\/azvi-named-company-of-the-year-at-the-circulo-500-business-awards\/#primaryimage"},"thumbnailUrl":"https:\/\/grupoazvinews.com\/wp-content\/uploads\/2025\/10\/20251030_210333-e1761905203748.jpg","datePublished":"2025-10-31T11:14:08+00:00","dateModified":"2025-10-31T11:24:21+00:00","description":"C\u00edrculo Mercantil e Industrial de Sevilla has recognized Azvi with the C\u00edrculo 500 Award for Company of the Year.","breadcrumb":{"@id":"https:\/\/grupoazvinews.com\/en\/azvi-named-company-of-the-year-at-the-circulo-500-business-awards\/#breadcrumb"},"inLanguage":"en-US","potentialAction":[{"@type":"ReadAction","target":["https:\/\/grupoazvinews.com\/en\/azvi-named-company-of-the-year-at-the-circulo-500-business-awards\/"]}]},{"@type":"ImageObject","inLanguage":"en-US","@id":"https:\/\/grupoazvinews.com\/en\/azvi-named-company-of-the-year-at-the-circulo-500-business-awards\/#primaryimage","url":"https:\/\/grupoazvinews.com\/wp-content\/uploads\/2025\/10\/20251030_210333-e1761905203748.jpg","contentUrl":"https:\/\/grupoazvinews.com\/wp-content\/uploads\/2025\/10\/20251030_210333-e1761905203748.jpg","width":4000,"height":1848},{"@type":"BreadcrumbList","@id":"https:\/\/grupoazvinews.com\/en\/azvi-named-company-of-the-year-at-the-circulo-500-business-awards\/#breadcrumb","itemListElement":[{"@type":"ListItem","position":1,"name":"Portada","item":"https:\/\/grupoazvinews.com\/en\/"},{"@type":"ListItem","position":2,"name":"Azvi named Company of the Year at the C\u00edrculo 500 Business Awards"}]},{"@type":"WebSite","@id":"https:\/\/grupoazvinews.com\/en\/#website","url":"https:\/\/grupoazvinews.com\/en\/","name":"Grupo Azvi News","description":"Grupo Azvi es una empresa centenaria cuyos or\u00edgenes e historia han estado estrechamente vinculados al desarrollo de las infraestructuras de nuestro pa\u00eds. Hoy, se ha convertido en la empresa l\u00edder de un grupo internacional, innovador, diversificado y sostenible.","publisher":{"@id":"https:\/\/grupoazvinews.com\/en\/#organization"},"alternateName":"Blog de noticias del Grupo Azvi","potentialAction":[{"@type":"SearchAction","target":{"@type":"EntryPoint","urlTemplate":"https:\/\/grupoazvinews.com\/en\/?s={search_term_string}"},"query-input":{"@type":"PropertyValueSpecification","valueRequired":true,"valueName":"search_term_string"}}],"inLanguage":"en-US"},{"@type":"Organization","@id":"https:\/\/grupoazvinews.com\/en\/#organization","name":"Grupo Azvi","alternateName":"Grupo Azvi","url":"https:\/\/grupoazvinews.com\/en\/","logo":{"@type":"ImageObject","inLanguage":"en-US","@id":"https:\/\/grupoazvinews.com\/en\/#\/schema\/logo\/image\/","url":"https:\/\/grupoazvinews.com\/wp-content\/uploads\/2024\/04\/GrupoAzvi-2018-transp-1.png","contentUrl":"https:\/\/grupoazvinews.com\/wp-content\/uploads\/2024\/04\/GrupoAzvi-2018-transp-1.png","width":1722,"height":486,"caption":"Grupo Azvi"},"image":{"@id":"https:\/\/grupoazvinews.com\/en\/#\/schema\/logo\/image\/"}},{"@type":"Person","@id":"https:\/\/grupoazvinews.com\/en\/#\/schema\/person\/3b45f37e62250372c4b65ea8ee1d6b32","name":"elena crespo","image":{"@type":"ImageObject","inLanguage":"en-US","@id":"https:\/\/grupoazvinews.com\/en\/#\/schema\/person\/image\/","url":"https:\/\/secure.gravatar.com\/avatar\/d8e04743de0db7ebf6755a44e3a3a4c0a263ad48b70ba3b7a584a0fb98d51a2d?s=96&d=mm&r=g","contentUrl":"https:\/\/secure.gravatar.com\/avatar\/d8e04743de0db7ebf6755a44e3a3a4c0a263ad48b70ba3b7a584a0fb98d51a2d?s=96&d=mm&r=g","caption":"elena crespo"},"url":"https:\/\/grupoazvinews.com\/en\/author\/elena\/"}]}},"_links":{"self":[{"href":"https:\/\/grupoazvinews.com\/en\/wp-json\/wp\/v2\/posts\/19361","targetHints":{"allow":["GET"]}}],"collection":[{"href":"https:\/\/grupoazvinews.com\/en\/wp-json\/wp\/v2\/posts"}],"about":[{"href":"https:\/\/grupoazvinews.com\/en\/wp-json\/wp\/v2\/types\/post"}],"author":[{"embeddable":true,"href":"https:\/\/grupoazvinews.com\/en\/wp-json\/wp\/v2\/users\/2"}],"replies":[{"embeddable":true,"href":"https:\/\/grupoazvinews.com\/en\/wp-json\/wp\/v2\/comments?post=19361"}],"version-history":[{"count":2,"href":"https:\/\/grupoazvinews.com\/en\/wp-json\/wp\/v2\/posts\/19361\/revisions"}],"predecessor-version":[{"id":19363,"href":"https:\/\/grupoazvinews.com\/en\/wp-json\/wp\/v2\/posts\/19361\/revisions\/19363"}],"wp:featuredmedia":[{"embeddable":true,"href":"https:\/\/grupoazvinews.com\/en\/wp-json\/wp\/v2\/media\/19358"}],"wp:attachment":[{"href":"https:\/\/grupoazvinews.com\/en\/wp-json\/wp\/v2\/media?parent=19361"}],"wp:term":[{"taxonomy":"category","embeddable":true,"href":"https:\/\/grupoazvinews.com\/en\/wp-json\/wp\/v2\/categories?post=19361"},{"taxonomy":"post_tag","embeddable":true,"href":"https:\/\/grupoazvinews.com\/en\/wp-json\/wp\/v2\/tags?post=19361"}],"curies":[{"name":"wp","href":"https:\/\/api.w.org\/{rel}","templated":true}]}}