{"id":19435,"date":"2025-11-04T12:30:19","date_gmt":"2025-11-04T10:30:19","guid":{"rendered":"https:\/\/grupoazvinews.com\/entrevista-a-manuel-contreras-caro-en-la-galeria-de-empresarios-andaluces-de-grupo-joly\/"},"modified":"2025-11-05T10:44:27","modified_gmt":"2025-11-05T08:44:27","slug":"interview-with-manuel-contreras-caro-in-grupo-jolys-gallery-of-andalusian-entrepreneurs","status":"publish","type":"post","link":"https:\/\/grupoazvinews.com\/en\/interview-with-manuel-contreras-caro-in-grupo-jolys-gallery-of-andalusian-entrepreneurs\/","title":{"rendered":"Interview with Manuel Contreras Caro in Grupo Joly&#8217;s Gallery of Andalusian Entrepreneurs"},"content":{"rendered":"<p>[vc_row][vc_column][vc_column_text]<span data-contrast=\"auto\">Today we would like to share the recent interview with our President, <strong>Manuel Contreras Caro<\/strong>, published in <strong>Grupo Joly&#8217;s Gallery of Andalusian Entrepreneurs<\/strong>. In the article, he reflects on Grupo\u00a0Azvi\u2019s\u00a0evolution, and the challenges faced by both the company and the construction and infrastructure sector.<\/span><span data-ccp-props=\"{&quot;134233117&quot;:false,&quot;134233118&quot;:false,&quot;201341983&quot;:0,&quot;335559738&quot;:0,&quot;335559739&quot;:160,&quot;335559740&quot;:257}\">\u00a0<\/span><\/p>\n<p><span data-contrast=\"auto\">After a historic year\u2014 in which Grupo\u00a0Azvi\u00a0exceeded<strong> \u20ac1 billion in revenue<\/strong> for the first time, tripling its turnover in less than a decade \u2014 Manuel Contreras Caro highlighted:\u00a0<\/span><span data-ccp-props=\"{&quot;134233117&quot;:false,&quot;134233118&quot;:false,&quot;201341983&quot;:0,&quot;335559738&quot;:0,&quot;335559739&quot;:160,&quot;335559740&quot;:257}\">\u00a0<\/span><\/p>\n<ul>\n<li><span data-contrast=\"auto\">The Group&#8217;s rapid but healthy growth, based on prudent and sustainable management.\u00a0<\/span><span data-ccp-props=\"{&quot;134233117&quot;:false,&quot;134233118&quot;:false,&quot;201341983&quot;:0,&quot;335559685&quot;:720,&quot;335559737&quot;:0,&quot;335559738&quot;:0,&quot;335559739&quot;:0,&quot;335559740&quot;:257,&quot;335559991&quot;:360}\">\u00a0<\/span><\/li>\n<li><span data-contrast=\"auto\">The commitment to comprehensive railway activity, the company&#8217;s hallmark.<\/span><span data-ccp-props=\"{&quot;134233117&quot;:false,&quot;134233118&quot;:false,&quot;201341983&quot;:0,&quot;335559685&quot;:720,&quot;335559737&quot;:0,&quot;335559738&quot;:0,&quot;335559739&quot;:0,&quot;335559740&quot;:257,&quot;335559991&quot;:360}\">\u00a0<\/span><\/li>\n<li><span data-contrast=\"auto\">International expansion, with a\u00a0consolidated\u00a0presence in the Americas: Mexico,\u00a0Chile\u00a0and the United States as key markets.<\/span><span data-ccp-props=\"{&quot;134233117&quot;:false,&quot;134233118&quot;:false,&quot;201341983&quot;:0,&quot;335559685&quot;:720,&quot;335559737&quot;:0,&quot;335559738&quot;:0,&quot;335559739&quot;:0,&quot;335559740&quot;:257,&quot;335559991&quot;:360}\">\u00a0<\/span><\/li>\n<li><span data-contrast=\"auto\">The challenge for Andalusian businesses: the need to scale up through mergers and partnerships\u00a0in order to\u00a0compete in global markets.\u00a0<\/span><span data-ccp-props=\"{&quot;134233117&quot;:false,&quot;134233118&quot;:false,&quot;201341983&quot;:0,&quot;335559685&quot;:720,&quot;335559737&quot;:0,&quot;335559738&quot;:0,&quot;335559739&quot;:0,&quot;335559740&quot;:257,&quot;335559991&quot;:360}\">\u00a0<\/span><\/li>\n<\/ul>\n<p><span data-contrast=\"auto\">Read the full interview <a href=\"https:\/\/www.elconciso.es\/empresas\/entrevista-manuel-contreras-presidente-grupo-azvi_0_2005138713.html\">here<\/a>.<\/span><\/p>\n<p><span style=\"font-size: 14px;\">Photos: Juan Carlos V\u00e1zquez. Grupo Joly<\/span>[\/vc_column_text][\/vc_column][\/vc_row]<\/p>\n","protected":false},"excerpt":{"rendered":"<p>[vc_row][vc_column][vc_column_text]Today we would like to share the recent interview with our President, Manuel Contreras Caro, published in Grupo Joly&#8217;s Gallery of Andalusian Entrepreneurs. In the article, he reflects on Grupo\u00a0Azvi\u2019s\u00a0evolution, and the challenges faced by both the company and the construction and infrastructure sector.\u00a0 After a historic year\u2014 in which Grupo\u00a0Azvi\u00a0exceeded \u20ac1 billion in revenue [&hellip;]<\/p>\n","protected":false},"author":2,"featured_media":19389,"comment_status":"closed","ping_status":"closed","sticky":false,"template":"","format":"standard","meta":{"footnotes":""},"categories":[1125],"tags":[1126],"class_list":["post-19435","post","type-post","status-publish","format-standard","has-post-thumbnail","hentry","category-sustainability","tag-grupo-azvi-en"],"yoast_head":"<!-- This site is optimized with the Yoast SEO plugin v27.0 - https:\/\/yoast.com\/product\/yoast-seo-wordpress\/ -->\n<title>Interview with Manuel Contreras Caro in Grupo Joly&#039;s Gallery of Andalusian Entrepreneurs<\/title>\n<meta name=\"description\" content=\"Today we would like to share the recent interview with our President, Manuel Contreras Caro, published in Grupo Joly&#039;s Gallery of Andalusian Entrepreneurs.\" \/>\n<meta name=\"robots\" content=\"index, follow, max-snippet:-1, max-image-preview:large, max-video-preview:-1\" \/>\n<link rel=\"canonical\" href=\"https:\/\/grupoazvinews.com\/en\/interview-with-manuel-contreras-caro-in-grupo-jolys-gallery-of-andalusian-entrepreneurs\/\" \/>\n<meta property=\"og:locale\" content=\"en_US\" \/>\n<meta property=\"og:type\" content=\"article\" \/>\n<meta property=\"og:title\" content=\"Interview with Manuel Contreras Caro in Grupo Joly&#039;s Gallery of Andalusian Entrepreneurs\" \/>\n<meta property=\"og:description\" content=\"Today we would like to share the recent interview with our President, Manuel Contreras Caro, published in Grupo Joly&#039;s Gallery of Andalusian Entrepreneurs.\" \/>\n<meta property=\"og:url\" content=\"https:\/\/grupoazvinews.com\/en\/interview-with-manuel-contreras-caro-in-grupo-jolys-gallery-of-andalusian-entrepreneurs\/\" \/>\n<meta property=\"og:site_name\" content=\"NOTICIAS Grupo Azvi\" \/>\n<meta property=\"article:published_time\" content=\"2025-11-04T10:30:19+00:00\" \/>\n<meta property=\"article:modified_time\" content=\"2025-11-05T08:44:27+00:00\" \/>\n<meta property=\"og:image\" content=\"https:\/\/grupoazvinews.com\/wp-content\/uploads\/2025\/11\/MCC.jpg\" \/>\n\t<meta property=\"og:image:width\" content=\"1600\" \/>\n\t<meta property=\"og:image:height\" content=\"1187\" \/>\n\t<meta property=\"og:image:type\" content=\"image\/jpeg\" \/>\n<meta name=\"author\" content=\"elena crespo\" \/>\n<meta name=\"twitter:card\" content=\"summary_large_image\" \/>\n<meta name=\"twitter:label1\" content=\"Written by\" \/>\n\t<meta name=\"twitter:data1\" content=\"elena crespo\" \/>\n\t<meta name=\"twitter:label2\" content=\"Est. reading time\" \/>\n\t<meta name=\"twitter:data2\" content=\"1 minute\" \/>\n<script type=\"application\/ld+json\" class=\"yoast-schema-graph\">{\"@context\":\"https:\/\/schema.org\",\"@graph\":[{\"@type\":\"Article\",\"@id\":\"https:\/\/grupoazvinews.com\/en\/interview-with-manuel-contreras-caro-in-grupo-jolys-gallery-of-andalusian-entrepreneurs\/#article\",\"isPartOf\":{\"@id\":\"https:\/\/grupoazvinews.com\/en\/interview-with-manuel-contreras-caro-in-grupo-jolys-gallery-of-andalusian-entrepreneurs\/\"},\"author\":{\"name\":\"elena crespo\",\"@id\":\"https:\/\/grupoazvinews.com\/en\/#\/schema\/person\/3b45f37e62250372c4b65ea8ee1d6b32\"},\"headline\":\"Interview with Manuel Contreras Caro in Grupo Joly&#8217;s Gallery of Andalusian Entrepreneurs\",\"datePublished\":\"2025-11-04T10:30:19+00:00\",\"dateModified\":\"2025-11-05T08:44:27+00:00\",\"mainEntityOfPage\":{\"@id\":\"https:\/\/grupoazvinews.com\/en\/interview-with-manuel-contreras-caro-in-grupo-jolys-gallery-of-andalusian-entrepreneurs\/\"},\"wordCount\":177,\"publisher\":{\"@id\":\"https:\/\/grupoazvinews.com\/en\/#organization\"},\"image\":{\"@id\":\"https:\/\/grupoazvinews.com\/en\/interview-with-manuel-contreras-caro-in-grupo-jolys-gallery-of-andalusian-entrepreneurs\/#primaryimage\"},\"thumbnailUrl\":\"https:\/\/grupoazvinews.com\/wp-content\/uploads\/2025\/11\/MCC.jpg\",\"keywords\":[\"Grupo Azvi\"],\"articleSection\":[\"Sustainability\"],\"inLanguage\":\"en-US\"},{\"@type\":\"WebPage\",\"@id\":\"https:\/\/grupoazvinews.com\/en\/interview-with-manuel-contreras-caro-in-grupo-jolys-gallery-of-andalusian-entrepreneurs\/\",\"url\":\"https:\/\/grupoazvinews.com\/en\/interview-with-manuel-contreras-caro-in-grupo-jolys-gallery-of-andalusian-entrepreneurs\/\",\"name\":\"Interview with Manuel Contreras Caro in Grupo Joly's Gallery of Andalusian Entrepreneurs\",\"isPartOf\":{\"@id\":\"https:\/\/grupoazvinews.com\/en\/#website\"},\"primaryImageOfPage\":{\"@id\":\"https:\/\/grupoazvinews.com\/en\/interview-with-manuel-contreras-caro-in-grupo-jolys-gallery-of-andalusian-entrepreneurs\/#primaryimage\"},\"image\":{\"@id\":\"https:\/\/grupoazvinews.com\/en\/interview-with-manuel-contreras-caro-in-grupo-jolys-gallery-of-andalusian-entrepreneurs\/#primaryimage\"},\"thumbnailUrl\":\"https:\/\/grupoazvinews.com\/wp-content\/uploads\/2025\/11\/MCC.jpg\",\"datePublished\":\"2025-11-04T10:30:19+00:00\",\"dateModified\":\"2025-11-05T08:44:27+00:00\",\"description\":\"Today we would like to share the recent interview with our President, Manuel Contreras Caro, published in Grupo Joly's Gallery of Andalusian Entrepreneurs.\",\"breadcrumb\":{\"@id\":\"https:\/\/grupoazvinews.com\/en\/interview-with-manuel-contreras-caro-in-grupo-jolys-gallery-of-andalusian-entrepreneurs\/#breadcrumb\"},\"inLanguage\":\"en-US\",\"potentialAction\":[{\"@type\":\"ReadAction\",\"target\":[\"https:\/\/grupoazvinews.com\/en\/interview-with-manuel-contreras-caro-in-grupo-jolys-gallery-of-andalusian-entrepreneurs\/\"]}]},{\"@type\":\"ImageObject\",\"inLanguage\":\"en-US\",\"@id\":\"https:\/\/grupoazvinews.com\/en\/interview-with-manuel-contreras-caro-in-grupo-jolys-gallery-of-andalusian-entrepreneurs\/#primaryimage\",\"url\":\"https:\/\/grupoazvinews.com\/wp-content\/uploads\/2025\/11\/MCC.jpg\",\"contentUrl\":\"https:\/\/grupoazvinews.com\/wp-content\/uploads\/2025\/11\/MCC.jpg\",\"width\":1600,\"height\":1187},{\"@type\":\"BreadcrumbList\",\"@id\":\"https:\/\/grupoazvinews.com\/en\/interview-with-manuel-contreras-caro-in-grupo-jolys-gallery-of-andalusian-entrepreneurs\/#breadcrumb\",\"itemListElement\":[{\"@type\":\"ListItem\",\"position\":1,\"name\":\"Portada\",\"item\":\"https:\/\/grupoazvinews.com\/en\/\"},{\"@type\":\"ListItem\",\"position\":2,\"name\":\"Interview with Manuel Contreras Caro in Grupo Joly&#8217;s Gallery of Andalusian Entrepreneurs\"}]},{\"@type\":\"WebSite\",\"@id\":\"https:\/\/grupoazvinews.com\/en\/#website\",\"url\":\"https:\/\/grupoazvinews.com\/en\/\",\"name\":\"Grupo Azvi News\",\"description\":\"Grupo Azvi es una empresa centenaria cuyos or\u00edgenes e historia han estado estrechamente vinculados al desarrollo de las infraestructuras de nuestro pa\u00eds. Hoy, se ha convertido en la empresa l\u00edder de un grupo internacional, innovador, diversificado y sostenible.\",\"publisher\":{\"@id\":\"https:\/\/grupoazvinews.com\/en\/#organization\"},\"alternateName\":\"Blog de noticias del Grupo Azvi\",\"potentialAction\":[{\"@type\":\"SearchAction\",\"target\":{\"@type\":\"EntryPoint\",\"urlTemplate\":\"https:\/\/grupoazvinews.com\/en\/?s={search_term_string}\"},\"query-input\":{\"@type\":\"PropertyValueSpecification\",\"valueRequired\":true,\"valueName\":\"search_term_string\"}}],\"inLanguage\":\"en-US\"},{\"@type\":\"Organization\",\"@id\":\"https:\/\/grupoazvinews.com\/en\/#organization\",\"name\":\"Grupo Azvi\",\"alternateName\":\"Grupo Azvi\",\"url\":\"https:\/\/grupoazvinews.com\/en\/\",\"logo\":{\"@type\":\"ImageObject\",\"inLanguage\":\"en-US\",\"@id\":\"https:\/\/grupoazvinews.com\/en\/#\/schema\/logo\/image\/\",\"url\":\"https:\/\/grupoazvinews.com\/wp-content\/uploads\/2024\/04\/GrupoAzvi-2018-transp-1.png\",\"contentUrl\":\"https:\/\/grupoazvinews.com\/wp-content\/uploads\/2024\/04\/GrupoAzvi-2018-transp-1.png\",\"width\":1722,\"height\":486,\"caption\":\"Grupo Azvi\"},\"image\":{\"@id\":\"https:\/\/grupoazvinews.com\/en\/#\/schema\/logo\/image\/\"}},{\"@type\":\"Person\",\"@id\":\"https:\/\/grupoazvinews.com\/en\/#\/schema\/person\/3b45f37e62250372c4b65ea8ee1d6b32\",\"name\":\"elena crespo\",\"image\":{\"@type\":\"ImageObject\",\"inLanguage\":\"en-US\",\"@id\":\"https:\/\/grupoazvinews.com\/en\/#\/schema\/person\/image\/\",\"url\":\"https:\/\/secure.gravatar.com\/avatar\/d8e04743de0db7ebf6755a44e3a3a4c0a263ad48b70ba3b7a584a0fb98d51a2d?s=96&d=mm&r=g\",\"contentUrl\":\"https:\/\/secure.gravatar.com\/avatar\/d8e04743de0db7ebf6755a44e3a3a4c0a263ad48b70ba3b7a584a0fb98d51a2d?s=96&d=mm&r=g\",\"caption\":\"elena crespo\"},\"url\":\"https:\/\/grupoazvinews.com\/en\/author\/elena\/\"}]}<\/script>\n<!-- \/ Yoast SEO plugin. -->","yoast_head_json":{"title":"Interview with Manuel Contreras Caro in Grupo Joly's Gallery of Andalusian Entrepreneurs","description":"Today we would like to share the recent interview with our President, Manuel Contreras Caro, published in Grupo Joly's Gallery of Andalusian Entrepreneurs.","robots":{"index":"index","follow":"follow","max-snippet":"max-snippet:-1","max-image-preview":"max-image-preview:large","max-video-preview":"max-video-preview:-1"},"canonical":"https:\/\/grupoazvinews.com\/en\/interview-with-manuel-contreras-caro-in-grupo-jolys-gallery-of-andalusian-entrepreneurs\/","og_locale":"en_US","og_type":"article","og_title":"Interview with Manuel Contreras Caro in Grupo Joly's Gallery of Andalusian Entrepreneurs","og_description":"Today we would like to share the recent interview with our President, Manuel Contreras Caro, published in Grupo Joly's Gallery of Andalusian Entrepreneurs.","og_url":"https:\/\/grupoazvinews.com\/en\/interview-with-manuel-contreras-caro-in-grupo-jolys-gallery-of-andalusian-entrepreneurs\/","og_site_name":"NOTICIAS Grupo Azvi","article_published_time":"2025-11-04T10:30:19+00:00","article_modified_time":"2025-11-05T08:44:27+00:00","og_image":[{"width":1600,"height":1187,"url":"https:\/\/grupoazvinews.com\/wp-content\/uploads\/2025\/11\/MCC.jpg","type":"image\/jpeg"}],"author":"elena crespo","twitter_card":"summary_large_image","twitter_misc":{"Written by":"elena crespo","Est. reading time":"1 minute"},"schema":{"@context":"https:\/\/schema.org","@graph":[{"@type":"Article","@id":"https:\/\/grupoazvinews.com\/en\/interview-with-manuel-contreras-caro-in-grupo-jolys-gallery-of-andalusian-entrepreneurs\/#article","isPartOf":{"@id":"https:\/\/grupoazvinews.com\/en\/interview-with-manuel-contreras-caro-in-grupo-jolys-gallery-of-andalusian-entrepreneurs\/"},"author":{"name":"elena crespo","@id":"https:\/\/grupoazvinews.com\/en\/#\/schema\/person\/3b45f37e62250372c4b65ea8ee1d6b32"},"headline":"Interview with Manuel Contreras Caro in Grupo Joly&#8217;s Gallery of Andalusian Entrepreneurs","datePublished":"2025-11-04T10:30:19+00:00","dateModified":"2025-11-05T08:44:27+00:00","mainEntityOfPage":{"@id":"https:\/\/grupoazvinews.com\/en\/interview-with-manuel-contreras-caro-in-grupo-jolys-gallery-of-andalusian-entrepreneurs\/"},"wordCount":177,"publisher":{"@id":"https:\/\/grupoazvinews.com\/en\/#organization"},"image":{"@id":"https:\/\/grupoazvinews.com\/en\/interview-with-manuel-contreras-caro-in-grupo-jolys-gallery-of-andalusian-entrepreneurs\/#primaryimage"},"thumbnailUrl":"https:\/\/grupoazvinews.com\/wp-content\/uploads\/2025\/11\/MCC.jpg","keywords":["Grupo Azvi"],"articleSection":["Sustainability"],"inLanguage":"en-US"},{"@type":"WebPage","@id":"https:\/\/grupoazvinews.com\/en\/interview-with-manuel-contreras-caro-in-grupo-jolys-gallery-of-andalusian-entrepreneurs\/","url":"https:\/\/grupoazvinews.com\/en\/interview-with-manuel-contreras-caro-in-grupo-jolys-gallery-of-andalusian-entrepreneurs\/","name":"Interview with Manuel Contreras Caro in Grupo Joly's Gallery of Andalusian Entrepreneurs","isPartOf":{"@id":"https:\/\/grupoazvinews.com\/en\/#website"},"primaryImageOfPage":{"@id":"https:\/\/grupoazvinews.com\/en\/interview-with-manuel-contreras-caro-in-grupo-jolys-gallery-of-andalusian-entrepreneurs\/#primaryimage"},"image":{"@id":"https:\/\/grupoazvinews.com\/en\/interview-with-manuel-contreras-caro-in-grupo-jolys-gallery-of-andalusian-entrepreneurs\/#primaryimage"},"thumbnailUrl":"https:\/\/grupoazvinews.com\/wp-content\/uploads\/2025\/11\/MCC.jpg","datePublished":"2025-11-04T10:30:19+00:00","dateModified":"2025-11-05T08:44:27+00:00","description":"Today we would like to share the recent interview with our President, Manuel Contreras Caro, published in Grupo Joly's Gallery of Andalusian Entrepreneurs.","breadcrumb":{"@id":"https:\/\/grupoazvinews.com\/en\/interview-with-manuel-contreras-caro-in-grupo-jolys-gallery-of-andalusian-entrepreneurs\/#breadcrumb"},"inLanguage":"en-US","potentialAction":[{"@type":"ReadAction","target":["https:\/\/grupoazvinews.com\/en\/interview-with-manuel-contreras-caro-in-grupo-jolys-gallery-of-andalusian-entrepreneurs\/"]}]},{"@type":"ImageObject","inLanguage":"en-US","@id":"https:\/\/grupoazvinews.com\/en\/interview-with-manuel-contreras-caro-in-grupo-jolys-gallery-of-andalusian-entrepreneurs\/#primaryimage","url":"https:\/\/grupoazvinews.com\/wp-content\/uploads\/2025\/11\/MCC.jpg","contentUrl":"https:\/\/grupoazvinews.com\/wp-content\/uploads\/2025\/11\/MCC.jpg","width":1600,"height":1187},{"@type":"BreadcrumbList","@id":"https:\/\/grupoazvinews.com\/en\/interview-with-manuel-contreras-caro-in-grupo-jolys-gallery-of-andalusian-entrepreneurs\/#breadcrumb","itemListElement":[{"@type":"ListItem","position":1,"name":"Portada","item":"https:\/\/grupoazvinews.com\/en\/"},{"@type":"ListItem","position":2,"name":"Interview with Manuel Contreras Caro in Grupo Joly&#8217;s Gallery of Andalusian Entrepreneurs"}]},{"@type":"WebSite","@id":"https:\/\/grupoazvinews.com\/en\/#website","url":"https:\/\/grupoazvinews.com\/en\/","name":"Grupo Azvi News","description":"Grupo Azvi es una empresa centenaria cuyos or\u00edgenes e historia han estado estrechamente vinculados al desarrollo de las infraestructuras de nuestro pa\u00eds. Hoy, se ha convertido en la empresa l\u00edder de un grupo internacional, innovador, diversificado y sostenible.","publisher":{"@id":"https:\/\/grupoazvinews.com\/en\/#organization"},"alternateName":"Blog de noticias del Grupo Azvi","potentialAction":[{"@type":"SearchAction","target":{"@type":"EntryPoint","urlTemplate":"https:\/\/grupoazvinews.com\/en\/?s={search_term_string}"},"query-input":{"@type":"PropertyValueSpecification","valueRequired":true,"valueName":"search_term_string"}}],"inLanguage":"en-US"},{"@type":"Organization","@id":"https:\/\/grupoazvinews.com\/en\/#organization","name":"Grupo Azvi","alternateName":"Grupo Azvi","url":"https:\/\/grupoazvinews.com\/en\/","logo":{"@type":"ImageObject","inLanguage":"en-US","@id":"https:\/\/grupoazvinews.com\/en\/#\/schema\/logo\/image\/","url":"https:\/\/grupoazvinews.com\/wp-content\/uploads\/2024\/04\/GrupoAzvi-2018-transp-1.png","contentUrl":"https:\/\/grupoazvinews.com\/wp-content\/uploads\/2024\/04\/GrupoAzvi-2018-transp-1.png","width":1722,"height":486,"caption":"Grupo Azvi"},"image":{"@id":"https:\/\/grupoazvinews.com\/en\/#\/schema\/logo\/image\/"}},{"@type":"Person","@id":"https:\/\/grupoazvinews.com\/en\/#\/schema\/person\/3b45f37e62250372c4b65ea8ee1d6b32","name":"elena crespo","image":{"@type":"ImageObject","inLanguage":"en-US","@id":"https:\/\/grupoazvinews.com\/en\/#\/schema\/person\/image\/","url":"https:\/\/secure.gravatar.com\/avatar\/d8e04743de0db7ebf6755a44e3a3a4c0a263ad48b70ba3b7a584a0fb98d51a2d?s=96&d=mm&r=g","contentUrl":"https:\/\/secure.gravatar.com\/avatar\/d8e04743de0db7ebf6755a44e3a3a4c0a263ad48b70ba3b7a584a0fb98d51a2d?s=96&d=mm&r=g","caption":"elena crespo"},"url":"https:\/\/grupoazvinews.com\/en\/author\/elena\/"}]}},"_links":{"self":[{"href":"https:\/\/grupoazvinews.com\/en\/wp-json\/wp\/v2\/posts\/19435","targetHints":{"allow":["GET"]}}],"collection":[{"href":"https:\/\/grupoazvinews.com\/en\/wp-json\/wp\/v2\/posts"}],"about":[{"href":"https:\/\/grupoazvinews.com\/en\/wp-json\/wp\/v2\/types\/post"}],"author":[{"embeddable":true,"href":"https:\/\/grupoazvinews.com\/en\/wp-json\/wp\/v2\/users\/2"}],"replies":[{"embeddable":true,"href":"https:\/\/grupoazvinews.com\/en\/wp-json\/wp\/v2\/comments?post=19435"}],"version-history":[{"count":2,"href":"https:\/\/grupoazvinews.com\/en\/wp-json\/wp\/v2\/posts\/19435\/revisions"}],"predecessor-version":[{"id":19437,"href":"https:\/\/grupoazvinews.com\/en\/wp-json\/wp\/v2\/posts\/19435\/revisions\/19437"}],"wp:featuredmedia":[{"embeddable":true,"href":"https:\/\/grupoazvinews.com\/en\/wp-json\/wp\/v2\/media\/19389"}],"wp:attachment":[{"href":"https:\/\/grupoazvinews.com\/en\/wp-json\/wp\/v2\/media?parent=19435"}],"wp:term":[{"taxonomy":"category","embeddable":true,"href":"https:\/\/grupoazvinews.com\/en\/wp-json\/wp\/v2\/categories?post=19435"},{"taxonomy":"post_tag","embeddable":true,"href":"https:\/\/grupoazvinews.com\/en\/wp-json\/wp\/v2\/tags?post=19435"}],"curies":[{"name":"wp","href":"https:\/\/api.w.org\/{rel}","templated":true}]}}