{"id":20306,"date":"2026-03-11T16:02:34","date_gmt":"2026-03-11T14:02:34","guid":{"rendered":"https:\/\/grupoazvinews.com\/nuevos-hitos-en-los-trabajos-de-azvi-en-el-metro-de-san-sebastian\/"},"modified":"2026-03-12T17:23:58","modified_gmt":"2026-03-12T15:23:58","slug":"new-milestones-in-azvis-works-on-the-san-sebastian-metro","status":"publish","type":"post","link":"https:\/\/grupoazvinews.com\/en\/new-milestones-in-azvis-works-on-the-san-sebastian-metro\/","title":{"rendered":"New milestones in Azvi\u2019s works on the San Sebasti\u00e1n Metro"},"content":{"rendered":"<p>[vc_row][vc_column][vc_column_text]<span data-contrast=\"auto\">We\u00a0take a look\u00a0today\u00a0at\u00a0progress\u00a0on\u00a0Azvi\u2019s\u00a02.2 km section of the <strong>San Sebasti\u00e1n Metro<\/strong> for Euskal\u00a0Trenbide\u00a0Sarea (ETS). The project is\u00a0advancing significantly\u00a0across\u00a0all fronts, bringing us ever closer to the final phase of execution.\u00a0<\/span><span data-ccp-props=\"{&quot;335559738&quot;:240,&quot;335559739&quot;:240}\">\u00a0<\/span><\/p>\n<ul>\n<li><b><span data-contrast=\"auto\">Altza\u2013Pasaia\u00a0Tunnel Section (940 m):<\/span><\/b><span data-contrast=\"auto\">\u00a0Following completion of\u00a0tunnel excavation using the New Austrian Tunnelling Method (NATM),\u00a0this section is nearing completion, with lining works finished and slab track installed.\u00a0<\/span><span data-ccp-props=\"{&quot;335559738&quot;:240,&quot;335559739&quot;:240}\">\u00a0<\/span><\/li>\n<li><b><span data-contrast=\"auto\">Pasaia\u2013Galtzaraborda\u00a0Section (744 m):<\/span><\/b><span data-contrast=\"auto\">\u00a0With\u00a0tunnel excavation and lining\u00a0completed,\u00a0slab track\u00a0installation\u00a0is under way, with 565 m already assembled.<\/span><span data-ccp-props=\"{&quot;335559738&quot;:240,&quot;335559739&quot;:240}\">\u00a0<\/span><\/li>\n<li><b><span data-contrast=\"auto\">Pasaia\u00a0Station (196 m):<\/span><\/b><span data-contrast=\"auto\">\u00a0with the slab track already installed, finishing and\u00a0fit-out\u00a0works are\u00a0now in\u00a0progress Urban\u00a0redevelopment of Gure\u00a0Zumard\u00eda\u00a0Street\u00a0also\u00a0continues, including the creation of a new, more open\u00a0public\u00a0square\u00a0prioritising\u00a0pedestrian areas, green\u00a0spaces\u00a0and children\u2019s play areas.<\/span><span data-ccp-props=\"{&quot;335559738&quot;:240,&quot;335559739&quot;:240}\">\u00a0<\/span><\/li>\n<li><b><span data-contrast=\"auto\">Galtzaraborda\u00a0area:<\/span><\/b><span data-contrast=\"auto\"> the new covering structure is\u00a0nearing completion\u00a0prior to\u00a0connecting the\u00a0new alignment and the existing station.\u00a0<\/span><\/li>\n<\/ul>\n<p><span data-contrast=\"auto\">The project is being carried out through a<strong> joint\u00a0venture<\/strong> with\u00a0<strong>COMSA<\/strong>,\u00a0<strong>Nort\u00fanel\u00a0<\/strong>and <strong>CAMPEZO<\/strong>.<\/span><span data-ccp-props=\"{&quot;335559738&quot;:240,&quot;335559739&quot;:240}\">\u00a0<\/span><\/p>\n<p><span data-contrast=\"auto\">Our commitment: to continue promoting modern,\u00a0safe,\u00a0and efficient sustainable mobility solutions that encourage public transport and contribute to reducing\u00a0harmful\u00a0emissions.<\/span><span data-ccp-props=\"{&quot;335559738&quot;:240,&quot;335559739&quot;:240}\">\u00a0<\/span>[\/vc_column_text][\/vc_column][\/vc_row][vc_row][vc_column]<div class=\"lqd-img-gal\">\n\n\t<div class=\"lqd-img-gal-imgs\">\n\n\t\t<div class=\"carousel-container carousel-nav-floated carousel-nav-center carousel-nav-middle carousel-nav-lg carousel-nav-solid carousel-nav-circle carousel-nav-appear-onhover carousel-dots-mobile-inside\">\n\t\t\t<div class=\"carousel-items\" data-lqd-flickity='{ \"prevNextButtons\": true, \"navArrow\": \"6\", \"parallax\": true, \"adaptiveHeight\": true }' id=\"lqd-image-gallery-69f368a6ee744main-carousel\">\n\n\t\t\t\t\t\t\t\t<div class=\"carousel-item col-xs-12 px-0\">\n\t\t\t\t\t<div class=\"carousel-item-inner\">\n\t\t\t\t\t\t<figure>\n\t\t\t\t\t\t\t<img loading=\"lazy\" decoding=\"async\" width=\"735\" height=\"972\" src=\"https:\/\/grupoazvinews.com\/wp-content\/uploads\/2026\/03\/Metro-de-San-Sebastian-1.jpg\" class=\"attachment-full size-full\" alt=\"\" srcset=\"https:\/\/grupoazvinews.com\/wp-content\/uploads\/2026\/03\/Metro-de-San-Sebastian-1.jpg 735w, https:\/\/grupoazvinews.com\/wp-content\/uploads\/2026\/03\/Metro-de-San-Sebastian-1-227x300.jpg 227w\" sizes=\"auto, (max-width: 735px) 100vw, 735px\" \/>\t\t\t\t\t\t<\/figure>\n\t\t\t\t\t<\/div>\n\t\t\t\t<\/div>\n\t\t\t\t\t\t\t\t<div class=\"carousel-item col-xs-12 px-0\">\n\t\t\t\t\t<div class=\"carousel-item-inner\">\n\t\t\t\t\t\t<figure>\n\t\t\t\t\t\t\t<img loading=\"lazy\" decoding=\"async\" width=\"1307\" height=\"981\" src=\"https:\/\/grupoazvinews.com\/wp-content\/uploads\/2026\/03\/Metro-de-San-Sebastian-2.jpg\" class=\"attachment-full size-full\" alt=\"\" srcset=\"https:\/\/grupoazvinews.com\/wp-content\/uploads\/2026\/03\/Metro-de-San-Sebastian-2.jpg 1307w, https:\/\/grupoazvinews.com\/wp-content\/uploads\/2026\/03\/Metro-de-San-Sebastian-2-300x225.jpg 300w, https:\/\/grupoazvinews.com\/wp-content\/uploads\/2026\/03\/Metro-de-San-Sebastian-2-1024x769.jpg 1024w\" sizes=\"auto, (max-width: 1307px) 100vw, 1307px\" \/>\t\t\t\t\t\t<\/figure>\n\t\t\t\t\t<\/div>\n\t\t\t\t<\/div>\n\t\t\t\t\t\t\t\t<div class=\"carousel-item col-xs-12 px-0\">\n\t\t\t\t\t<div class=\"carousel-item-inner\">\n\t\t\t\t\t\t<figure>\n\t\t\t\t\t\t\t<img loading=\"lazy\" decoding=\"async\" width=\"1311\" height=\"846\" src=\"https:\/\/grupoazvinews.com\/wp-content\/uploads\/2026\/03\/Metro-de-San-Sebastian-3.jpg\" class=\"attachment-full size-full\" alt=\"\" srcset=\"https:\/\/grupoazvinews.com\/wp-content\/uploads\/2026\/03\/Metro-de-San-Sebastian-3.jpg 1311w, https:\/\/grupoazvinews.com\/wp-content\/uploads\/2026\/03\/Metro-de-San-Sebastian-3-300x194.jpg 300w, https:\/\/grupoazvinews.com\/wp-content\/uploads\/2026\/03\/Metro-de-San-Sebastian-3-1024x661.jpg 1024w\" sizes=\"auto, (max-width: 1311px) 100vw, 1311px\" \/>\t\t\t\t\t\t<\/figure>\n\t\t\t\t\t<\/div>\n\t\t\t\t<\/div>\n\t\t\t\t\t\t\t\t<div class=\"carousel-item col-xs-12 px-0\">\n\t\t\t\t\t<div class=\"carousel-item-inner\">\n\t\t\t\t\t\t<figure>\n\t\t\t\t\t\t\t<img loading=\"lazy\" decoding=\"async\" width=\"1362\" height=\"922\" src=\"https:\/\/grupoazvinews.com\/wp-content\/uploads\/2026\/03\/Metro-de-San-Sebastian-4.jpg\" class=\"attachment-full size-full\" alt=\"\" srcset=\"https:\/\/grupoazvinews.com\/wp-content\/uploads\/2026\/03\/Metro-de-San-Sebastian-4.jpg 1362w, https:\/\/grupoazvinews.com\/wp-content\/uploads\/2026\/03\/Metro-de-San-Sebastian-4-300x203.jpg 300w, https:\/\/grupoazvinews.com\/wp-content\/uploads\/2026\/03\/Metro-de-San-Sebastian-4-1024x693.jpg 1024w\" sizes=\"auto, (max-width: 1362px) 100vw, 1362px\" \/>\t\t\t\t\t\t<\/figure>\n\t\t\t\t\t<\/div>\n\t\t\t\t<\/div>\n\t\t\t\t\n\t\t\t<\/div><!-- \/.carousel-items -->\n\t\t<\/div><!-- \/.carousel-container -->\n\n\t<\/div><!-- \/.lqd-img-gal-imgs -->\n\n\t<div class=\"lqd-img-gal-thumbs\">\n\n\t\t<div class=\"carousel-container\">\n\t\t\t<div class=\"carousel-items\" data-lqd-flickity='{ \"contain\": false, \"pageDots\": false, \"asNavFor\": \"#lqd-image-gallery-69f368a6ee744main-carousel\" }'>\n\n\t\t\t\t\t\t\t\t<div class=\"carousel-item col-xs-4 col-sm-3 col-md-2\">\n\t\t\t\t\t<div class=\"carousel-item-inner\">\n\t\t\t\t\t\t<figure>\n\t\t\t\t\t\t\t<img loading=\"lazy\" decoding=\"async\" width=\"53\" height=\"70\" src=\"https:\/\/grupoazvinews.com\/wp-content\/uploads\/2026\/03\/Metro-de-San-Sebastian-1.jpg\" class=\"attachment-160x70 size-160x70\" alt=\"\" srcset=\"https:\/\/grupoazvinews.com\/wp-content\/uploads\/2026\/03\/Metro-de-San-Sebastian-1.jpg 735w, https:\/\/grupoazvinews.com\/wp-content\/uploads\/2026\/03\/Metro-de-San-Sebastian-1-227x300.jpg 227w\" sizes=\"auto, (max-width: 53px) 100vw, 53px\" \/>\t\t\t\t\t\t<\/figure>\n\t\t\t\t\t<\/div>\n\t\t\t\t<\/div>\n\t\t\t\t\t\t\t\t<div class=\"carousel-item col-xs-4 col-sm-3 col-md-2\">\n\t\t\t\t\t<div class=\"carousel-item-inner\">\n\t\t\t\t\t\t<figure>\n\t\t\t\t\t\t\t<img loading=\"lazy\" decoding=\"async\" width=\"93\" height=\"70\" src=\"https:\/\/grupoazvinews.com\/wp-content\/uploads\/2026\/03\/Metro-de-San-Sebastian-2.jpg\" class=\"attachment-160x70 size-160x70\" alt=\"\" srcset=\"https:\/\/grupoazvinews.com\/wp-content\/uploads\/2026\/03\/Metro-de-San-Sebastian-2.jpg 1307w, https:\/\/grupoazvinews.com\/wp-content\/uploads\/2026\/03\/Metro-de-San-Sebastian-2-300x225.jpg 300w, https:\/\/grupoazvinews.com\/wp-content\/uploads\/2026\/03\/Metro-de-San-Sebastian-2-1024x769.jpg 1024w\" sizes=\"auto, (max-width: 93px) 100vw, 93px\" \/>\t\t\t\t\t\t<\/figure>\n\t\t\t\t\t<\/div>\n\t\t\t\t<\/div>\n\t\t\t\t\t\t\t\t<div class=\"carousel-item col-xs-4 col-sm-3 col-md-2\">\n\t\t\t\t\t<div class=\"carousel-item-inner\">\n\t\t\t\t\t\t<figure>\n\t\t\t\t\t\t\t<img loading=\"lazy\" decoding=\"async\" width=\"108\" height=\"70\" src=\"https:\/\/grupoazvinews.com\/wp-content\/uploads\/2026\/03\/Metro-de-San-Sebastian-3.jpg\" class=\"attachment-160x70 size-160x70\" alt=\"\" srcset=\"https:\/\/grupoazvinews.com\/wp-content\/uploads\/2026\/03\/Metro-de-San-Sebastian-3.jpg 1311w, https:\/\/grupoazvinews.com\/wp-content\/uploads\/2026\/03\/Metro-de-San-Sebastian-3-300x194.jpg 300w, https:\/\/grupoazvinews.com\/wp-content\/uploads\/2026\/03\/Metro-de-San-Sebastian-3-1024x661.jpg 1024w\" sizes=\"auto, (max-width: 108px) 100vw, 108px\" \/>\t\t\t\t\t\t<\/figure>\n\t\t\t\t\t<\/div>\n\t\t\t\t<\/div>\n\t\t\t\t\t\t\t\t<div class=\"carousel-item col-xs-4 col-sm-3 col-md-2\">\n\t\t\t\t\t<div class=\"carousel-item-inner\">\n\t\t\t\t\t\t<figure>\n\t\t\t\t\t\t\t<img loading=\"lazy\" decoding=\"async\" width=\"103\" height=\"70\" src=\"https:\/\/grupoazvinews.com\/wp-content\/uploads\/2026\/03\/Metro-de-San-Sebastian-4.jpg\" class=\"attachment-160x70 size-160x70\" alt=\"\" srcset=\"https:\/\/grupoazvinews.com\/wp-content\/uploads\/2026\/03\/Metro-de-San-Sebastian-4.jpg 1362w, https:\/\/grupoazvinews.com\/wp-content\/uploads\/2026\/03\/Metro-de-San-Sebastian-4-300x203.jpg 300w, https:\/\/grupoazvinews.com\/wp-content\/uploads\/2026\/03\/Metro-de-San-Sebastian-4-1024x693.jpg 1024w\" sizes=\"auto, (max-width: 103px) 100vw, 103px\" \/>\t\t\t\t\t\t<\/figure>\n\t\t\t\t\t<\/div>\n\t\t\t\t<\/div>\n\t\t\t\t\n\t\t\t<\/div><!-- \/.carousel-items -->\n\t\t<\/div><!-- \/.carousel-container -->\n\n\t<\/div><!-- \/.lqd-img-gal-thumbs -->\n\n<\/div><!-- \/.lqd-img-gal -->[\/vc_column][\/vc_row]<\/p>\n","protected":false},"excerpt":{"rendered":"<p>[vc_row][vc_column][vc_column_text]We\u00a0take a look\u00a0today\u00a0at\u00a0progress\u00a0on\u00a0Azvi\u2019s\u00a02.2 km section of the San Sebasti\u00e1n Metro for Euskal\u00a0Trenbide\u00a0Sarea (ETS). The project is\u00a0advancing significantly\u00a0across\u00a0all fronts, bringing us ever closer to the final phase of execution.\u00a0\u00a0 Altza\u2013Pasaia\u00a0Tunnel Section (940 m):\u00a0Following completion of\u00a0tunnel excavation using the New Austrian Tunnelling Method (NATM),\u00a0this section is nearing completion, with lining works finished and slab track installed.\u00a0\u00a0 Pasaia\u2013Galtzaraborda\u00a0Section [&hellip;]<\/p>\n","protected":false},"author":2,"featured_media":20285,"comment_status":"closed","ping_status":"closed","sticky":false,"template":"","format":"standard","meta":{"footnotes":""},"categories":[1130],"tags":[1128],"class_list":["post-20306","post","type-post","status-publish","format-standard","has-post-thumbnail","hentry","category-infrastructure","tag-azvi-en"],"yoast_head":"<!-- This site is optimized with the Yoast SEO plugin v27.0 - https:\/\/yoast.com\/product\/yoast-seo-wordpress\/ -->\n<title>New milestones in Azvi\u2019s works on the San Sebasti\u00e1n Metro<\/title>\n<meta name=\"description\" content=\"We take a look today at progress on Azvi\u2019s 2.2 km section of the San Sebasti\u00e1n Metro for Euskal Trenbide Sarea (ETS).\" \/>\n<meta name=\"robots\" content=\"index, follow, max-snippet:-1, max-image-preview:large, max-video-preview:-1\" \/>\n<link rel=\"canonical\" href=\"https:\/\/grupoazvinews.com\/en\/new-milestones-in-azvis-works-on-the-san-sebastian-metro\/\" \/>\n<meta property=\"og:locale\" content=\"en_US\" \/>\n<meta property=\"og:type\" content=\"article\" \/>\n<meta property=\"og:title\" content=\"New milestones in Azvi\u2019s works on the San Sebasti\u00e1n Metro\" \/>\n<meta property=\"og:description\" content=\"We take a look today at progress on Azvi\u2019s 2.2 km section of the San Sebasti\u00e1n Metro for Euskal Trenbide Sarea (ETS).\" \/>\n<meta property=\"og:url\" content=\"https:\/\/grupoazvinews.com\/en\/new-milestones-in-azvis-works-on-the-san-sebastian-metro\/\" \/>\n<meta property=\"og:site_name\" content=\"NOTICIAS Grupo Azvi\" \/>\n<meta property=\"article:published_time\" content=\"2026-03-11T14:02:34+00:00\" \/>\n<meta property=\"article:modified_time\" content=\"2026-03-12T15:23:58+00:00\" \/>\n<meta property=\"og:image\" content=\"https:\/\/grupoazvinews.com\/wp-content\/uploads\/2026\/03\/Metro-de-San-Sebastian-1.jpg\" \/>\n\t<meta property=\"og:image:width\" content=\"735\" \/>\n\t<meta property=\"og:image:height\" content=\"972\" \/>\n\t<meta property=\"og:image:type\" content=\"image\/jpeg\" \/>\n<meta name=\"author\" content=\"elena crespo\" \/>\n<meta name=\"twitter:card\" content=\"summary_large_image\" \/>\n<meta name=\"twitter:label1\" content=\"Written by\" \/>\n\t<meta name=\"twitter:data1\" content=\"elena crespo\" \/>\n\t<meta name=\"twitter:label2\" content=\"Est. reading time\" \/>\n\t<meta name=\"twitter:data2\" content=\"2 minutes\" \/>\n<script type=\"application\/ld+json\" class=\"yoast-schema-graph\">{\"@context\":\"https:\/\/schema.org\",\"@graph\":[{\"@type\":\"Article\",\"@id\":\"https:\/\/grupoazvinews.com\/en\/new-milestones-in-azvis-works-on-the-san-sebastian-metro\/#article\",\"isPartOf\":{\"@id\":\"https:\/\/grupoazvinews.com\/en\/new-milestones-in-azvis-works-on-the-san-sebastian-metro\/\"},\"author\":{\"name\":\"elena crespo\",\"@id\":\"https:\/\/grupoazvinews.com\/en\/#\/schema\/person\/3b45f37e62250372c4b65ea8ee1d6b32\"},\"headline\":\"New milestones in Azvi\u2019s works on the San Sebasti\u00e1n Metro\",\"datePublished\":\"2026-03-11T14:02:34+00:00\",\"dateModified\":\"2026-03-12T15:23:58+00:00\",\"mainEntityOfPage\":{\"@id\":\"https:\/\/grupoazvinews.com\/en\/new-milestones-in-azvis-works-on-the-san-sebastian-metro\/\"},\"wordCount\":231,\"publisher\":{\"@id\":\"https:\/\/grupoazvinews.com\/en\/#organization\"},\"image\":{\"@id\":\"https:\/\/grupoazvinews.com\/en\/new-milestones-in-azvis-works-on-the-san-sebastian-metro\/#primaryimage\"},\"thumbnailUrl\":\"https:\/\/grupoazvinews.com\/wp-content\/uploads\/2026\/03\/Metro-de-San-Sebastian-1.jpg\",\"keywords\":[\"Azvi\"],\"articleSection\":[\"Infrastructure\"],\"inLanguage\":\"en-US\"},{\"@type\":\"WebPage\",\"@id\":\"https:\/\/grupoazvinews.com\/en\/new-milestones-in-azvis-works-on-the-san-sebastian-metro\/\",\"url\":\"https:\/\/grupoazvinews.com\/en\/new-milestones-in-azvis-works-on-the-san-sebastian-metro\/\",\"name\":\"New milestones in Azvi\u2019s works on the San Sebasti\u00e1n Metro\",\"isPartOf\":{\"@id\":\"https:\/\/grupoazvinews.com\/en\/#website\"},\"primaryImageOfPage\":{\"@id\":\"https:\/\/grupoazvinews.com\/en\/new-milestones-in-azvis-works-on-the-san-sebastian-metro\/#primaryimage\"},\"image\":{\"@id\":\"https:\/\/grupoazvinews.com\/en\/new-milestones-in-azvis-works-on-the-san-sebastian-metro\/#primaryimage\"},\"thumbnailUrl\":\"https:\/\/grupoazvinews.com\/wp-content\/uploads\/2026\/03\/Metro-de-San-Sebastian-1.jpg\",\"datePublished\":\"2026-03-11T14:02:34+00:00\",\"dateModified\":\"2026-03-12T15:23:58+00:00\",\"description\":\"We take a look today at progress on Azvi\u2019s 2.2 km section of the San Sebasti\u00e1n Metro for Euskal Trenbide Sarea (ETS).\",\"breadcrumb\":{\"@id\":\"https:\/\/grupoazvinews.com\/en\/new-milestones-in-azvis-works-on-the-san-sebastian-metro\/#breadcrumb\"},\"inLanguage\":\"en-US\",\"potentialAction\":[{\"@type\":\"ReadAction\",\"target\":[\"https:\/\/grupoazvinews.com\/en\/new-milestones-in-azvis-works-on-the-san-sebastian-metro\/\"]}]},{\"@type\":\"ImageObject\",\"inLanguage\":\"en-US\",\"@id\":\"https:\/\/grupoazvinews.com\/en\/new-milestones-in-azvis-works-on-the-san-sebastian-metro\/#primaryimage\",\"url\":\"https:\/\/grupoazvinews.com\/wp-content\/uploads\/2026\/03\/Metro-de-San-Sebastian-1.jpg\",\"contentUrl\":\"https:\/\/grupoazvinews.com\/wp-content\/uploads\/2026\/03\/Metro-de-San-Sebastian-1.jpg\",\"width\":735,\"height\":972},{\"@type\":\"BreadcrumbList\",\"@id\":\"https:\/\/grupoazvinews.com\/en\/new-milestones-in-azvis-works-on-the-san-sebastian-metro\/#breadcrumb\",\"itemListElement\":[{\"@type\":\"ListItem\",\"position\":1,\"name\":\"Portada\",\"item\":\"https:\/\/grupoazvinews.com\/en\/\"},{\"@type\":\"ListItem\",\"position\":2,\"name\":\"New milestones in Azvi\u2019s works on the San Sebasti\u00e1n Metro\"}]},{\"@type\":\"WebSite\",\"@id\":\"https:\/\/grupoazvinews.com\/en\/#website\",\"url\":\"https:\/\/grupoazvinews.com\/en\/\",\"name\":\"Grupo Azvi News\",\"description\":\"Grupo Azvi es una empresa centenaria cuyos or\u00edgenes e historia han estado estrechamente vinculados al desarrollo de las infraestructuras de nuestro pa\u00eds. Hoy, se ha convertido en la empresa l\u00edder de un grupo internacional, innovador, diversificado y sostenible.\",\"publisher\":{\"@id\":\"https:\/\/grupoazvinews.com\/en\/#organization\"},\"alternateName\":\"Blog de noticias del Grupo Azvi\",\"potentialAction\":[{\"@type\":\"SearchAction\",\"target\":{\"@type\":\"EntryPoint\",\"urlTemplate\":\"https:\/\/grupoazvinews.com\/en\/?s={search_term_string}\"},\"query-input\":{\"@type\":\"PropertyValueSpecification\",\"valueRequired\":true,\"valueName\":\"search_term_string\"}}],\"inLanguage\":\"en-US\"},{\"@type\":\"Organization\",\"@id\":\"https:\/\/grupoazvinews.com\/en\/#organization\",\"name\":\"Grupo Azvi\",\"alternateName\":\"Grupo Azvi\",\"url\":\"https:\/\/grupoazvinews.com\/en\/\",\"logo\":{\"@type\":\"ImageObject\",\"inLanguage\":\"en-US\",\"@id\":\"https:\/\/grupoazvinews.com\/en\/#\/schema\/logo\/image\/\",\"url\":\"https:\/\/grupoazvinews.com\/wp-content\/uploads\/2024\/04\/GrupoAzvi-2018-transp-1.png\",\"contentUrl\":\"https:\/\/grupoazvinews.com\/wp-content\/uploads\/2024\/04\/GrupoAzvi-2018-transp-1.png\",\"width\":1722,\"height\":486,\"caption\":\"Grupo Azvi\"},\"image\":{\"@id\":\"https:\/\/grupoazvinews.com\/en\/#\/schema\/logo\/image\/\"}},{\"@type\":\"Person\",\"@id\":\"https:\/\/grupoazvinews.com\/en\/#\/schema\/person\/3b45f37e62250372c4b65ea8ee1d6b32\",\"name\":\"elena crespo\",\"image\":{\"@type\":\"ImageObject\",\"inLanguage\":\"en-US\",\"@id\":\"https:\/\/grupoazvinews.com\/en\/#\/schema\/person\/image\/\",\"url\":\"https:\/\/secure.gravatar.com\/avatar\/d8e04743de0db7ebf6755a44e3a3a4c0a263ad48b70ba3b7a584a0fb98d51a2d?s=96&d=mm&r=g\",\"contentUrl\":\"https:\/\/secure.gravatar.com\/avatar\/d8e04743de0db7ebf6755a44e3a3a4c0a263ad48b70ba3b7a584a0fb98d51a2d?s=96&d=mm&r=g\",\"caption\":\"elena crespo\"},\"url\":\"https:\/\/grupoazvinews.com\/en\/author\/elena\/\"}]}<\/script>\n<!-- \/ Yoast SEO plugin. -->","yoast_head_json":{"title":"New milestones in Azvi\u2019s works on the San Sebasti\u00e1n Metro","description":"We take a look today at progress on Azvi\u2019s 2.2 km section of the San Sebasti\u00e1n Metro for Euskal Trenbide Sarea (ETS).","robots":{"index":"index","follow":"follow","max-snippet":"max-snippet:-1","max-image-preview":"max-image-preview:large","max-video-preview":"max-video-preview:-1"},"canonical":"https:\/\/grupoazvinews.com\/en\/new-milestones-in-azvis-works-on-the-san-sebastian-metro\/","og_locale":"en_US","og_type":"article","og_title":"New milestones in Azvi\u2019s works on the San Sebasti\u00e1n Metro","og_description":"We take a look today at progress on Azvi\u2019s 2.2 km section of the San Sebasti\u00e1n Metro for Euskal Trenbide Sarea (ETS).","og_url":"https:\/\/grupoazvinews.com\/en\/new-milestones-in-azvis-works-on-the-san-sebastian-metro\/","og_site_name":"NOTICIAS Grupo Azvi","article_published_time":"2026-03-11T14:02:34+00:00","article_modified_time":"2026-03-12T15:23:58+00:00","og_image":[{"width":735,"height":972,"url":"https:\/\/grupoazvinews.com\/wp-content\/uploads\/2026\/03\/Metro-de-San-Sebastian-1.jpg","type":"image\/jpeg"}],"author":"elena crespo","twitter_card":"summary_large_image","twitter_misc":{"Written by":"elena crespo","Est. reading time":"2 minutes"},"schema":{"@context":"https:\/\/schema.org","@graph":[{"@type":"Article","@id":"https:\/\/grupoazvinews.com\/en\/new-milestones-in-azvis-works-on-the-san-sebastian-metro\/#article","isPartOf":{"@id":"https:\/\/grupoazvinews.com\/en\/new-milestones-in-azvis-works-on-the-san-sebastian-metro\/"},"author":{"name":"elena crespo","@id":"https:\/\/grupoazvinews.com\/en\/#\/schema\/person\/3b45f37e62250372c4b65ea8ee1d6b32"},"headline":"New milestones in Azvi\u2019s works on the San Sebasti\u00e1n Metro","datePublished":"2026-03-11T14:02:34+00:00","dateModified":"2026-03-12T15:23:58+00:00","mainEntityOfPage":{"@id":"https:\/\/grupoazvinews.com\/en\/new-milestones-in-azvis-works-on-the-san-sebastian-metro\/"},"wordCount":231,"publisher":{"@id":"https:\/\/grupoazvinews.com\/en\/#organization"},"image":{"@id":"https:\/\/grupoazvinews.com\/en\/new-milestones-in-azvis-works-on-the-san-sebastian-metro\/#primaryimage"},"thumbnailUrl":"https:\/\/grupoazvinews.com\/wp-content\/uploads\/2026\/03\/Metro-de-San-Sebastian-1.jpg","keywords":["Azvi"],"articleSection":["Infrastructure"],"inLanguage":"en-US"},{"@type":"WebPage","@id":"https:\/\/grupoazvinews.com\/en\/new-milestones-in-azvis-works-on-the-san-sebastian-metro\/","url":"https:\/\/grupoazvinews.com\/en\/new-milestones-in-azvis-works-on-the-san-sebastian-metro\/","name":"New milestones in Azvi\u2019s works on the San Sebasti\u00e1n Metro","isPartOf":{"@id":"https:\/\/grupoazvinews.com\/en\/#website"},"primaryImageOfPage":{"@id":"https:\/\/grupoazvinews.com\/en\/new-milestones-in-azvis-works-on-the-san-sebastian-metro\/#primaryimage"},"image":{"@id":"https:\/\/grupoazvinews.com\/en\/new-milestones-in-azvis-works-on-the-san-sebastian-metro\/#primaryimage"},"thumbnailUrl":"https:\/\/grupoazvinews.com\/wp-content\/uploads\/2026\/03\/Metro-de-San-Sebastian-1.jpg","datePublished":"2026-03-11T14:02:34+00:00","dateModified":"2026-03-12T15:23:58+00:00","description":"We take a look today at progress on Azvi\u2019s 2.2 km section of the San Sebasti\u00e1n Metro for Euskal Trenbide Sarea (ETS).","breadcrumb":{"@id":"https:\/\/grupoazvinews.com\/en\/new-milestones-in-azvis-works-on-the-san-sebastian-metro\/#breadcrumb"},"inLanguage":"en-US","potentialAction":[{"@type":"ReadAction","target":["https:\/\/grupoazvinews.com\/en\/new-milestones-in-azvis-works-on-the-san-sebastian-metro\/"]}]},{"@type":"ImageObject","inLanguage":"en-US","@id":"https:\/\/grupoazvinews.com\/en\/new-milestones-in-azvis-works-on-the-san-sebastian-metro\/#primaryimage","url":"https:\/\/grupoazvinews.com\/wp-content\/uploads\/2026\/03\/Metro-de-San-Sebastian-1.jpg","contentUrl":"https:\/\/grupoazvinews.com\/wp-content\/uploads\/2026\/03\/Metro-de-San-Sebastian-1.jpg","width":735,"height":972},{"@type":"BreadcrumbList","@id":"https:\/\/grupoazvinews.com\/en\/new-milestones-in-azvis-works-on-the-san-sebastian-metro\/#breadcrumb","itemListElement":[{"@type":"ListItem","position":1,"name":"Portada","item":"https:\/\/grupoazvinews.com\/en\/"},{"@type":"ListItem","position":2,"name":"New milestones in Azvi\u2019s works on the San Sebasti\u00e1n Metro"}]},{"@type":"WebSite","@id":"https:\/\/grupoazvinews.com\/en\/#website","url":"https:\/\/grupoazvinews.com\/en\/","name":"Grupo Azvi News","description":"Grupo Azvi es una empresa centenaria cuyos or\u00edgenes e historia han estado estrechamente vinculados al desarrollo de las infraestructuras de nuestro pa\u00eds. Hoy, se ha convertido en la empresa l\u00edder de un grupo internacional, innovador, diversificado y sostenible.","publisher":{"@id":"https:\/\/grupoazvinews.com\/en\/#organization"},"alternateName":"Blog de noticias del Grupo Azvi","potentialAction":[{"@type":"SearchAction","target":{"@type":"EntryPoint","urlTemplate":"https:\/\/grupoazvinews.com\/en\/?s={search_term_string}"},"query-input":{"@type":"PropertyValueSpecification","valueRequired":true,"valueName":"search_term_string"}}],"inLanguage":"en-US"},{"@type":"Organization","@id":"https:\/\/grupoazvinews.com\/en\/#organization","name":"Grupo Azvi","alternateName":"Grupo Azvi","url":"https:\/\/grupoazvinews.com\/en\/","logo":{"@type":"ImageObject","inLanguage":"en-US","@id":"https:\/\/grupoazvinews.com\/en\/#\/schema\/logo\/image\/","url":"https:\/\/grupoazvinews.com\/wp-content\/uploads\/2024\/04\/GrupoAzvi-2018-transp-1.png","contentUrl":"https:\/\/grupoazvinews.com\/wp-content\/uploads\/2024\/04\/GrupoAzvi-2018-transp-1.png","width":1722,"height":486,"caption":"Grupo Azvi"},"image":{"@id":"https:\/\/grupoazvinews.com\/en\/#\/schema\/logo\/image\/"}},{"@type":"Person","@id":"https:\/\/grupoazvinews.com\/en\/#\/schema\/person\/3b45f37e62250372c4b65ea8ee1d6b32","name":"elena crespo","image":{"@type":"ImageObject","inLanguage":"en-US","@id":"https:\/\/grupoazvinews.com\/en\/#\/schema\/person\/image\/","url":"https:\/\/secure.gravatar.com\/avatar\/d8e04743de0db7ebf6755a44e3a3a4c0a263ad48b70ba3b7a584a0fb98d51a2d?s=96&d=mm&r=g","contentUrl":"https:\/\/secure.gravatar.com\/avatar\/d8e04743de0db7ebf6755a44e3a3a4c0a263ad48b70ba3b7a584a0fb98d51a2d?s=96&d=mm&r=g","caption":"elena crespo"},"url":"https:\/\/grupoazvinews.com\/en\/author\/elena\/"}]}},"_links":{"self":[{"href":"https:\/\/grupoazvinews.com\/en\/wp-json\/wp\/v2\/posts\/20306","targetHints":{"allow":["GET"]}}],"collection":[{"href":"https:\/\/grupoazvinews.com\/en\/wp-json\/wp\/v2\/posts"}],"about":[{"href":"https:\/\/grupoazvinews.com\/en\/wp-json\/wp\/v2\/types\/post"}],"author":[{"embeddable":true,"href":"https:\/\/grupoazvinews.com\/en\/wp-json\/wp\/v2\/users\/2"}],"replies":[{"embeddable":true,"href":"https:\/\/grupoazvinews.com\/en\/wp-json\/wp\/v2\/comments?post=20306"}],"version-history":[{"count":2,"href":"https:\/\/grupoazvinews.com\/en\/wp-json\/wp\/v2\/posts\/20306\/revisions"}],"predecessor-version":[{"id":20308,"href":"https:\/\/grupoazvinews.com\/en\/wp-json\/wp\/v2\/posts\/20306\/revisions\/20308"}],"wp:featuredmedia":[{"embeddable":true,"href":"https:\/\/grupoazvinews.com\/en\/wp-json\/wp\/v2\/media\/20285"}],"wp:attachment":[{"href":"https:\/\/grupoazvinews.com\/en\/wp-json\/wp\/v2\/media?parent=20306"}],"wp:term":[{"taxonomy":"category","embeddable":true,"href":"https:\/\/grupoazvinews.com\/en\/wp-json\/wp\/v2\/categories?post=20306"},{"taxonomy":"post_tag","embeddable":true,"href":"https:\/\/grupoazvinews.com\/en\/wp-json\/wp\/v2\/tags?post=20306"}],"curies":[{"name":"wp","href":"https:\/\/api.w.org\/{rel}","templated":true}]}}