{"id":20698,"date":"2026-04-27T17:50:32","date_gmt":"2026-04-27T15:50:32","guid":{"rendered":"https:\/\/grupoazvinews.com\/el-tren-suburbano-lecheria-aifa-comienza-la-operacion\/"},"modified":"2026-04-29T21:51:04","modified_gmt":"2026-04-29T19:51:04","slug":"the-lecheria-aifa-commuter-train-begins-operations","status":"publish","type":"post","link":"https:\/\/grupoazvinews.com\/en\/the-lecheria-aifa-commuter-train-begins-operations\/","title":{"rendered":"The Lecher\u00eda\u2013AIFA commuter train begins operations"},"content":{"rendered":"<p>[vc_row][vc_column][vc_column_text]<span style=\"color: #333333;\">The President of Mexico, <strong>Claudia Sheinbaum<\/strong>, presided over the inauguration of the <a style=\"color: #333333;\" href=\"https:\/\/youtu.be\/ozGQGbQthmc?si=ybbJ_B4UghRgN-aO\"><strong>Lecher\u00eda\u2013AIFA section<\/strong><\/a> of the major <strong><a style=\"color: #333333;\" href=\"https:\/\/trensuburbano.net\/\">commuter rail project<\/a><\/strong> connecting Mexico City (Buenavista station) with <strong><a style=\"color: #333333;\" href=\"https:\/\/aifa.aero\/\">Felipe \u00c1ngeles International Airport (AIFA)<\/a><\/strong>. Our subsidiary <strong>Cupisa<\/strong>, which specialises in the installation of electromechanical and technological systems, \u00a0participated in this expansion.<\/span><\/p>\n<p><span style=\"color: #333333;\">Along the 23.7 km double-track section <strong>Cupisa<\/strong> was involved in the installation of <strong>flexible catenary systems<\/strong>, <strong>electrification works<\/strong>, and the <strong>relocation of compensation sectioning<\/strong>, among other works.<\/span><\/p>\n<p><span style=\"color: #333333;\">The event was attended by senior Mexican government representatives, including the Governor of the State of Mexico, <strong>Delfina G\u00f3mez \u00c1lvarez<\/strong>; the Head of Government of Mexico City, <strong>Clara Brugada Molina<\/strong>; the Governor of the State of Hidalgo, <strong>Julio Menchaca Salazar<\/strong>; the Director of the Agency for Trains and Integrated Public Transport, <strong>Andr\u00e9s Lajous Loaeza<\/strong>; the Minister \u00a0of Infrastructure, Communications and Transportation (SICT),<strong> Jes\u00fas Antonio Esteva Medina<\/strong>; the Director General of the National Bank of Public Works and Services, <strong>Jorge Mendoza S\u00e1nchez<\/strong>; and the resident engineer from the Ministry of National Defence, <strong>Iv\u00e1n Hern\u00e1ndez Uribe<\/strong>, among other representatives from the public and private sectors.<\/span><\/p>\n<p><span style=\"color: #333333;\">This new section will benefit more than 80,000 passengers, reducing journey times to 43 minutes.<\/span><\/p>\n<p><span style=\"color: #333333;\">A decisive step <strong>toward more modern<\/strong>, <strong>efficient<\/strong>, and <strong>sustainable mobility<\/strong> for thousands of people.<\/span>[\/vc_column_text][vc_single_image image=&#8221;20661&#8243;][\/vc_column][\/vc_row]<\/p>\n","protected":false},"excerpt":{"rendered":"<p>[vc_row][vc_column][vc_column_text]The President of Mexico, Claudia Sheinbaum, presided over the inauguration of the Lecher\u00eda\u2013AIFA section of the major commuter rail project connecting Mexico City (Buenavista station) with Felipe \u00c1ngeles International Airport (AIFA). Our subsidiary Cupisa, which specialises in the installation of electromechanical and technological systems, \u00a0participated in this expansion. Along the 23.7 km double-track section Cupisa [&hellip;]<\/p>\n","protected":false},"author":2,"featured_media":20659,"comment_status":"closed","ping_status":"closed","sticky":false,"template":"","format":"standard","meta":{"footnotes":""},"categories":[1127,1130],"tags":[1126,1129,1135],"class_list":["post-20698","post","type-post","status-publish","format-standard","has-post-thumbnail","hentry","category-railway","category-infrastructure","tag-grupo-azvi-en","tag-conventional-rail","tag-construcciones-urales-en"],"yoast_head":"<!-- This site is optimized with the Yoast SEO plugin v27.0 - https:\/\/yoast.com\/product\/yoast-seo-wordpress\/ -->\n<title>The Lecher\u00eda\u2013AIFA commuter train begins operations<\/title>\n<meta name=\"description\" content=\"The President of Mexico, Claudia Sheinbaum, presided over the inauguration of the Lecher\u00eda\u2013AIFA section of the major commuter rail project. Our subsidiary Cupisa, which specialises in the installation of electromechanical and technological systems, participated in this expansion.\" \/>\n<meta name=\"robots\" content=\"index, follow, max-snippet:-1, max-image-preview:large, max-video-preview:-1\" \/>\n<link rel=\"canonical\" href=\"https:\/\/grupoazvinews.com\/en\/the-lecheria-aifa-commuter-train-begins-operations\/\" \/>\n<meta property=\"og:locale\" content=\"en_US\" \/>\n<meta property=\"og:type\" content=\"article\" \/>\n<meta property=\"og:title\" content=\"The Lecher\u00eda\u2013AIFA commuter train begins operations\" \/>\n<meta property=\"og:description\" content=\"The President of Mexico, Claudia Sheinbaum, presided over the inauguration of the Lecher\u00eda\u2013AIFA section of the major commuter rail project. Our subsidiary Cupisa, which specialises in the installation of electromechanical and technological systems, participated in this expansion.\" \/>\n<meta property=\"og:url\" content=\"https:\/\/grupoazvinews.com\/en\/the-lecheria-aifa-commuter-train-begins-operations\/\" \/>\n<meta property=\"og:site_name\" content=\"NOTICIAS Grupo Azvi\" \/>\n<meta property=\"article:published_time\" content=\"2026-04-27T15:50:32+00:00\" \/>\n<meta property=\"article:modified_time\" content=\"2026-04-29T19:51:04+00:00\" \/>\n<meta property=\"og:image\" content=\"https:\/\/grupoazvinews.com\/wp-content\/uploads\/2026\/04\/Puesta-en-marcha-Tren-Suburbano-Lecheria-AIFA-3.jpg\" \/>\n\t<meta property=\"og:image:width\" content=\"1280\" \/>\n\t<meta property=\"og:image:height\" content=\"854\" \/>\n\t<meta property=\"og:image:type\" content=\"image\/jpeg\" \/>\n<meta name=\"author\" content=\"elena crespo\" \/>\n<meta name=\"twitter:card\" content=\"summary_large_image\" \/>\n<meta name=\"twitter:label1\" content=\"Written by\" \/>\n\t<meta name=\"twitter:data1\" content=\"elena crespo\" \/>\n\t<meta name=\"twitter:label2\" content=\"Est. reading time\" \/>\n\t<meta name=\"twitter:data2\" content=\"2 minutes\" \/>\n<script type=\"application\/ld+json\" class=\"yoast-schema-graph\">{\"@context\":\"https:\/\/schema.org\",\"@graph\":[{\"@type\":\"Article\",\"@id\":\"https:\/\/grupoazvinews.com\/en\/the-lecheria-aifa-commuter-train-begins-operations\/#article\",\"isPartOf\":{\"@id\":\"https:\/\/grupoazvinews.com\/en\/the-lecheria-aifa-commuter-train-begins-operations\/\"},\"author\":{\"name\":\"elena crespo\",\"@id\":\"https:\/\/grupoazvinews.com\/en\/#\/schema\/person\/3b45f37e62250372c4b65ea8ee1d6b32\"},\"headline\":\"The Lecher\u00eda\u2013AIFA commuter train begins operations\",\"datePublished\":\"2026-04-27T15:50:32+00:00\",\"dateModified\":\"2026-04-29T19:51:04+00:00\",\"mainEntityOfPage\":{\"@id\":\"https:\/\/grupoazvinews.com\/en\/the-lecheria-aifa-commuter-train-begins-operations\/\"},\"wordCount\":238,\"publisher\":{\"@id\":\"https:\/\/grupoazvinews.com\/en\/#organization\"},\"image\":{\"@id\":\"https:\/\/grupoazvinews.com\/en\/the-lecheria-aifa-commuter-train-begins-operations\/#primaryimage\"},\"thumbnailUrl\":\"https:\/\/grupoazvinews.com\/wp-content\/uploads\/2026\/04\/Puesta-en-marcha-Tren-Suburbano-Lecheria-AIFA-3.jpg\",\"keywords\":[\"Grupo Azvi\",\"Conventional rail\",\"Construcciones Urales\"],\"articleSection\":[\"Railway\",\"Infrastructure\"],\"inLanguage\":\"en-US\"},{\"@type\":\"WebPage\",\"@id\":\"https:\/\/grupoazvinews.com\/en\/the-lecheria-aifa-commuter-train-begins-operations\/\",\"url\":\"https:\/\/grupoazvinews.com\/en\/the-lecheria-aifa-commuter-train-begins-operations\/\",\"name\":\"The Lecher\u00eda\u2013AIFA commuter train begins operations\",\"isPartOf\":{\"@id\":\"https:\/\/grupoazvinews.com\/en\/#website\"},\"primaryImageOfPage\":{\"@id\":\"https:\/\/grupoazvinews.com\/en\/the-lecheria-aifa-commuter-train-begins-operations\/#primaryimage\"},\"image\":{\"@id\":\"https:\/\/grupoazvinews.com\/en\/the-lecheria-aifa-commuter-train-begins-operations\/#primaryimage\"},\"thumbnailUrl\":\"https:\/\/grupoazvinews.com\/wp-content\/uploads\/2026\/04\/Puesta-en-marcha-Tren-Suburbano-Lecheria-AIFA-3.jpg\",\"datePublished\":\"2026-04-27T15:50:32+00:00\",\"dateModified\":\"2026-04-29T19:51:04+00:00\",\"description\":\"The President of Mexico, Claudia Sheinbaum, presided over the inauguration of the Lecher\u00eda\u2013AIFA section of the major commuter rail project. Our subsidiary Cupisa, which specialises in the installation of electromechanical and technological systems, participated in this expansion.\",\"breadcrumb\":{\"@id\":\"https:\/\/grupoazvinews.com\/en\/the-lecheria-aifa-commuter-train-begins-operations\/#breadcrumb\"},\"inLanguage\":\"en-US\",\"potentialAction\":[{\"@type\":\"ReadAction\",\"target\":[\"https:\/\/grupoazvinews.com\/en\/the-lecheria-aifa-commuter-train-begins-operations\/\"]}]},{\"@type\":\"ImageObject\",\"inLanguage\":\"en-US\",\"@id\":\"https:\/\/grupoazvinews.com\/en\/the-lecheria-aifa-commuter-train-begins-operations\/#primaryimage\",\"url\":\"https:\/\/grupoazvinews.com\/wp-content\/uploads\/2026\/04\/Puesta-en-marcha-Tren-Suburbano-Lecheria-AIFA-3.jpg\",\"contentUrl\":\"https:\/\/grupoazvinews.com\/wp-content\/uploads\/2026\/04\/Puesta-en-marcha-Tren-Suburbano-Lecheria-AIFA-3.jpg\",\"width\":1280,\"height\":854},{\"@type\":\"BreadcrumbList\",\"@id\":\"https:\/\/grupoazvinews.com\/en\/the-lecheria-aifa-commuter-train-begins-operations\/#breadcrumb\",\"itemListElement\":[{\"@type\":\"ListItem\",\"position\":1,\"name\":\"Portada\",\"item\":\"https:\/\/grupoazvinews.com\/en\/\"},{\"@type\":\"ListItem\",\"position\":2,\"name\":\"The Lecher\u00eda\u2013AIFA commuter train begins operations\"}]},{\"@type\":\"WebSite\",\"@id\":\"https:\/\/grupoazvinews.com\/en\/#website\",\"url\":\"https:\/\/grupoazvinews.com\/en\/\",\"name\":\"Grupo Azvi News\",\"description\":\"Grupo Azvi es una empresa centenaria cuyos or\u00edgenes e historia han estado estrechamente vinculados al desarrollo de las infraestructuras de nuestro pa\u00eds. Hoy, se ha convertido en la empresa l\u00edder de un grupo internacional, innovador, diversificado y sostenible.\",\"publisher\":{\"@id\":\"https:\/\/grupoazvinews.com\/en\/#organization\"},\"alternateName\":\"Blog de noticias del Grupo Azvi\",\"potentialAction\":[{\"@type\":\"SearchAction\",\"target\":{\"@type\":\"EntryPoint\",\"urlTemplate\":\"https:\/\/grupoazvinews.com\/en\/?s={search_term_string}\"},\"query-input\":{\"@type\":\"PropertyValueSpecification\",\"valueRequired\":true,\"valueName\":\"search_term_string\"}}],\"inLanguage\":\"en-US\"},{\"@type\":\"Organization\",\"@id\":\"https:\/\/grupoazvinews.com\/en\/#organization\",\"name\":\"Grupo Azvi\",\"alternateName\":\"Grupo Azvi\",\"url\":\"https:\/\/grupoazvinews.com\/en\/\",\"logo\":{\"@type\":\"ImageObject\",\"inLanguage\":\"en-US\",\"@id\":\"https:\/\/grupoazvinews.com\/en\/#\/schema\/logo\/image\/\",\"url\":\"https:\/\/grupoazvinews.com\/wp-content\/uploads\/2024\/04\/GrupoAzvi-2018-transp-1.png\",\"contentUrl\":\"https:\/\/grupoazvinews.com\/wp-content\/uploads\/2024\/04\/GrupoAzvi-2018-transp-1.png\",\"width\":1722,\"height\":486,\"caption\":\"Grupo Azvi\"},\"image\":{\"@id\":\"https:\/\/grupoazvinews.com\/en\/#\/schema\/logo\/image\/\"}},{\"@type\":\"Person\",\"@id\":\"https:\/\/grupoazvinews.com\/en\/#\/schema\/person\/3b45f37e62250372c4b65ea8ee1d6b32\",\"name\":\"elena crespo\",\"image\":{\"@type\":\"ImageObject\",\"inLanguage\":\"en-US\",\"@id\":\"https:\/\/grupoazvinews.com\/en\/#\/schema\/person\/image\/\",\"url\":\"https:\/\/secure.gravatar.com\/avatar\/d8e04743de0db7ebf6755a44e3a3a4c0a263ad48b70ba3b7a584a0fb98d51a2d?s=96&d=mm&r=g\",\"contentUrl\":\"https:\/\/secure.gravatar.com\/avatar\/d8e04743de0db7ebf6755a44e3a3a4c0a263ad48b70ba3b7a584a0fb98d51a2d?s=96&d=mm&r=g\",\"caption\":\"elena crespo\"},\"url\":\"https:\/\/grupoazvinews.com\/en\/author\/elena\/\"}]}<\/script>\n<!-- \/ Yoast SEO plugin. -->","yoast_head_json":{"title":"The Lecher\u00eda\u2013AIFA commuter train begins operations","description":"The President of Mexico, Claudia Sheinbaum, presided over the inauguration of the Lecher\u00eda\u2013AIFA section of the major commuter rail project. Our subsidiary Cupisa, which specialises in the installation of electromechanical and technological systems, participated in this expansion.","robots":{"index":"index","follow":"follow","max-snippet":"max-snippet:-1","max-image-preview":"max-image-preview:large","max-video-preview":"max-video-preview:-1"},"canonical":"https:\/\/grupoazvinews.com\/en\/the-lecheria-aifa-commuter-train-begins-operations\/","og_locale":"en_US","og_type":"article","og_title":"The Lecher\u00eda\u2013AIFA commuter train begins operations","og_description":"The President of Mexico, Claudia Sheinbaum, presided over the inauguration of the Lecher\u00eda\u2013AIFA section of the major commuter rail project. Our subsidiary Cupisa, which specialises in the installation of electromechanical and technological systems, participated in this expansion.","og_url":"https:\/\/grupoazvinews.com\/en\/the-lecheria-aifa-commuter-train-begins-operations\/","og_site_name":"NOTICIAS Grupo Azvi","article_published_time":"2026-04-27T15:50:32+00:00","article_modified_time":"2026-04-29T19:51:04+00:00","og_image":[{"width":1280,"height":854,"url":"https:\/\/grupoazvinews.com\/wp-content\/uploads\/2026\/04\/Puesta-en-marcha-Tren-Suburbano-Lecheria-AIFA-3.jpg","type":"image\/jpeg"}],"author":"elena crespo","twitter_card":"summary_large_image","twitter_misc":{"Written by":"elena crespo","Est. reading time":"2 minutes"},"schema":{"@context":"https:\/\/schema.org","@graph":[{"@type":"Article","@id":"https:\/\/grupoazvinews.com\/en\/the-lecheria-aifa-commuter-train-begins-operations\/#article","isPartOf":{"@id":"https:\/\/grupoazvinews.com\/en\/the-lecheria-aifa-commuter-train-begins-operations\/"},"author":{"name":"elena crespo","@id":"https:\/\/grupoazvinews.com\/en\/#\/schema\/person\/3b45f37e62250372c4b65ea8ee1d6b32"},"headline":"The Lecher\u00eda\u2013AIFA commuter train begins operations","datePublished":"2026-04-27T15:50:32+00:00","dateModified":"2026-04-29T19:51:04+00:00","mainEntityOfPage":{"@id":"https:\/\/grupoazvinews.com\/en\/the-lecheria-aifa-commuter-train-begins-operations\/"},"wordCount":238,"publisher":{"@id":"https:\/\/grupoazvinews.com\/en\/#organization"},"image":{"@id":"https:\/\/grupoazvinews.com\/en\/the-lecheria-aifa-commuter-train-begins-operations\/#primaryimage"},"thumbnailUrl":"https:\/\/grupoazvinews.com\/wp-content\/uploads\/2026\/04\/Puesta-en-marcha-Tren-Suburbano-Lecheria-AIFA-3.jpg","keywords":["Grupo Azvi","Conventional rail","Construcciones Urales"],"articleSection":["Railway","Infrastructure"],"inLanguage":"en-US"},{"@type":"WebPage","@id":"https:\/\/grupoazvinews.com\/en\/the-lecheria-aifa-commuter-train-begins-operations\/","url":"https:\/\/grupoazvinews.com\/en\/the-lecheria-aifa-commuter-train-begins-operations\/","name":"The Lecher\u00eda\u2013AIFA commuter train begins operations","isPartOf":{"@id":"https:\/\/grupoazvinews.com\/en\/#website"},"primaryImageOfPage":{"@id":"https:\/\/grupoazvinews.com\/en\/the-lecheria-aifa-commuter-train-begins-operations\/#primaryimage"},"image":{"@id":"https:\/\/grupoazvinews.com\/en\/the-lecheria-aifa-commuter-train-begins-operations\/#primaryimage"},"thumbnailUrl":"https:\/\/grupoazvinews.com\/wp-content\/uploads\/2026\/04\/Puesta-en-marcha-Tren-Suburbano-Lecheria-AIFA-3.jpg","datePublished":"2026-04-27T15:50:32+00:00","dateModified":"2026-04-29T19:51:04+00:00","description":"The President of Mexico, Claudia Sheinbaum, presided over the inauguration of the Lecher\u00eda\u2013AIFA section of the major commuter rail project. Our subsidiary Cupisa, which specialises in the installation of electromechanical and technological systems, participated in this expansion.","breadcrumb":{"@id":"https:\/\/grupoazvinews.com\/en\/the-lecheria-aifa-commuter-train-begins-operations\/#breadcrumb"},"inLanguage":"en-US","potentialAction":[{"@type":"ReadAction","target":["https:\/\/grupoazvinews.com\/en\/the-lecheria-aifa-commuter-train-begins-operations\/"]}]},{"@type":"ImageObject","inLanguage":"en-US","@id":"https:\/\/grupoazvinews.com\/en\/the-lecheria-aifa-commuter-train-begins-operations\/#primaryimage","url":"https:\/\/grupoazvinews.com\/wp-content\/uploads\/2026\/04\/Puesta-en-marcha-Tren-Suburbano-Lecheria-AIFA-3.jpg","contentUrl":"https:\/\/grupoazvinews.com\/wp-content\/uploads\/2026\/04\/Puesta-en-marcha-Tren-Suburbano-Lecheria-AIFA-3.jpg","width":1280,"height":854},{"@type":"BreadcrumbList","@id":"https:\/\/grupoazvinews.com\/en\/the-lecheria-aifa-commuter-train-begins-operations\/#breadcrumb","itemListElement":[{"@type":"ListItem","position":1,"name":"Portada","item":"https:\/\/grupoazvinews.com\/en\/"},{"@type":"ListItem","position":2,"name":"The Lecher\u00eda\u2013AIFA commuter train begins operations"}]},{"@type":"WebSite","@id":"https:\/\/grupoazvinews.com\/en\/#website","url":"https:\/\/grupoazvinews.com\/en\/","name":"Grupo Azvi News","description":"Grupo Azvi es una empresa centenaria cuyos or\u00edgenes e historia han estado estrechamente vinculados al desarrollo de las infraestructuras de nuestro pa\u00eds. Hoy, se ha convertido en la empresa l\u00edder de un grupo internacional, innovador, diversificado y sostenible.","publisher":{"@id":"https:\/\/grupoazvinews.com\/en\/#organization"},"alternateName":"Blog de noticias del Grupo Azvi","potentialAction":[{"@type":"SearchAction","target":{"@type":"EntryPoint","urlTemplate":"https:\/\/grupoazvinews.com\/en\/?s={search_term_string}"},"query-input":{"@type":"PropertyValueSpecification","valueRequired":true,"valueName":"search_term_string"}}],"inLanguage":"en-US"},{"@type":"Organization","@id":"https:\/\/grupoazvinews.com\/en\/#organization","name":"Grupo Azvi","alternateName":"Grupo Azvi","url":"https:\/\/grupoazvinews.com\/en\/","logo":{"@type":"ImageObject","inLanguage":"en-US","@id":"https:\/\/grupoazvinews.com\/en\/#\/schema\/logo\/image\/","url":"https:\/\/grupoazvinews.com\/wp-content\/uploads\/2024\/04\/GrupoAzvi-2018-transp-1.png","contentUrl":"https:\/\/grupoazvinews.com\/wp-content\/uploads\/2024\/04\/GrupoAzvi-2018-transp-1.png","width":1722,"height":486,"caption":"Grupo Azvi"},"image":{"@id":"https:\/\/grupoazvinews.com\/en\/#\/schema\/logo\/image\/"}},{"@type":"Person","@id":"https:\/\/grupoazvinews.com\/en\/#\/schema\/person\/3b45f37e62250372c4b65ea8ee1d6b32","name":"elena crespo","image":{"@type":"ImageObject","inLanguage":"en-US","@id":"https:\/\/grupoazvinews.com\/en\/#\/schema\/person\/image\/","url":"https:\/\/secure.gravatar.com\/avatar\/d8e04743de0db7ebf6755a44e3a3a4c0a263ad48b70ba3b7a584a0fb98d51a2d?s=96&d=mm&r=g","contentUrl":"https:\/\/secure.gravatar.com\/avatar\/d8e04743de0db7ebf6755a44e3a3a4c0a263ad48b70ba3b7a584a0fb98d51a2d?s=96&d=mm&r=g","caption":"elena crespo"},"url":"https:\/\/grupoazvinews.com\/en\/author\/elena\/"}]}},"_links":{"self":[{"href":"https:\/\/grupoazvinews.com\/en\/wp-json\/wp\/v2\/posts\/20698","targetHints":{"allow":["GET"]}}],"collection":[{"href":"https:\/\/grupoazvinews.com\/en\/wp-json\/wp\/v2\/posts"}],"about":[{"href":"https:\/\/grupoazvinews.com\/en\/wp-json\/wp\/v2\/types\/post"}],"author":[{"embeddable":true,"href":"https:\/\/grupoazvinews.com\/en\/wp-json\/wp\/v2\/users\/2"}],"replies":[{"embeddable":true,"href":"https:\/\/grupoazvinews.com\/en\/wp-json\/wp\/v2\/comments?post=20698"}],"version-history":[{"count":3,"href":"https:\/\/grupoazvinews.com\/en\/wp-json\/wp\/v2\/posts\/20698\/revisions"}],"predecessor-version":[{"id":20701,"href":"https:\/\/grupoazvinews.com\/en\/wp-json\/wp\/v2\/posts\/20698\/revisions\/20701"}],"wp:featuredmedia":[{"embeddable":true,"href":"https:\/\/grupoazvinews.com\/en\/wp-json\/wp\/v2\/media\/20659"}],"wp:attachment":[{"href":"https:\/\/grupoazvinews.com\/en\/wp-json\/wp\/v2\/media?parent=20698"}],"wp:term":[{"taxonomy":"category","embeddable":true,"href":"https:\/\/grupoazvinews.com\/en\/wp-json\/wp\/v2\/categories?post=20698"},{"taxonomy":"post_tag","embeddable":true,"href":"https:\/\/grupoazvinews.com\/en\/wp-json\/wp\/v2\/tags?post=20698"}],"curies":[{"name":"wp","href":"https:\/\/api.w.org\/{rel}","templated":true}]}}