{"id":20914,"date":"2026-06-05T08:37:47","date_gmt":"2026-06-05T06:37:47","guid":{"rendered":"https:\/\/grupoazvinews.com\/celebramos-el-dia-mundial-del-medio-ambiente\/"},"modified":"2026-06-05T10:19:01","modified_gmt":"2026-06-05T08:19:01","slug":"we-celebrate-world-environment-day","status":"publish","type":"post","link":"https:\/\/grupoazvinews.com\/en\/we-celebrate-world-environment-day\/","title":{"rendered":"We celebrate World Environment Day"},"content":{"rendered":"<p>[vc_row][vc_column][vc_column_text]<span data-contrast=\"auto\">On <strong>World Environment Day<\/strong>, Grupo Azvi reaffirms its commitment to <strong>sustainability<\/strong> and the fight against <strong>climate change<\/strong>.<\/span><span data-ccp-props=\"{}\">\u00a0<\/span><\/p>\n<p><span data-contrast=\"auto\">For more than a decade, we have been\u00a0measuring and reducing our carbon footprint\u00a0&#8211;\u00a0a journey\u00a0that began\u00a0in 2014 with the first calculation carried out by\u00a0<a href=\"https:\/\/www.azvi.es\/\">Azvi\u00a0<\/a>and\u00a0has since been progressively extended\u00a0to the rest of the Group\u2019s business lines and companies.<\/span><span data-ccp-props=\"{}\">\u00a0<\/span><\/p>\n<p><span data-contrast=\"auto\">In recent years, we have continued to make progress by\u00a0bringing\u00a0our\u00a0subsidiaries, joint\u00a0ventures\u00a0and investee companies into the carbon footprint calculation process, both in Spain and internationally.<\/span><span data-ccp-props=\"{}\">\u00a0<\/span><\/p>\n<p><span data-contrast=\"auto\">As a result of this work, our companies\u2019 carbon footprints are now calculated and verified by <strong>AENOR<\/strong>.<\/span><span data-ccp-props=\"{}\">\u00a0<\/span><\/p>\n<p><span data-contrast=\"auto\">Because every action counts:<\/span><span data-ccp-props=\"{}\">\u00a0<\/span><\/p>\n<ul>\n<li><span data-contrast=\"auto\">We are committed to the responsible use of resources.<\/span><span data-ccp-props=\"{}\">\u00a0<\/span><\/li>\n<li><span data-contrast=\"auto\">We promote more sustainable and innovative solutions.<\/span><span data-ccp-props=\"{}\">\u00a0<\/span><\/li>\n<li><span data-contrast=\"auto\">We encourage responsible habits in our daily activities.<\/span><span data-ccp-props=\"{}\">\u00a0<\/span><\/li>\n<\/ul>\n<p><span data-contrast=\"auto\">Together, we continue building a more <strong>sustainable<\/strong> future.<\/span><span data-ccp-props=\"{}\">\u00a0<\/span>[\/vc_column_text][\/vc_column][\/vc_row][vc_row][vc_column][vc_single_image image=&#8221;20916&#8243;][\/vc_column][\/vc_row]<\/p>\n","protected":false},"excerpt":{"rendered":"<p>[vc_row][vc_column][vc_column_text]On World Environment Day, Grupo Azvi reaffirms its commitment to sustainability and the fight against climate change.\u00a0 For more than a decade, we have been\u00a0measuring and reducing our carbon footprint\u00a0&#8211;\u00a0a journey\u00a0that began\u00a0in 2014 with the first calculation carried out by\u00a0Azvi\u00a0and\u00a0has since been progressively extended\u00a0to the rest of the Group\u2019s business lines and companies.\u00a0 In recent [&hellip;]<\/p>\n","protected":false},"author":2,"featured_media":20916,"comment_status":"closed","ping_status":"closed","sticky":false,"template":"","format":"standard","meta":{"footnotes":""},"categories":[1125],"tags":[1126],"class_list":["post-20914","post","type-post","status-publish","format-standard","has-post-thumbnail","hentry","category-sustainability","tag-grupo-azvi-en"],"yoast_head":"<!-- This site is optimized with the Yoast SEO plugin v27.0 - https:\/\/yoast.com\/product\/yoast-seo-wordpress\/ -->\n<title>We celebrate World Environment Day<\/title>\n<meta name=\"description\" content=\"On World Environment Day, Grupo Azvi reaffirms its commitment to sustainability and the fight against climate change.\" \/>\n<meta name=\"robots\" content=\"index, follow, max-snippet:-1, max-image-preview:large, max-video-preview:-1\" \/>\n<link rel=\"canonical\" href=\"https:\/\/grupoazvinews.com\/en\/we-celebrate-world-environment-day\/\" \/>\n<meta property=\"og:locale\" content=\"en_US\" \/>\n<meta property=\"og:type\" content=\"article\" \/>\n<meta property=\"og:title\" content=\"We celebrate World Environment Day\" \/>\n<meta property=\"og:description\" content=\"On World Environment Day, Grupo Azvi reaffirms its commitment to sustainability and the fight against climate change.\" \/>\n<meta property=\"og:url\" content=\"https:\/\/grupoazvinews.com\/en\/we-celebrate-world-environment-day\/\" \/>\n<meta property=\"og:site_name\" content=\"NOTICIAS Grupo Azvi\" \/>\n<meta property=\"article:published_time\" content=\"2026-06-05T06:37:47+00:00\" \/>\n<meta property=\"article:modified_time\" content=\"2026-06-05T08:19:01+00:00\" \/>\n<meta property=\"og:image\" content=\"https:\/\/grupoazvinews.com\/wp-content\/uploads\/2026\/06\/ENG_Static_Card_1_1x1.png\" \/>\n\t<meta property=\"og:image:width\" content=\"1080\" \/>\n\t<meta property=\"og:image:height\" content=\"1080\" \/>\n\t<meta property=\"og:image:type\" content=\"image\/png\" \/>\n<meta name=\"author\" content=\"elena crespo\" \/>\n<meta name=\"twitter:card\" content=\"summary_large_image\" \/>\n<meta name=\"twitter:label1\" content=\"Written by\" \/>\n\t<meta name=\"twitter:data1\" content=\"elena crespo\" \/>\n\t<meta name=\"twitter:label2\" content=\"Est. reading time\" \/>\n\t<meta name=\"twitter:data2\" content=\"2 minutes\" \/>\n<script type=\"application\/ld+json\" class=\"yoast-schema-graph\">{\"@context\":\"https:\/\/schema.org\",\"@graph\":[{\"@type\":\"Article\",\"@id\":\"https:\/\/grupoazvinews.com\/en\/we-celebrate-world-environment-day\/#article\",\"isPartOf\":{\"@id\":\"https:\/\/grupoazvinews.com\/en\/we-celebrate-world-environment-day\/\"},\"author\":{\"name\":\"elena crespo\",\"@id\":\"https:\/\/grupoazvinews.com\/en\/#\/schema\/person\/3b45f37e62250372c4b65ea8ee1d6b32\"},\"headline\":\"We celebrate World Environment Day\",\"datePublished\":\"2026-06-05T06:37:47+00:00\",\"dateModified\":\"2026-06-05T08:19:01+00:00\",\"mainEntityOfPage\":{\"@id\":\"https:\/\/grupoazvinews.com\/en\/we-celebrate-world-environment-day\/\"},\"wordCount\":175,\"publisher\":{\"@id\":\"https:\/\/grupoazvinews.com\/en\/#organization\"},\"image\":{\"@id\":\"https:\/\/grupoazvinews.com\/en\/we-celebrate-world-environment-day\/#primaryimage\"},\"thumbnailUrl\":\"https:\/\/grupoazvinews.com\/wp-content\/uploads\/2026\/06\/ENG_Static_Card_1_1x1.png\",\"keywords\":[\"Grupo Azvi\"],\"articleSection\":[\"Sustainability\"],\"inLanguage\":\"en-US\"},{\"@type\":\"WebPage\",\"@id\":\"https:\/\/grupoazvinews.com\/en\/we-celebrate-world-environment-day\/\",\"url\":\"https:\/\/grupoazvinews.com\/en\/we-celebrate-world-environment-day\/\",\"name\":\"We celebrate World Environment Day\",\"isPartOf\":{\"@id\":\"https:\/\/grupoazvinews.com\/en\/#website\"},\"primaryImageOfPage\":{\"@id\":\"https:\/\/grupoazvinews.com\/en\/we-celebrate-world-environment-day\/#primaryimage\"},\"image\":{\"@id\":\"https:\/\/grupoazvinews.com\/en\/we-celebrate-world-environment-day\/#primaryimage\"},\"thumbnailUrl\":\"https:\/\/grupoazvinews.com\/wp-content\/uploads\/2026\/06\/ENG_Static_Card_1_1x1.png\",\"datePublished\":\"2026-06-05T06:37:47+00:00\",\"dateModified\":\"2026-06-05T08:19:01+00:00\",\"description\":\"On World Environment Day, Grupo Azvi reaffirms its commitment to sustainability and the fight against climate change.\",\"breadcrumb\":{\"@id\":\"https:\/\/grupoazvinews.com\/en\/we-celebrate-world-environment-day\/#breadcrumb\"},\"inLanguage\":\"en-US\",\"potentialAction\":[{\"@type\":\"ReadAction\",\"target\":[\"https:\/\/grupoazvinews.com\/en\/we-celebrate-world-environment-day\/\"]}]},{\"@type\":\"ImageObject\",\"inLanguage\":\"en-US\",\"@id\":\"https:\/\/grupoazvinews.com\/en\/we-celebrate-world-environment-day\/#primaryimage\",\"url\":\"https:\/\/grupoazvinews.com\/wp-content\/uploads\/2026\/06\/ENG_Static_Card_1_1x1.png\",\"contentUrl\":\"https:\/\/grupoazvinews.com\/wp-content\/uploads\/2026\/06\/ENG_Static_Card_1_1x1.png\",\"width\":1080,\"height\":1080},{\"@type\":\"BreadcrumbList\",\"@id\":\"https:\/\/grupoazvinews.com\/en\/we-celebrate-world-environment-day\/#breadcrumb\",\"itemListElement\":[{\"@type\":\"ListItem\",\"position\":1,\"name\":\"Portada\",\"item\":\"https:\/\/grupoazvinews.com\/en\/\"},{\"@type\":\"ListItem\",\"position\":2,\"name\":\"We celebrate World Environment Day\"}]},{\"@type\":\"WebSite\",\"@id\":\"https:\/\/grupoazvinews.com\/en\/#website\",\"url\":\"https:\/\/grupoazvinews.com\/en\/\",\"name\":\"Grupo Azvi News\",\"description\":\"Grupo Azvi es una empresa centenaria cuyos or\u00edgenes e historia han estado estrechamente vinculados al desarrollo de las infraestructuras de nuestro pa\u00eds. Hoy, se ha convertido en la empresa l\u00edder de un grupo internacional, innovador, diversificado y sostenible.\",\"publisher\":{\"@id\":\"https:\/\/grupoazvinews.com\/en\/#organization\"},\"alternateName\":\"Blog de noticias del Grupo Azvi\",\"potentialAction\":[{\"@type\":\"SearchAction\",\"target\":{\"@type\":\"EntryPoint\",\"urlTemplate\":\"https:\/\/grupoazvinews.com\/en\/?s={search_term_string}\"},\"query-input\":{\"@type\":\"PropertyValueSpecification\",\"valueRequired\":true,\"valueName\":\"search_term_string\"}}],\"inLanguage\":\"en-US\"},{\"@type\":\"Organization\",\"@id\":\"https:\/\/grupoazvinews.com\/en\/#organization\",\"name\":\"Grupo Azvi\",\"alternateName\":\"Grupo Azvi\",\"url\":\"https:\/\/grupoazvinews.com\/en\/\",\"logo\":{\"@type\":\"ImageObject\",\"inLanguage\":\"en-US\",\"@id\":\"https:\/\/grupoazvinews.com\/en\/#\/schema\/logo\/image\/\",\"url\":\"https:\/\/grupoazvinews.com\/wp-content\/uploads\/2024\/04\/GrupoAzvi-2018-transp-1.png\",\"contentUrl\":\"https:\/\/grupoazvinews.com\/wp-content\/uploads\/2024\/04\/GrupoAzvi-2018-transp-1.png\",\"width\":1722,\"height\":486,\"caption\":\"Grupo Azvi\"},\"image\":{\"@id\":\"https:\/\/grupoazvinews.com\/en\/#\/schema\/logo\/image\/\"}},{\"@type\":\"Person\",\"@id\":\"https:\/\/grupoazvinews.com\/en\/#\/schema\/person\/3b45f37e62250372c4b65ea8ee1d6b32\",\"name\":\"elena crespo\",\"image\":{\"@type\":\"ImageObject\",\"inLanguage\":\"en-US\",\"@id\":\"https:\/\/grupoazvinews.com\/en\/#\/schema\/person\/image\/\",\"url\":\"https:\/\/secure.gravatar.com\/avatar\/d8e04743de0db7ebf6755a44e3a3a4c0a263ad48b70ba3b7a584a0fb98d51a2d?s=96&d=mm&r=g\",\"contentUrl\":\"https:\/\/secure.gravatar.com\/avatar\/d8e04743de0db7ebf6755a44e3a3a4c0a263ad48b70ba3b7a584a0fb98d51a2d?s=96&d=mm&r=g\",\"caption\":\"elena crespo\"},\"url\":\"https:\/\/grupoazvinews.com\/en\/author\/elena\/\"}]}<\/script>\n<!-- \/ Yoast SEO plugin. -->","yoast_head_json":{"title":"We celebrate World Environment Day","description":"On World Environment Day, Grupo Azvi reaffirms its commitment to sustainability and the fight against climate change.","robots":{"index":"index","follow":"follow","max-snippet":"max-snippet:-1","max-image-preview":"max-image-preview:large","max-video-preview":"max-video-preview:-1"},"canonical":"https:\/\/grupoazvinews.com\/en\/we-celebrate-world-environment-day\/","og_locale":"en_US","og_type":"article","og_title":"We celebrate World Environment Day","og_description":"On World Environment Day, Grupo Azvi reaffirms its commitment to sustainability and the fight against climate change.","og_url":"https:\/\/grupoazvinews.com\/en\/we-celebrate-world-environment-day\/","og_site_name":"NOTICIAS Grupo Azvi","article_published_time":"2026-06-05T06:37:47+00:00","article_modified_time":"2026-06-05T08:19:01+00:00","og_image":[{"width":1080,"height":1080,"url":"https:\/\/grupoazvinews.com\/wp-content\/uploads\/2026\/06\/ENG_Static_Card_1_1x1.png","type":"image\/png"}],"author":"elena crespo","twitter_card":"summary_large_image","twitter_misc":{"Written by":"elena crespo","Est. reading time":"2 minutes"},"schema":{"@context":"https:\/\/schema.org","@graph":[{"@type":"Article","@id":"https:\/\/grupoazvinews.com\/en\/we-celebrate-world-environment-day\/#article","isPartOf":{"@id":"https:\/\/grupoazvinews.com\/en\/we-celebrate-world-environment-day\/"},"author":{"name":"elena crespo","@id":"https:\/\/grupoazvinews.com\/en\/#\/schema\/person\/3b45f37e62250372c4b65ea8ee1d6b32"},"headline":"We celebrate World Environment Day","datePublished":"2026-06-05T06:37:47+00:00","dateModified":"2026-06-05T08:19:01+00:00","mainEntityOfPage":{"@id":"https:\/\/grupoazvinews.com\/en\/we-celebrate-world-environment-day\/"},"wordCount":175,"publisher":{"@id":"https:\/\/grupoazvinews.com\/en\/#organization"},"image":{"@id":"https:\/\/grupoazvinews.com\/en\/we-celebrate-world-environment-day\/#primaryimage"},"thumbnailUrl":"https:\/\/grupoazvinews.com\/wp-content\/uploads\/2026\/06\/ENG_Static_Card_1_1x1.png","keywords":["Grupo Azvi"],"articleSection":["Sustainability"],"inLanguage":"en-US"},{"@type":"WebPage","@id":"https:\/\/grupoazvinews.com\/en\/we-celebrate-world-environment-day\/","url":"https:\/\/grupoazvinews.com\/en\/we-celebrate-world-environment-day\/","name":"We celebrate World Environment Day","isPartOf":{"@id":"https:\/\/grupoazvinews.com\/en\/#website"},"primaryImageOfPage":{"@id":"https:\/\/grupoazvinews.com\/en\/we-celebrate-world-environment-day\/#primaryimage"},"image":{"@id":"https:\/\/grupoazvinews.com\/en\/we-celebrate-world-environment-day\/#primaryimage"},"thumbnailUrl":"https:\/\/grupoazvinews.com\/wp-content\/uploads\/2026\/06\/ENG_Static_Card_1_1x1.png","datePublished":"2026-06-05T06:37:47+00:00","dateModified":"2026-06-05T08:19:01+00:00","description":"On World Environment Day, Grupo Azvi reaffirms its commitment to sustainability and the fight against climate change.","breadcrumb":{"@id":"https:\/\/grupoazvinews.com\/en\/we-celebrate-world-environment-day\/#breadcrumb"},"inLanguage":"en-US","potentialAction":[{"@type":"ReadAction","target":["https:\/\/grupoazvinews.com\/en\/we-celebrate-world-environment-day\/"]}]},{"@type":"ImageObject","inLanguage":"en-US","@id":"https:\/\/grupoazvinews.com\/en\/we-celebrate-world-environment-day\/#primaryimage","url":"https:\/\/grupoazvinews.com\/wp-content\/uploads\/2026\/06\/ENG_Static_Card_1_1x1.png","contentUrl":"https:\/\/grupoazvinews.com\/wp-content\/uploads\/2026\/06\/ENG_Static_Card_1_1x1.png","width":1080,"height":1080},{"@type":"BreadcrumbList","@id":"https:\/\/grupoazvinews.com\/en\/we-celebrate-world-environment-day\/#breadcrumb","itemListElement":[{"@type":"ListItem","position":1,"name":"Portada","item":"https:\/\/grupoazvinews.com\/en\/"},{"@type":"ListItem","position":2,"name":"We celebrate World Environment Day"}]},{"@type":"WebSite","@id":"https:\/\/grupoazvinews.com\/en\/#website","url":"https:\/\/grupoazvinews.com\/en\/","name":"Grupo Azvi News","description":"Grupo Azvi es una empresa centenaria cuyos or\u00edgenes e historia han estado estrechamente vinculados al desarrollo de las infraestructuras de nuestro pa\u00eds. Hoy, se ha convertido en la empresa l\u00edder de un grupo internacional, innovador, diversificado y sostenible.","publisher":{"@id":"https:\/\/grupoazvinews.com\/en\/#organization"},"alternateName":"Blog de noticias del Grupo Azvi","potentialAction":[{"@type":"SearchAction","target":{"@type":"EntryPoint","urlTemplate":"https:\/\/grupoazvinews.com\/en\/?s={search_term_string}"},"query-input":{"@type":"PropertyValueSpecification","valueRequired":true,"valueName":"search_term_string"}}],"inLanguage":"en-US"},{"@type":"Organization","@id":"https:\/\/grupoazvinews.com\/en\/#organization","name":"Grupo Azvi","alternateName":"Grupo Azvi","url":"https:\/\/grupoazvinews.com\/en\/","logo":{"@type":"ImageObject","inLanguage":"en-US","@id":"https:\/\/grupoazvinews.com\/en\/#\/schema\/logo\/image\/","url":"https:\/\/grupoazvinews.com\/wp-content\/uploads\/2024\/04\/GrupoAzvi-2018-transp-1.png","contentUrl":"https:\/\/grupoazvinews.com\/wp-content\/uploads\/2024\/04\/GrupoAzvi-2018-transp-1.png","width":1722,"height":486,"caption":"Grupo Azvi"},"image":{"@id":"https:\/\/grupoazvinews.com\/en\/#\/schema\/logo\/image\/"}},{"@type":"Person","@id":"https:\/\/grupoazvinews.com\/en\/#\/schema\/person\/3b45f37e62250372c4b65ea8ee1d6b32","name":"elena crespo","image":{"@type":"ImageObject","inLanguage":"en-US","@id":"https:\/\/grupoazvinews.com\/en\/#\/schema\/person\/image\/","url":"https:\/\/secure.gravatar.com\/avatar\/d8e04743de0db7ebf6755a44e3a3a4c0a263ad48b70ba3b7a584a0fb98d51a2d?s=96&d=mm&r=g","contentUrl":"https:\/\/secure.gravatar.com\/avatar\/d8e04743de0db7ebf6755a44e3a3a4c0a263ad48b70ba3b7a584a0fb98d51a2d?s=96&d=mm&r=g","caption":"elena crespo"},"url":"https:\/\/grupoazvinews.com\/en\/author\/elena\/"}]}},"_links":{"self":[{"href":"https:\/\/grupoazvinews.com\/en\/wp-json\/wp\/v2\/posts\/20914","targetHints":{"allow":["GET"]}}],"collection":[{"href":"https:\/\/grupoazvinews.com\/en\/wp-json\/wp\/v2\/posts"}],"about":[{"href":"https:\/\/grupoazvinews.com\/en\/wp-json\/wp\/v2\/types\/post"}],"author":[{"embeddable":true,"href":"https:\/\/grupoazvinews.com\/en\/wp-json\/wp\/v2\/users\/2"}],"replies":[{"embeddable":true,"href":"https:\/\/grupoazvinews.com\/en\/wp-json\/wp\/v2\/comments?post=20914"}],"version-history":[{"count":2,"href":"https:\/\/grupoazvinews.com\/en\/wp-json\/wp\/v2\/posts\/20914\/revisions"}],"predecessor-version":[{"id":20918,"href":"https:\/\/grupoazvinews.com\/en\/wp-json\/wp\/v2\/posts\/20914\/revisions\/20918"}],"wp:featuredmedia":[{"embeddable":true,"href":"https:\/\/grupoazvinews.com\/en\/wp-json\/wp\/v2\/media\/20916"}],"wp:attachment":[{"href":"https:\/\/grupoazvinews.com\/en\/wp-json\/wp\/v2\/media?parent=20914"}],"wp:term":[{"taxonomy":"category","embeddable":true,"href":"https:\/\/grupoazvinews.com\/en\/wp-json\/wp\/v2\/categories?post=20914"},{"taxonomy":"post_tag","embeddable":true,"href":"https:\/\/grupoazvinews.com\/en\/wp-json\/wp\/v2\/tags?post=20914"}],"curies":[{"name":"wp","href":"https:\/\/api.w.org\/{rel}","templated":true}]}}