{"id":21258,"date":"2026-08-26T13:56:28","date_gmt":"2026-08-26T11:56:28","guid":{"rendered":"https:\/\/grupoazvinews.com\/inaugurada-la-nueva-terminal-del-aeropuerto-de-balmaceda-en-chile\/"},"modified":"2026-08-27T11:41:39","modified_gmt":"2026-08-27T09:41:39","slug":"new-terminal-at-balmaceda-airport-inaugurated-in-chile","status":"publish","type":"post","link":"https:\/\/grupoazvinews.com\/en\/new-terminal-at-balmaceda-airport-inaugurated-in-chile\/","title":{"rendered":"New terminal at Balmaceda Airport inaugurated in Chile"},"content":{"rendered":"<p>[vc_row][vc_column][vc_column_text]<span data-contrast=\"auto\">Chile\u2019s Minister of Public Works, Transport and Telecommunications, <strong>Louis de Grange<\/strong>, alongside national and regional authorities, inaugurated the new passenger terminal at<strong> Balmaceda Airport<\/strong>. The <a href=\"https:\/\/www.azvi.es\/portfolio\/red-austral-aerodromo-de-balmaceda\/\">project<\/a> carried out by our subsidiary <strong>Urales Chile<\/strong> marks a new step in the operation and modernisation of this airport infrastructure within the Southern Airport Network.<\/span><span data-ccp-props=\"{&quot;335559738&quot;:240,&quot;335559739&quot;:240}\">\u00a0<\/span><\/p>\n<p><span data-contrast=\"auto\">The\u00a0project\u00a0involved\u00a0the\u00a0construction\u00a0of\u00a0a new<strong>\u00a012,836 m\u00b2<\/strong>,\u00a0two-storey\u00a0passenger\u00a0terminal\u00a0wihich\u00a0features:<\/span><span data-ccp-props=\"{&quot;335559738&quot;:240,&quot;335559739&quot;:240}\">\u00a0<\/span><\/p>\n<ul>\n<li><span data-contrast=\"auto\">5\u00a0boarding\u00a0bridges.<\/span><span data-ccp-props=\"{&quot;335559738&quot;:240,&quot;335559739&quot;:240}\">\u00a0<\/span><\/li>\n<li><span data-contrast=\"auto\">16\u00a0check-in\u00a0counters.<\/span><span data-ccp-props=\"{&quot;335559738&quot;:240,&quot;335559739&quot;:240}\">\u00a0<\/span><\/li>\n<li><span data-contrast=\"auto\">2\u00a0baggage\u00a0reclaim\u00a0belts.<\/span><span data-ccp-props=\"{&quot;335559738&quot;:240,&quot;335559739&quot;:240}\">\u00a0<\/span><\/li>\n<\/ul>\n<p><span data-contrast=\"auto\">It also includes a new 4,633 m\u00b2, two-storey car park with capacity for 154 vehicles, and a new thermal plant, electrical substation and pump room.\u00a0\u00a0New roads will improve access and circulation within the complex, and provide parking for 107 vehicles.<\/span><span data-ccp-props=\"{&quot;335559738&quot;:240,&quot;335559739&quot;:240}\">\u00a0<\/span><\/p>\n<p><span data-contrast=\"auto\">In\u00a0addition, a new 32,418 m\u00b2\u00a0aircraft\u00a0apron\u00a0has\u00a0been\u00a0built,\u00a0increasing\u00a0the\u00a0airport\u2019s\u00a0operational\u00a0capacity.<\/span><span data-ccp-props=\"{&quot;335559738&quot;:240,&quot;335559739&quot;:240}\">\u00a0<\/span><\/p>\n<p><span data-contrast=\"auto\">This\u00a0project\u00a0forms\u00a0part\u00a0of\u00a0the\u00a0concession\u00a0contract\u00a0involving\u00a0<a href=\"https:\/\/cointer.eu\/\">Cointer<\/a>, Grupo\u00a0Azvi\u2019s\u00a0concession\u00a0company, and\u00a0the\u00a0investment\u00a0fund\u00a0BlackRock,\u00a0for\u00a0the\u00a0operation,\u00a0expansion\u00a0and\u00a0maintenance\u00a0of\u00a0the\u00a0<strong>Southern\u00a0Airport\u00a0Network<\/strong>,\u00a0comprising\u00a0Balmaceda\u00a0Aerodrome\u00a0and\u00a0Presidente\u00a0Carlos Ib\u00e1\u00f1ez del Campo\u00a0Airport,\u00a0for\u00a0a\u00a0period\u00a0of\u00a032\u00a0years.<\/span><span data-ccp-props=\"{&quot;335559738&quot;:240,&quot;335559739&quot;:240}\">\u00a0<\/span><\/p>\n<p><span data-contrast=\"auto\">With the inauguration of these new facilities, due to become operational shortly, Grupo Azvi strengthens its commitment to developing infrastructure that improves mobility and connectivity and drives regional development.<\/span><span data-ccp-props=\"{&quot;335559738&quot;:240,&quot;335559739&quot;:240}\">\u00a0<\/span>[\/vc_column_text][\/vc_column][\/vc_row][vc_row][vc_column]<div class=\"lqd-img-gal\">\n\n\t<div class=\"lqd-img-gal-imgs\">\n\n\t\t<div class=\"carousel-container carousel-nav-floated carousel-nav-center carousel-nav-middle carousel-nav-lg carousel-nav-solid carousel-nav-circle carousel-nav-appear-onhover carousel-dots-mobile-inside\">\n\t\t\t<div class=\"carousel-items\" data-lqd-flickity='{ \"prevNextButtons\": true, \"navArrow\": \"6\", \"parallax\": true, \"adaptiveHeight\": true }' id=\"lqd-image-gallery-6a98199f9f171main-carousel\">\n\n\t\t\t\t\t\t\t\t<div class=\"carousel-item col-xs-12 px-0\">\n\t\t\t\t\t<div class=\"carousel-item-inner\">\n\t\t\t\t\t\t<figure>\n\t\t\t\t\t\t\t<img loading=\"lazy\" decoding=\"async\" width=\"6000\" height=\"4002\" src=\"https:\/\/grupoazvinews.com\/wp-content\/uploads\/2026\/08\/1-8.jpg\" class=\"attachment-full size-full\" alt=\"\" srcset=\"https:\/\/grupoazvinews.com\/wp-content\/uploads\/2026\/08\/1-8.jpg 6000w, https:\/\/grupoazvinews.com\/wp-content\/uploads\/2026\/08\/1-8-300x200.jpg 300w, https:\/\/grupoazvinews.com\/wp-content\/uploads\/2026\/08\/1-8-1024x683.jpg 1024w\" sizes=\"auto, (max-width: 6000px) 100vw, 6000px\" \/>\t\t\t\t\t\t<\/figure>\n\t\t\t\t\t<\/div>\n\t\t\t\t<\/div>\n\t\t\t\t\t\t\t\t<div class=\"carousel-item col-xs-12 px-0\">\n\t\t\t\t\t<div class=\"carousel-item-inner\">\n\t\t\t\t\t\t<figure>\n\t\t\t\t\t\t\t<img loading=\"lazy\" decoding=\"async\" width=\"5004\" height=\"2272\" src=\"https:\/\/grupoazvinews.com\/wp-content\/uploads\/2026\/08\/2-5.jpg\" class=\"attachment-full size-full\" alt=\"\" srcset=\"https:\/\/grupoazvinews.com\/wp-content\/uploads\/2026\/08\/2-5.jpg 5004w, https:\/\/grupoazvinews.com\/wp-content\/uploads\/2026\/08\/2-5-300x136.jpg 300w, https:\/\/grupoazvinews.com\/wp-content\/uploads\/2026\/08\/2-5-1024x465.jpg 1024w\" sizes=\"auto, (max-width: 5004px) 100vw, 5004px\" \/>\t\t\t\t\t\t<\/figure>\n\t\t\t\t\t<\/div>\n\t\t\t\t<\/div>\n\t\t\t\t\t\t\t\t<div class=\"carousel-item col-xs-12 px-0\">\n\t\t\t\t\t<div class=\"carousel-item-inner\">\n\t\t\t\t\t\t<figure>\n\t\t\t\t\t\t\t<img loading=\"lazy\" decoding=\"async\" width=\"4489\" height=\"2753\" src=\"https:\/\/grupoazvinews.com\/wp-content\/uploads\/2026\/08\/3-4.jpg\" class=\"attachment-full size-full\" alt=\"\" srcset=\"https:\/\/grupoazvinews.com\/wp-content\/uploads\/2026\/08\/3-4.jpg 4489w, https:\/\/grupoazvinews.com\/wp-content\/uploads\/2026\/08\/3-4-300x184.jpg 300w, https:\/\/grupoazvinews.com\/wp-content\/uploads\/2026\/08\/3-4-1024x628.jpg 1024w\" sizes=\"auto, (max-width: 4489px) 100vw, 4489px\" \/>\t\t\t\t\t\t<\/figure>\n\t\t\t\t\t<\/div>\n\t\t\t\t<\/div>\n\t\t\t\t\t\t\t\t<div class=\"carousel-item col-xs-12 px-0\">\n\t\t\t\t\t<div class=\"carousel-item-inner\">\n\t\t\t\t\t\t<figure>\n\t\t\t\t\t\t\t<img loading=\"lazy\" decoding=\"async\" width=\"5000\" height=\"3861\" src=\"https:\/\/grupoazvinews.com\/wp-content\/uploads\/2026\/08\/4-2.jpg\" class=\"attachment-full size-full\" alt=\"\" srcset=\"https:\/\/grupoazvinews.com\/wp-content\/uploads\/2026\/08\/4-2.jpg 5000w, https:\/\/grupoazvinews.com\/wp-content\/uploads\/2026\/08\/4-2-300x232.jpg 300w, https:\/\/grupoazvinews.com\/wp-content\/uploads\/2026\/08\/4-2-1024x791.jpg 1024w\" sizes=\"auto, (max-width: 5000px) 100vw, 5000px\" \/>\t\t\t\t\t\t<\/figure>\n\t\t\t\t\t<\/div>\n\t\t\t\t<\/div>\n\t\t\t\t\t\t\t\t<div class=\"carousel-item col-xs-12 px-0\">\n\t\t\t\t\t<div class=\"carousel-item-inner\">\n\t\t\t\t\t\t<figure>\n\t\t\t\t\t\t\t<img loading=\"lazy\" decoding=\"async\" width=\"6000\" height=\"4107\" src=\"https:\/\/grupoazvinews.com\/wp-content\/uploads\/2026\/08\/6-2.jpg\" class=\"attachment-full size-full\" alt=\"\" srcset=\"https:\/\/grupoazvinews.com\/wp-content\/uploads\/2026\/08\/6-2.jpg 6000w, https:\/\/grupoazvinews.com\/wp-content\/uploads\/2026\/08\/6-2-300x205.jpg 300w, https:\/\/grupoazvinews.com\/wp-content\/uploads\/2026\/08\/6-2-1024x701.jpg 1024w\" sizes=\"auto, (max-width: 6000px) 100vw, 6000px\" \/>\t\t\t\t\t\t<\/figure>\n\t\t\t\t\t<\/div>\n\t\t\t\t<\/div>\n\t\t\t\t\t\t\t\t<div class=\"carousel-item col-xs-12 px-0\">\n\t\t\t\t\t<div class=\"carousel-item-inner\">\n\t\t\t\t\t\t<figure>\n\t\t\t\t\t\t\t<img loading=\"lazy\" decoding=\"async\" width=\"5000\" height=\"3081\" src=\"https:\/\/grupoazvinews.com\/wp-content\/uploads\/2026\/08\/5-3.jpg\" class=\"attachment-full size-full\" alt=\"\" srcset=\"https:\/\/grupoazvinews.com\/wp-content\/uploads\/2026\/08\/5-3.jpg 5000w, https:\/\/grupoazvinews.com\/wp-content\/uploads\/2026\/08\/5-3-300x185.jpg 300w, https:\/\/grupoazvinews.com\/wp-content\/uploads\/2026\/08\/5-3-1024x631.jpg 1024w\" sizes=\"auto, (max-width: 5000px) 100vw, 5000px\" \/>\t\t\t\t\t\t<\/figure>\n\t\t\t\t\t<\/div>\n\t\t\t\t<\/div>\n\t\t\t\t\t\t\t\t<div class=\"carousel-item col-xs-12 px-0\">\n\t\t\t\t\t<div class=\"carousel-item-inner\">\n\t\t\t\t\t\t<figure>\n\t\t\t\t\t\t\t<img loading=\"lazy\" decoding=\"async\" width=\"6000\" height=\"3708\" src=\"https:\/\/grupoazvinews.com\/wp-content\/uploads\/2026\/08\/7-2.jpg\" class=\"attachment-full size-full\" alt=\"\" srcset=\"https:\/\/grupoazvinews.com\/wp-content\/uploads\/2026\/08\/7-2.jpg 6000w, https:\/\/grupoazvinews.com\/wp-content\/uploads\/2026\/08\/7-2-300x185.jpg 300w, https:\/\/grupoazvinews.com\/wp-content\/uploads\/2026\/08\/7-2-1024x633.jpg 1024w\" sizes=\"auto, (max-width: 6000px) 100vw, 6000px\" \/>\t\t\t\t\t\t<\/figure>\n\t\t\t\t\t<\/div>\n\t\t\t\t<\/div>\n\t\t\t\t\n\t\t\t<\/div><!-- \/.carousel-items -->\n\t\t<\/div><!-- \/.carousel-container -->\n\n\t<\/div><!-- \/.lqd-img-gal-imgs -->\n\n\t<div class=\"lqd-img-gal-thumbs\">\n\n\t\t<div class=\"carousel-container\">\n\t\t\t<div class=\"carousel-items\" data-lqd-flickity='{ \"contain\": false, \"pageDots\": false, \"asNavFor\": \"#lqd-image-gallery-6a98199f9f171main-carousel\" }'>\n\n\t\t\t\t\t\t\t\t<div class=\"carousel-item col-xs-4 col-sm-3 col-md-2\">\n\t\t\t\t\t<div class=\"carousel-item-inner\">\n\t\t\t\t\t\t<figure>\n\t\t\t\t\t\t\t<img loading=\"lazy\" decoding=\"async\" width=\"105\" height=\"70\" src=\"https:\/\/grupoazvinews.com\/wp-content\/uploads\/2026\/08\/1-8.jpg\" class=\"attachment-160x70 size-160x70\" alt=\"\" srcset=\"https:\/\/grupoazvinews.com\/wp-content\/uploads\/2026\/08\/1-8.jpg 6000w, https:\/\/grupoazvinews.com\/wp-content\/uploads\/2026\/08\/1-8-300x200.jpg 300w, https:\/\/grupoazvinews.com\/wp-content\/uploads\/2026\/08\/1-8-1024x683.jpg 1024w\" sizes=\"auto, (max-width: 105px) 100vw, 105px\" \/>\t\t\t\t\t\t<\/figure>\n\t\t\t\t\t<\/div>\n\t\t\t\t<\/div>\n\t\t\t\t\t\t\t\t<div class=\"carousel-item col-xs-4 col-sm-3 col-md-2\">\n\t\t\t\t\t<div class=\"carousel-item-inner\">\n\t\t\t\t\t\t<figure>\n\t\t\t\t\t\t\t<img loading=\"lazy\" decoding=\"async\" width=\"154\" height=\"70\" src=\"https:\/\/grupoazvinews.com\/wp-content\/uploads\/2026\/08\/2-5.jpg\" class=\"attachment-160x70 size-160x70\" alt=\"\" srcset=\"https:\/\/grupoazvinews.com\/wp-content\/uploads\/2026\/08\/2-5.jpg 5004w, https:\/\/grupoazvinews.com\/wp-content\/uploads\/2026\/08\/2-5-300x136.jpg 300w, https:\/\/grupoazvinews.com\/wp-content\/uploads\/2026\/08\/2-5-1024x465.jpg 1024w\" sizes=\"auto, (max-width: 154px) 100vw, 154px\" \/>\t\t\t\t\t\t<\/figure>\n\t\t\t\t\t<\/div>\n\t\t\t\t<\/div>\n\t\t\t\t\t\t\t\t<div class=\"carousel-item col-xs-4 col-sm-3 col-md-2\">\n\t\t\t\t\t<div class=\"carousel-item-inner\">\n\t\t\t\t\t\t<figure>\n\t\t\t\t\t\t\t<img loading=\"lazy\" decoding=\"async\" width=\"114\" height=\"70\" src=\"https:\/\/grupoazvinews.com\/wp-content\/uploads\/2026\/08\/3-4.jpg\" class=\"attachment-160x70 size-160x70\" alt=\"\" srcset=\"https:\/\/grupoazvinews.com\/wp-content\/uploads\/2026\/08\/3-4.jpg 4489w, https:\/\/grupoazvinews.com\/wp-content\/uploads\/2026\/08\/3-4-300x184.jpg 300w, https:\/\/grupoazvinews.com\/wp-content\/uploads\/2026\/08\/3-4-1024x628.jpg 1024w\" sizes=\"auto, (max-width: 114px) 100vw, 114px\" \/>\t\t\t\t\t\t<\/figure>\n\t\t\t\t\t<\/div>\n\t\t\t\t<\/div>\n\t\t\t\t\t\t\t\t<div class=\"carousel-item col-xs-4 col-sm-3 col-md-2\">\n\t\t\t\t\t<div class=\"carousel-item-inner\">\n\t\t\t\t\t\t<figure>\n\t\t\t\t\t\t\t<img loading=\"lazy\" decoding=\"async\" width=\"91\" height=\"70\" src=\"https:\/\/grupoazvinews.com\/wp-content\/uploads\/2026\/08\/4-2.jpg\" class=\"attachment-160x70 size-160x70\" alt=\"\" srcset=\"https:\/\/grupoazvinews.com\/wp-content\/uploads\/2026\/08\/4-2.jpg 5000w, https:\/\/grupoazvinews.com\/wp-content\/uploads\/2026\/08\/4-2-300x232.jpg 300w, https:\/\/grupoazvinews.com\/wp-content\/uploads\/2026\/08\/4-2-1024x791.jpg 1024w\" sizes=\"auto, (max-width: 91px) 100vw, 91px\" \/>\t\t\t\t\t\t<\/figure>\n\t\t\t\t\t<\/div>\n\t\t\t\t<\/div>\n\t\t\t\t\t\t\t\t<div class=\"carousel-item col-xs-4 col-sm-3 col-md-2\">\n\t\t\t\t\t<div class=\"carousel-item-inner\">\n\t\t\t\t\t\t<figure>\n\t\t\t\t\t\t\t<img loading=\"lazy\" decoding=\"async\" width=\"102\" height=\"70\" src=\"https:\/\/grupoazvinews.com\/wp-content\/uploads\/2026\/08\/6-2.jpg\" class=\"attachment-160x70 size-160x70\" alt=\"\" srcset=\"https:\/\/grupoazvinews.com\/wp-content\/uploads\/2026\/08\/6-2.jpg 6000w, https:\/\/grupoazvinews.com\/wp-content\/uploads\/2026\/08\/6-2-300x205.jpg 300w, https:\/\/grupoazvinews.com\/wp-content\/uploads\/2026\/08\/6-2-1024x701.jpg 1024w\" sizes=\"auto, (max-width: 102px) 100vw, 102px\" \/>\t\t\t\t\t\t<\/figure>\n\t\t\t\t\t<\/div>\n\t\t\t\t<\/div>\n\t\t\t\t\t\t\t\t<div class=\"carousel-item col-xs-4 col-sm-3 col-md-2\">\n\t\t\t\t\t<div class=\"carousel-item-inner\">\n\t\t\t\t\t\t<figure>\n\t\t\t\t\t\t\t<img loading=\"lazy\" decoding=\"async\" width=\"114\" height=\"70\" src=\"https:\/\/grupoazvinews.com\/wp-content\/uploads\/2026\/08\/5-3.jpg\" class=\"attachment-160x70 size-160x70\" alt=\"\" srcset=\"https:\/\/grupoazvinews.com\/wp-content\/uploads\/2026\/08\/5-3.jpg 5000w, https:\/\/grupoazvinews.com\/wp-content\/uploads\/2026\/08\/5-3-300x185.jpg 300w, https:\/\/grupoazvinews.com\/wp-content\/uploads\/2026\/08\/5-3-1024x631.jpg 1024w\" sizes=\"auto, (max-width: 114px) 100vw, 114px\" \/>\t\t\t\t\t\t<\/figure>\n\t\t\t\t\t<\/div>\n\t\t\t\t<\/div>\n\t\t\t\t\t\t\t\t<div class=\"carousel-item col-xs-4 col-sm-3 col-md-2\">\n\t\t\t\t\t<div class=\"carousel-item-inner\">\n\t\t\t\t\t\t<figure>\n\t\t\t\t\t\t\t<img loading=\"lazy\" decoding=\"async\" width=\"113\" height=\"70\" src=\"https:\/\/grupoazvinews.com\/wp-content\/uploads\/2026\/08\/7-2.jpg\" class=\"attachment-160x70 size-160x70\" alt=\"\" srcset=\"https:\/\/grupoazvinews.com\/wp-content\/uploads\/2026\/08\/7-2.jpg 6000w, https:\/\/grupoazvinews.com\/wp-content\/uploads\/2026\/08\/7-2-300x185.jpg 300w, https:\/\/grupoazvinews.com\/wp-content\/uploads\/2026\/08\/7-2-1024x633.jpg 1024w\" sizes=\"auto, (max-width: 113px) 100vw, 113px\" \/>\t\t\t\t\t\t<\/figure>\n\t\t\t\t\t<\/div>\n\t\t\t\t<\/div>\n\t\t\t\t\n\t\t\t<\/div><!-- \/.carousel-items -->\n\t\t<\/div><!-- \/.carousel-container -->\n\n\t<\/div><!-- \/.lqd-img-gal-thumbs -->\n\n<\/div><!-- \/.lqd-img-gal -->[\/vc_column][\/vc_row]<\/p>\n","protected":false},"excerpt":{"rendered":"<p>[vc_row][vc_column][vc_column_text]Chile\u2019s Minister of Public Works, Transport and Telecommunications, Louis de Grange, alongside national and regional authorities, inaugurated the new passenger terminal at Balmaceda Airport. The project carried out by our subsidiary Urales Chile marks a new step in the operation and modernisation of this airport infrastructure within the Southern Airport Network.\u00a0 The\u00a0project\u00a0involved\u00a0the\u00a0construction\u00a0of\u00a0a new\u00a012,836 m\u00b2,\u00a0two-storey\u00a0passenger\u00a0terminal\u00a0wihich\u00a0features:\u00a0 5\u00a0boarding\u00a0bridges.\u00a0 [&hellip;]<\/p>\n","protected":false},"author":2,"featured_media":21253,"comment_status":"closed","ping_status":"closed","sticky":false,"template":"","format":"standard","meta":{"footnotes":""},"categories":[1130,1155],"tags":[1128,1140],"class_list":["post-21258","post","type-post","status-publish","format-standard","has-post-thumbnail","hentry","category-infrastructure","category-concessions","tag-azvi-en","tag-cointer-en"],"yoast_head":"<!-- This site is optimized with the Yoast SEO plugin v27.0 - https:\/\/yoast.com\/product\/yoast-seo-wordpress\/ -->\n<title>New terminal at Balmaceda Airport inaugurated in Chile<\/title>\n<meta name=\"description\" content=\"Chile\u2019s Minister of Public Works, Transport and Telecommunications, Louis de Grange, inaugurated the new passenger terminal at Balmaceda Airport.\" \/>\n<meta name=\"robots\" content=\"index, follow, max-snippet:-1, max-image-preview:large, max-video-preview:-1\" \/>\n<link rel=\"canonical\" href=\"https:\/\/grupoazvinews.com\/en\/new-terminal-at-balmaceda-airport-inaugurated-in-chile\/\" \/>\n<meta property=\"og:locale\" content=\"en_US\" \/>\n<meta property=\"og:type\" content=\"article\" \/>\n<meta property=\"og:title\" content=\"New terminal at Balmaceda Airport inaugurated in Chile\" \/>\n<meta property=\"og:description\" content=\"Chile\u2019s Minister of Public Works, Transport and Telecommunications, Louis de Grange, inaugurated the new passenger terminal at Balmaceda Airport.\" \/>\n<meta property=\"og:url\" content=\"https:\/\/grupoazvinews.com\/en\/new-terminal-at-balmaceda-airport-inaugurated-in-chile\/\" \/>\n<meta property=\"og:site_name\" content=\"NOTICIAS Grupo Azvi\" \/>\n<meta property=\"article:published_time\" content=\"2026-08-26T11:56:28+00:00\" \/>\n<meta property=\"article:modified_time\" content=\"2026-08-27T09:41:39+00:00\" \/>\n<meta property=\"og:image\" content=\"https:\/\/grupoazvinews.com\/wp-content\/uploads\/2026\/08\/2-5-1024x465.jpg\" \/>\n\t<meta property=\"og:image:width\" content=\"1024\" \/>\n\t<meta property=\"og:image:height\" content=\"465\" \/>\n\t<meta property=\"og:image:type\" content=\"image\/jpeg\" \/>\n<meta name=\"author\" content=\"elena crespo\" \/>\n<meta name=\"twitter:card\" content=\"summary_large_image\" \/>\n<meta name=\"twitter:label1\" content=\"Written by\" \/>\n\t<meta name=\"twitter:data1\" content=\"elena crespo\" \/>\n\t<meta name=\"twitter:label2\" content=\"Est. reading time\" \/>\n\t<meta name=\"twitter:data2\" content=\"2 minutes\" \/>\n<script type=\"application\/ld+json\" class=\"yoast-schema-graph\">{\"@context\":\"https:\/\/schema.org\",\"@graph\":[{\"@type\":\"Article\",\"@id\":\"https:\/\/grupoazvinews.com\/en\/new-terminal-at-balmaceda-airport-inaugurated-in-chile\/#article\",\"isPartOf\":{\"@id\":\"https:\/\/grupoazvinews.com\/en\/new-terminal-at-balmaceda-airport-inaugurated-in-chile\/\"},\"author\":{\"name\":\"elena crespo\",\"@id\":\"https:\/\/grupoazvinews.com\/en\/#\/schema\/person\/3b45f37e62250372c4b65ea8ee1d6b32\"},\"headline\":\"New terminal at Balmaceda Airport inaugurated in Chile\",\"datePublished\":\"2026-08-26T11:56:28+00:00\",\"dateModified\":\"2026-08-27T09:41:39+00:00\",\"mainEntityOfPage\":{\"@id\":\"https:\/\/grupoazvinews.com\/en\/new-terminal-at-balmaceda-airport-inaugurated-in-chile\/\"},\"wordCount\":236,\"publisher\":{\"@id\":\"https:\/\/grupoazvinews.com\/en\/#organization\"},\"image\":{\"@id\":\"https:\/\/grupoazvinews.com\/en\/new-terminal-at-balmaceda-airport-inaugurated-in-chile\/#primaryimage\"},\"thumbnailUrl\":\"https:\/\/grupoazvinews.com\/wp-content\/uploads\/2026\/08\/2-5.jpg\",\"keywords\":[\"Azvi\",\"Cointer\"],\"articleSection\":[\"Infrastructure\",\"Concessions\"],\"inLanguage\":\"en-US\"},{\"@type\":\"WebPage\",\"@id\":\"https:\/\/grupoazvinews.com\/en\/new-terminal-at-balmaceda-airport-inaugurated-in-chile\/\",\"url\":\"https:\/\/grupoazvinews.com\/en\/new-terminal-at-balmaceda-airport-inaugurated-in-chile\/\",\"name\":\"New terminal at Balmaceda Airport inaugurated in Chile\",\"isPartOf\":{\"@id\":\"https:\/\/grupoazvinews.com\/en\/#website\"},\"primaryImageOfPage\":{\"@id\":\"https:\/\/grupoazvinews.com\/en\/new-terminal-at-balmaceda-airport-inaugurated-in-chile\/#primaryimage\"},\"image\":{\"@id\":\"https:\/\/grupoazvinews.com\/en\/new-terminal-at-balmaceda-airport-inaugurated-in-chile\/#primaryimage\"},\"thumbnailUrl\":\"https:\/\/grupoazvinews.com\/wp-content\/uploads\/2026\/08\/2-5.jpg\",\"datePublished\":\"2026-08-26T11:56:28+00:00\",\"dateModified\":\"2026-08-27T09:41:39+00:00\",\"description\":\"Chile\u2019s Minister of Public Works, Transport and Telecommunications, Louis de Grange, inaugurated the new passenger terminal at Balmaceda Airport.\",\"breadcrumb\":{\"@id\":\"https:\/\/grupoazvinews.com\/en\/new-terminal-at-balmaceda-airport-inaugurated-in-chile\/#breadcrumb\"},\"inLanguage\":\"en-US\",\"potentialAction\":[{\"@type\":\"ReadAction\",\"target\":[\"https:\/\/grupoazvinews.com\/en\/new-terminal-at-balmaceda-airport-inaugurated-in-chile\/\"]}]},{\"@type\":\"ImageObject\",\"inLanguage\":\"en-US\",\"@id\":\"https:\/\/grupoazvinews.com\/en\/new-terminal-at-balmaceda-airport-inaugurated-in-chile\/#primaryimage\",\"url\":\"https:\/\/grupoazvinews.com\/wp-content\/uploads\/2026\/08\/2-5.jpg\",\"contentUrl\":\"https:\/\/grupoazvinews.com\/wp-content\/uploads\/2026\/08\/2-5.jpg\",\"width\":5004,\"height\":2272},{\"@type\":\"BreadcrumbList\",\"@id\":\"https:\/\/grupoazvinews.com\/en\/new-terminal-at-balmaceda-airport-inaugurated-in-chile\/#breadcrumb\",\"itemListElement\":[{\"@type\":\"ListItem\",\"position\":1,\"name\":\"Portada\",\"item\":\"https:\/\/grupoazvinews.com\/en\/\"},{\"@type\":\"ListItem\",\"position\":2,\"name\":\"New terminal at Balmaceda Airport inaugurated in Chile\"}]},{\"@type\":\"WebSite\",\"@id\":\"https:\/\/grupoazvinews.com\/en\/#website\",\"url\":\"https:\/\/grupoazvinews.com\/en\/\",\"name\":\"Grupo Azvi News\",\"description\":\"Grupo Azvi es una empresa centenaria cuyos or\u00edgenes e historia han estado estrechamente vinculados al desarrollo de las infraestructuras de nuestro pa\u00eds. Hoy, se ha convertido en la empresa l\u00edder de un grupo internacional, innovador, diversificado y sostenible.\",\"publisher\":{\"@id\":\"https:\/\/grupoazvinews.com\/en\/#organization\"},\"alternateName\":\"Blog de noticias del Grupo Azvi\",\"potentialAction\":[{\"@type\":\"SearchAction\",\"target\":{\"@type\":\"EntryPoint\",\"urlTemplate\":\"https:\/\/grupoazvinews.com\/en\/?s={search_term_string}\"},\"query-input\":{\"@type\":\"PropertyValueSpecification\",\"valueRequired\":true,\"valueName\":\"search_term_string\"}}],\"inLanguage\":\"en-US\"},{\"@type\":\"Organization\",\"@id\":\"https:\/\/grupoazvinews.com\/en\/#organization\",\"name\":\"Grupo Azvi\",\"alternateName\":\"Grupo Azvi\",\"url\":\"https:\/\/grupoazvinews.com\/en\/\",\"logo\":{\"@type\":\"ImageObject\",\"inLanguage\":\"en-US\",\"@id\":\"https:\/\/grupoazvinews.com\/en\/#\/schema\/logo\/image\/\",\"url\":\"https:\/\/grupoazvinews.com\/wp-content\/uploads\/2024\/04\/GrupoAzvi-2018-transp-1.png\",\"contentUrl\":\"https:\/\/grupoazvinews.com\/wp-content\/uploads\/2024\/04\/GrupoAzvi-2018-transp-1.png\",\"width\":1722,\"height\":486,\"caption\":\"Grupo Azvi\"},\"image\":{\"@id\":\"https:\/\/grupoazvinews.com\/en\/#\/schema\/logo\/image\/\"}},{\"@type\":\"Person\",\"@id\":\"https:\/\/grupoazvinews.com\/en\/#\/schema\/person\/3b45f37e62250372c4b65ea8ee1d6b32\",\"name\":\"elena crespo\",\"image\":{\"@type\":\"ImageObject\",\"inLanguage\":\"en-US\",\"@id\":\"https:\/\/grupoazvinews.com\/en\/#\/schema\/person\/image\/\",\"url\":\"https:\/\/secure.gravatar.com\/avatar\/d8e04743de0db7ebf6755a44e3a3a4c0a263ad48b70ba3b7a584a0fb98d51a2d?s=96&d=mm&r=g\",\"contentUrl\":\"https:\/\/secure.gravatar.com\/avatar\/d8e04743de0db7ebf6755a44e3a3a4c0a263ad48b70ba3b7a584a0fb98d51a2d?s=96&d=mm&r=g\",\"caption\":\"elena crespo\"},\"url\":\"https:\/\/grupoazvinews.com\/en\/author\/elena\/\"}]}<\/script>\n<!-- \/ Yoast SEO plugin. -->","yoast_head_json":{"title":"New terminal at Balmaceda Airport inaugurated in Chile","description":"Chile\u2019s Minister of Public Works, Transport and Telecommunications, Louis de Grange, inaugurated the new passenger terminal at Balmaceda Airport.","robots":{"index":"index","follow":"follow","max-snippet":"max-snippet:-1","max-image-preview":"max-image-preview:large","max-video-preview":"max-video-preview:-1"},"canonical":"https:\/\/grupoazvinews.com\/en\/new-terminal-at-balmaceda-airport-inaugurated-in-chile\/","og_locale":"en_US","og_type":"article","og_title":"New terminal at Balmaceda Airport inaugurated in Chile","og_description":"Chile\u2019s Minister of Public Works, Transport and Telecommunications, Louis de Grange, inaugurated the new passenger terminal at Balmaceda Airport.","og_url":"https:\/\/grupoazvinews.com\/en\/new-terminal-at-balmaceda-airport-inaugurated-in-chile\/","og_site_name":"NOTICIAS Grupo Azvi","article_published_time":"2026-08-26T11:56:28+00:00","article_modified_time":"2026-08-27T09:41:39+00:00","og_image":[{"width":1024,"height":465,"url":"https:\/\/grupoazvinews.com\/wp-content\/uploads\/2026\/08\/2-5-1024x465.jpg","type":"image\/jpeg"}],"author":"elena crespo","twitter_card":"summary_large_image","twitter_misc":{"Written by":"elena crespo","Est. reading time":"2 minutes"},"schema":{"@context":"https:\/\/schema.org","@graph":[{"@type":"Article","@id":"https:\/\/grupoazvinews.com\/en\/new-terminal-at-balmaceda-airport-inaugurated-in-chile\/#article","isPartOf":{"@id":"https:\/\/grupoazvinews.com\/en\/new-terminal-at-balmaceda-airport-inaugurated-in-chile\/"},"author":{"name":"elena crespo","@id":"https:\/\/grupoazvinews.com\/en\/#\/schema\/person\/3b45f37e62250372c4b65ea8ee1d6b32"},"headline":"New terminal at Balmaceda Airport inaugurated in Chile","datePublished":"2026-08-26T11:56:28+00:00","dateModified":"2026-08-27T09:41:39+00:00","mainEntityOfPage":{"@id":"https:\/\/grupoazvinews.com\/en\/new-terminal-at-balmaceda-airport-inaugurated-in-chile\/"},"wordCount":236,"publisher":{"@id":"https:\/\/grupoazvinews.com\/en\/#organization"},"image":{"@id":"https:\/\/grupoazvinews.com\/en\/new-terminal-at-balmaceda-airport-inaugurated-in-chile\/#primaryimage"},"thumbnailUrl":"https:\/\/grupoazvinews.com\/wp-content\/uploads\/2026\/08\/2-5.jpg","keywords":["Azvi","Cointer"],"articleSection":["Infrastructure","Concessions"],"inLanguage":"en-US"},{"@type":"WebPage","@id":"https:\/\/grupoazvinews.com\/en\/new-terminal-at-balmaceda-airport-inaugurated-in-chile\/","url":"https:\/\/grupoazvinews.com\/en\/new-terminal-at-balmaceda-airport-inaugurated-in-chile\/","name":"New terminal at Balmaceda Airport inaugurated in Chile","isPartOf":{"@id":"https:\/\/grupoazvinews.com\/en\/#website"},"primaryImageOfPage":{"@id":"https:\/\/grupoazvinews.com\/en\/new-terminal-at-balmaceda-airport-inaugurated-in-chile\/#primaryimage"},"image":{"@id":"https:\/\/grupoazvinews.com\/en\/new-terminal-at-balmaceda-airport-inaugurated-in-chile\/#primaryimage"},"thumbnailUrl":"https:\/\/grupoazvinews.com\/wp-content\/uploads\/2026\/08\/2-5.jpg","datePublished":"2026-08-26T11:56:28+00:00","dateModified":"2026-08-27T09:41:39+00:00","description":"Chile\u2019s Minister of Public Works, Transport and Telecommunications, Louis de Grange, inaugurated the new passenger terminal at Balmaceda Airport.","breadcrumb":{"@id":"https:\/\/grupoazvinews.com\/en\/new-terminal-at-balmaceda-airport-inaugurated-in-chile\/#breadcrumb"},"inLanguage":"en-US","potentialAction":[{"@type":"ReadAction","target":["https:\/\/grupoazvinews.com\/en\/new-terminal-at-balmaceda-airport-inaugurated-in-chile\/"]}]},{"@type":"ImageObject","inLanguage":"en-US","@id":"https:\/\/grupoazvinews.com\/en\/new-terminal-at-balmaceda-airport-inaugurated-in-chile\/#primaryimage","url":"https:\/\/grupoazvinews.com\/wp-content\/uploads\/2026\/08\/2-5.jpg","contentUrl":"https:\/\/grupoazvinews.com\/wp-content\/uploads\/2026\/08\/2-5.jpg","width":5004,"height":2272},{"@type":"BreadcrumbList","@id":"https:\/\/grupoazvinews.com\/en\/new-terminal-at-balmaceda-airport-inaugurated-in-chile\/#breadcrumb","itemListElement":[{"@type":"ListItem","position":1,"name":"Portada","item":"https:\/\/grupoazvinews.com\/en\/"},{"@type":"ListItem","position":2,"name":"New terminal at Balmaceda Airport inaugurated in Chile"}]},{"@type":"WebSite","@id":"https:\/\/grupoazvinews.com\/en\/#website","url":"https:\/\/grupoazvinews.com\/en\/","name":"Grupo Azvi News","description":"Grupo Azvi es una empresa centenaria cuyos or\u00edgenes e historia han estado estrechamente vinculados al desarrollo de las infraestructuras de nuestro pa\u00eds. Hoy, se ha convertido en la empresa l\u00edder de un grupo internacional, innovador, diversificado y sostenible.","publisher":{"@id":"https:\/\/grupoazvinews.com\/en\/#organization"},"alternateName":"Blog de noticias del Grupo Azvi","potentialAction":[{"@type":"SearchAction","target":{"@type":"EntryPoint","urlTemplate":"https:\/\/grupoazvinews.com\/en\/?s={search_term_string}"},"query-input":{"@type":"PropertyValueSpecification","valueRequired":true,"valueName":"search_term_string"}}],"inLanguage":"en-US"},{"@type":"Organization","@id":"https:\/\/grupoazvinews.com\/en\/#organization","name":"Grupo Azvi","alternateName":"Grupo Azvi","url":"https:\/\/grupoazvinews.com\/en\/","logo":{"@type":"ImageObject","inLanguage":"en-US","@id":"https:\/\/grupoazvinews.com\/en\/#\/schema\/logo\/image\/","url":"https:\/\/grupoazvinews.com\/wp-content\/uploads\/2024\/04\/GrupoAzvi-2018-transp-1.png","contentUrl":"https:\/\/grupoazvinews.com\/wp-content\/uploads\/2024\/04\/GrupoAzvi-2018-transp-1.png","width":1722,"height":486,"caption":"Grupo Azvi"},"image":{"@id":"https:\/\/grupoazvinews.com\/en\/#\/schema\/logo\/image\/"}},{"@type":"Person","@id":"https:\/\/grupoazvinews.com\/en\/#\/schema\/person\/3b45f37e62250372c4b65ea8ee1d6b32","name":"elena crespo","image":{"@type":"ImageObject","inLanguage":"en-US","@id":"https:\/\/grupoazvinews.com\/en\/#\/schema\/person\/image\/","url":"https:\/\/secure.gravatar.com\/avatar\/d8e04743de0db7ebf6755a44e3a3a4c0a263ad48b70ba3b7a584a0fb98d51a2d?s=96&d=mm&r=g","contentUrl":"https:\/\/secure.gravatar.com\/avatar\/d8e04743de0db7ebf6755a44e3a3a4c0a263ad48b70ba3b7a584a0fb98d51a2d?s=96&d=mm&r=g","caption":"elena crespo"},"url":"https:\/\/grupoazvinews.com\/en\/author\/elena\/"}]}},"_links":{"self":[{"href":"https:\/\/grupoazvinews.com\/en\/wp-json\/wp\/v2\/posts\/21258","targetHints":{"allow":["GET"]}}],"collection":[{"href":"https:\/\/grupoazvinews.com\/en\/wp-json\/wp\/v2\/posts"}],"about":[{"href":"https:\/\/grupoazvinews.com\/en\/wp-json\/wp\/v2\/types\/post"}],"author":[{"embeddable":true,"href":"https:\/\/grupoazvinews.com\/en\/wp-json\/wp\/v2\/users\/2"}],"replies":[{"embeddable":true,"href":"https:\/\/grupoazvinews.com\/en\/wp-json\/wp\/v2\/comments?post=21258"}],"version-history":[{"count":2,"href":"https:\/\/grupoazvinews.com\/en\/wp-json\/wp\/v2\/posts\/21258\/revisions"}],"predecessor-version":[{"id":21260,"href":"https:\/\/grupoazvinews.com\/en\/wp-json\/wp\/v2\/posts\/21258\/revisions\/21260"}],"wp:featuredmedia":[{"embeddable":true,"href":"https:\/\/grupoazvinews.com\/en\/wp-json\/wp\/v2\/media\/21253"}],"wp:attachment":[{"href":"https:\/\/grupoazvinews.com\/en\/wp-json\/wp\/v2\/media?parent=21258"}],"wp:term":[{"taxonomy":"category","embeddable":true,"href":"https:\/\/grupoazvinews.com\/en\/wp-json\/wp\/v2\/categories?post=21258"},{"taxonomy":"post_tag","embeddable":true,"href":"https:\/\/grupoazvinews.com\/en\/wp-json\/wp\/v2\/tags?post=21258"}],"curies":[{"name":"wp","href":"https:\/\/api.w.org\/{rel}","templated":true}]}}