{"id":21274,"date":"2026-09-01T10:19:00","date_gmt":"2026-09-01T08:19:00","guid":{"rendered":"https:\/\/grupoazvinews.com\/dos-proyectos-para-seguir-transformando-el-centro-de-madrid\/"},"modified":"2026-09-02T09:10:17","modified_gmt":"2026-09-02T07:10:17","slug":"two-projects-continuing-the-transformation-of-madrid-city-centre","status":"publish","type":"post","link":"https:\/\/grupoazvinews.com\/en\/two-projects-continuing-the-transformation-of-madrid-city-centre\/","title":{"rendered":"Two projects continuing the transformation of Madrid city centre"},"content":{"rendered":"<p>[vc_row][vc_column][vc_column_text]<span data-contrast=\"auto\">The Delegate for Public Works and Facilities at Madrid City Council, <strong>Paloma Garc\u00eda Romero<\/strong>, has visited two of Azvi\u2019s current worksites to see firsthand the progress of the projects being carried out together with Licuas through the Madrid Centro Joint Venture in some of the capital\u2019s most emblematic spaces.\u00a0 <\/span><span data-ccp-props=\"{&quot;335559738&quot;:240,&quot;335559739&quot;:240}\">\u00a0<\/span><\/p>\n<ul>\n<li aria-setsize=\"-1\" data-leveltext=\"\uf0b7\" data-font=\"Symbol\" data-listid=\"2\" data-list-defn-props=\"{&quot;335552541&quot;:1,&quot;335559685&quot;:720,&quot;335559991&quot;:360,&quot;469769226&quot;:&quot;Symbol&quot;,&quot;469769242&quot;:[8226],&quot;469777803&quot;:&quot;left&quot;,&quot;469777804&quot;:&quot;\uf0b7&quot;,&quot;469777815&quot;:&quot;hybridMultilevel&quot;}\" data-aria-posinset=\"1\" data-aria-level=\"1\"><span data-contrast=\"auto\"><strong>Calle de Alcal\u00e1<\/strong>,\u00a0between\u00a0Cibeles and Puerta de Alcal\u00e1.\u00a0<\/span><span data-contrast=\"auto\">A particularly significant project that will transform one of Madrid\u2019s principal historic thoroughfares and enhance Puerta de Alcal\u00e1, one of the main heritage landmarks of the Pasaje de la Luz (Landscape of Light), through the creation of a new central promenade, increasing pedestrian space and restoring the historic double row of trees. <\/span><span data-ccp-props=\"{&quot;335559739&quot;:0}\">\u00a0<\/span><\/li>\n<\/ul>\n<p><span data-contrast=\"auto\">The works, approved by <strong>UNESCO<\/strong>, are progressing\u00a0on\u00a0schedule and will allow\u00a0local residents\u00a0and visitors\u00a0to once again walk beneath the arches of Puerta de Alcal\u00e1 before the end of the year.<\/span><span data-ccp-props=\"{&quot;335559738&quot;:240,&quot;335559739&quot;:240}\">\u00a0<\/span><\/p>\n<ul>\n<li aria-setsize=\"-1\" data-leveltext=\"\uf0b7\" data-font=\"Symbol\" data-listid=\"1\" data-list-defn-props=\"{&quot;335552541&quot;:1,&quot;335559685&quot;:720,&quot;335559991&quot;:360,&quot;469769226&quot;:&quot;Symbol&quot;,&quot;469769242&quot;:[8226],&quot;469777803&quot;:&quot;left&quot;,&quot;469777804&quot;:&quot;\uf0b7&quot;,&quot;469777815&quot;:&quot;hybridMultilevel&quot;}\" data-aria-posinset=\"1\" data-aria-level=\"1\"><span data-contrast=\"auto\"><strong>Plaza de Jacinto Benavente and its surroundings<\/strong>. This redevelopment covers more than 10,000 m\u00b2 and will create a more accessible,\u00a0orderly\u00a0and pedestrian-friendly space, with new green areas and the rehabilitation of the underground car park structure.\u00a0<\/span><span data-ccp-props=\"{&quot;335559739&quot;:0}\">\u00a0<\/span><\/li>\n<\/ul>\n<p><span data-contrast=\"auto\">Through both\u00a0projects\u00a0<a href=\"https:\/\/www.azvi.es\/\">Azvi\u00a0<\/a>is contributing to the renewal and recovery of Madrid\u2019s public spaces, improving accessibility, mobility and urban integration in some of the city\u2019s most representative locations.<\/span><span data-ccp-props=\"{&quot;335559738&quot;:240,&quot;335559739&quot;:240}\">\u00a0<\/span><\/p>\n<p><span data-contrast=\"auto\">During the visit to Calle de Alcal\u00e1, the Delegate was accompanied by the Councillor for the Salamanca district, Cayetana Hern\u00e1ndez de la Riva, while Jos\u00e9 Luis Infanz\u00f3n, Director General for Public Space, Works and Infrastructure, and Mar\u00eda Rosa Benito, Coordinator of the Centro district, also attended the visit to Jacinto Benavente.<\/span><span data-ccp-props=\"{&quot;335559738&quot;:240,&quot;335559739&quot;:240}\">\u00a0<\/span><\/p>\n<p><span style=\"font-size: 14px;\">Images: Madrid City Council and Azvi.<\/span>[\/vc_column_text]<div class=\"lqd-img-gal\">\n\n\t<div class=\"lqd-img-gal-imgs\">\n\n\t\t<div class=\"carousel-container carousel-nav-floated carousel-nav-center carousel-nav-middle carousel-nav-lg carousel-nav-solid carousel-nav-circle carousel-nav-appear-onhover carousel-dots-mobile-inside\">\n\t\t\t<div class=\"carousel-items\" data-lqd-flickity='{ \"prevNextButtons\": true, \"navArrow\": \"6\", \"parallax\": true, \"adaptiveHeight\": true }' id=\"lqd-image-gallery-6a980c01e895amain-carousel\">\n\n\t\t\t\t\t\t\t\t<div class=\"carousel-item col-xs-12 px-0\">\n\t\t\t\t\t<div class=\"carousel-item-inner\">\n\t\t\t\t\t\t<figure>\n\t\t\t\t\t\t\t<img loading=\"lazy\" decoding=\"async\" width=\"2006\" height=\"1887\" src=\"https:\/\/grupoazvinews.com\/wp-content\/uploads\/2026\/09\/1-9.jpg\" class=\"attachment-full size-full\" alt=\"\" srcset=\"https:\/\/grupoazvinews.com\/wp-content\/uploads\/2026\/09\/1-9.jpg 2006w, https:\/\/grupoazvinews.com\/wp-content\/uploads\/2026\/09\/1-9-300x282.jpg 300w, https:\/\/grupoazvinews.com\/wp-content\/uploads\/2026\/09\/1-9-1024x963.jpg 1024w\" sizes=\"auto, (max-width: 2006px) 100vw, 2006px\" \/>\t\t\t\t\t\t<\/figure>\n\t\t\t\t\t<\/div>\n\t\t\t\t<\/div>\n\t\t\t\t\t\t\t\t<div class=\"carousel-item col-xs-12 px-0\">\n\t\t\t\t\t<div class=\"carousel-item-inner\">\n\t\t\t\t\t\t<figure>\n\t\t\t\t\t\t\t<img loading=\"lazy\" decoding=\"async\" width=\"1461\" height=\"2104\" src=\"https:\/\/grupoazvinews.com\/wp-content\/uploads\/2026\/09\/3-8.jpg\" class=\"attachment-full size-full\" alt=\"\" srcset=\"https:\/\/grupoazvinews.com\/wp-content\/uploads\/2026\/09\/3-8.jpg 1461w, https:\/\/grupoazvinews.com\/wp-content\/uploads\/2026\/09\/3-8-208x300.jpg 208w, https:\/\/grupoazvinews.com\/wp-content\/uploads\/2026\/09\/3-8-711x1024.jpg 711w\" sizes=\"auto, (max-width: 1461px) 100vw, 1461px\" \/>\t\t\t\t\t\t<\/figure>\n\t\t\t\t\t<\/div>\n\t\t\t\t<\/div>\n\t\t\t\t\t\t\t\t<div class=\"carousel-item col-xs-12 px-0\">\n\t\t\t\t\t<div class=\"carousel-item-inner\">\n\t\t\t\t\t\t<figure>\n\t\t\t\t\t\t\t<img loading=\"lazy\" decoding=\"async\" width=\"3200\" height=\"2133\" src=\"https:\/\/grupoazvinews.com\/wp-content\/uploads\/2026\/09\/2-5.jpg\" class=\"attachment-full size-full\" alt=\"\" srcset=\"https:\/\/grupoazvinews.com\/wp-content\/uploads\/2026\/09\/2-5.jpg 3200w, https:\/\/grupoazvinews.com\/wp-content\/uploads\/2026\/09\/2-5-300x200.jpg 300w, https:\/\/grupoazvinews.com\/wp-content\/uploads\/2026\/09\/2-5-1024x683.jpg 1024w\" sizes=\"auto, (max-width: 3200px) 100vw, 3200px\" \/>\t\t\t\t\t\t<\/figure>\n\t\t\t\t\t<\/div>\n\t\t\t\t<\/div>\n\t\t\t\t\t\t\t\t<div class=\"carousel-item col-xs-12 px-0\">\n\t\t\t\t\t<div class=\"carousel-item-inner\">\n\t\t\t\t\t\t<figure>\n\t\t\t\t\t\t\t<img loading=\"lazy\" decoding=\"async\" width=\"2613\" height=\"1516\" src=\"https:\/\/grupoazvinews.com\/wp-content\/uploads\/2026\/09\/4-2.jpg\" class=\"attachment-full size-full\" alt=\"\" srcset=\"https:\/\/grupoazvinews.com\/wp-content\/uploads\/2026\/09\/4-2.jpg 2613w, https:\/\/grupoazvinews.com\/wp-content\/uploads\/2026\/09\/4-2-300x174.jpg 300w, https:\/\/grupoazvinews.com\/wp-content\/uploads\/2026\/09\/4-2-1024x594.jpg 1024w\" sizes=\"auto, (max-width: 2613px) 100vw, 2613px\" \/>\t\t\t\t\t\t<\/figure>\n\t\t\t\t\t<\/div>\n\t\t\t\t<\/div>\n\t\t\t\t\n\t\t\t<\/div><!-- \/.carousel-items -->\n\t\t<\/div><!-- \/.carousel-container -->\n\n\t<\/div><!-- \/.lqd-img-gal-imgs -->\n\n\t<div class=\"lqd-img-gal-thumbs\">\n\n\t\t<div class=\"carousel-container\">\n\t\t\t<div class=\"carousel-items\" data-lqd-flickity='{ \"contain\": false, \"pageDots\": false, \"asNavFor\": \"#lqd-image-gallery-6a980c01e895amain-carousel\" }'>\n\n\t\t\t\t\t\t\t\t<div class=\"carousel-item col-xs-4 col-sm-3 col-md-2\">\n\t\t\t\t\t<div class=\"carousel-item-inner\">\n\t\t\t\t\t\t<figure>\n\t\t\t\t\t\t\t<img loading=\"lazy\" decoding=\"async\" width=\"74\" height=\"70\" src=\"https:\/\/grupoazvinews.com\/wp-content\/uploads\/2026\/09\/1-9.jpg\" class=\"attachment-160x70 size-160x70\" alt=\"\" srcset=\"https:\/\/grupoazvinews.com\/wp-content\/uploads\/2026\/09\/1-9.jpg 2006w, https:\/\/grupoazvinews.com\/wp-content\/uploads\/2026\/09\/1-9-300x282.jpg 300w, https:\/\/grupoazvinews.com\/wp-content\/uploads\/2026\/09\/1-9-1024x963.jpg 1024w\" sizes=\"auto, (max-width: 74px) 100vw, 74px\" \/>\t\t\t\t\t\t<\/figure>\n\t\t\t\t\t<\/div>\n\t\t\t\t<\/div>\n\t\t\t\t\t\t\t\t<div class=\"carousel-item col-xs-4 col-sm-3 col-md-2\">\n\t\t\t\t\t<div class=\"carousel-item-inner\">\n\t\t\t\t\t\t<figure>\n\t\t\t\t\t\t\t<img loading=\"lazy\" decoding=\"async\" width=\"49\" height=\"70\" src=\"https:\/\/grupoazvinews.com\/wp-content\/uploads\/2026\/09\/3-8.jpg\" class=\"attachment-160x70 size-160x70\" alt=\"\" srcset=\"https:\/\/grupoazvinews.com\/wp-content\/uploads\/2026\/09\/3-8.jpg 1461w, https:\/\/grupoazvinews.com\/wp-content\/uploads\/2026\/09\/3-8-208x300.jpg 208w, https:\/\/grupoazvinews.com\/wp-content\/uploads\/2026\/09\/3-8-711x1024.jpg 711w\" sizes=\"auto, (max-width: 49px) 100vw, 49px\" \/>\t\t\t\t\t\t<\/figure>\n\t\t\t\t\t<\/div>\n\t\t\t\t<\/div>\n\t\t\t\t\t\t\t\t<div class=\"carousel-item col-xs-4 col-sm-3 col-md-2\">\n\t\t\t\t\t<div class=\"carousel-item-inner\">\n\t\t\t\t\t\t<figure>\n\t\t\t\t\t\t\t<img loading=\"lazy\" decoding=\"async\" width=\"105\" height=\"70\" src=\"https:\/\/grupoazvinews.com\/wp-content\/uploads\/2026\/09\/2-5.jpg\" class=\"attachment-160x70 size-160x70\" alt=\"\" srcset=\"https:\/\/grupoazvinews.com\/wp-content\/uploads\/2026\/09\/2-5.jpg 3200w, https:\/\/grupoazvinews.com\/wp-content\/uploads\/2026\/09\/2-5-300x200.jpg 300w, https:\/\/grupoazvinews.com\/wp-content\/uploads\/2026\/09\/2-5-1024x683.jpg 1024w\" sizes=\"auto, (max-width: 105px) 100vw, 105px\" \/>\t\t\t\t\t\t<\/figure>\n\t\t\t\t\t<\/div>\n\t\t\t\t<\/div>\n\t\t\t\t\t\t\t\t<div class=\"carousel-item col-xs-4 col-sm-3 col-md-2\">\n\t\t\t\t\t<div class=\"carousel-item-inner\">\n\t\t\t\t\t\t<figure>\n\t\t\t\t\t\t\t<img loading=\"lazy\" decoding=\"async\" width=\"121\" height=\"70\" src=\"https:\/\/grupoazvinews.com\/wp-content\/uploads\/2026\/09\/4-2.jpg\" class=\"attachment-160x70 size-160x70\" alt=\"\" srcset=\"https:\/\/grupoazvinews.com\/wp-content\/uploads\/2026\/09\/4-2.jpg 2613w, https:\/\/grupoazvinews.com\/wp-content\/uploads\/2026\/09\/4-2-300x174.jpg 300w, https:\/\/grupoazvinews.com\/wp-content\/uploads\/2026\/09\/4-2-1024x594.jpg 1024w\" sizes=\"auto, (max-width: 121px) 100vw, 121px\" \/>\t\t\t\t\t\t<\/figure>\n\t\t\t\t\t<\/div>\n\t\t\t\t<\/div>\n\t\t\t\t\n\t\t\t<\/div><!-- \/.carousel-items -->\n\t\t<\/div><!-- \/.carousel-container -->\n\n\t<\/div><!-- \/.lqd-img-gal-thumbs -->\n\n<\/div><!-- \/.lqd-img-gal -->[\/vc_column][\/vc_row]<\/p>\n","protected":false},"excerpt":{"rendered":"<p>[vc_row][vc_column][vc_column_text]The Delegate for Public Works and Facilities at Madrid City Council, Paloma Garc\u00eda Romero, has visited two of Azvi\u2019s current worksites to see firsthand the progress of the projects being carried out together with Licuas through the Madrid Centro Joint Venture in some of the capital\u2019s most emblematic spaces.\u00a0 \u00a0 Calle de Alcal\u00e1,\u00a0between\u00a0Cibeles and Puerta [&hellip;]<\/p>\n","protected":false},"author":2,"featured_media":21263,"comment_status":"closed","ping_status":"closed","sticky":false,"template":"","format":"standard","meta":{"footnotes":""},"categories":[1130],"tags":[1128,1131],"class_list":["post-21274","post","type-post","status-publish","format-standard","has-post-thumbnail","hentry","category-infrastructure","tag-azvi-en","tag-urban-works"],"yoast_head":"<!-- This site is optimized with the Yoast SEO plugin v27.0 - https:\/\/yoast.com\/product\/yoast-seo-wordpress\/ -->\n<title>Two projects continuing the transformation of Madrid city centre - NOTICIAS Grupo Azvi<\/title>\n<meta name=\"description\" content=\"The Delegate for Public Works and Facilities at Madrid City Council, Paloma Garc\u00eda Romero, has visited two of Azvi\u2019s current worksites to see firsthand the progress of the projects being carried out.\" \/>\n<meta name=\"robots\" content=\"index, follow, max-snippet:-1, max-image-preview:large, max-video-preview:-1\" \/>\n<link rel=\"canonical\" href=\"https:\/\/grupoazvinews.com\/en\/two-projects-continuing-the-transformation-of-madrid-city-centre\/\" \/>\n<meta property=\"og:locale\" content=\"en_US\" \/>\n<meta property=\"og:type\" content=\"article\" \/>\n<meta property=\"og:title\" content=\"Two projects continuing the transformation of Madrid city centre - NOTICIAS Grupo Azvi\" \/>\n<meta property=\"og:description\" content=\"The Delegate for Public Works and Facilities at Madrid City Council, Paloma Garc\u00eda Romero, has visited two of Azvi\u2019s current worksites to see firsthand the progress of the projects being carried out.\" \/>\n<meta property=\"og:url\" content=\"https:\/\/grupoazvinews.com\/en\/two-projects-continuing-the-transformation-of-madrid-city-centre\/\" \/>\n<meta property=\"og:site_name\" content=\"NOTICIAS Grupo Azvi\" \/>\n<meta property=\"article:published_time\" content=\"2026-09-01T08:19:00+00:00\" \/>\n<meta property=\"article:modified_time\" content=\"2026-09-02T07:10:17+00:00\" \/>\n<meta property=\"og:image\" content=\"https:\/\/grupoazvinews.com\/wp-content\/uploads\/2026\/09\/1-9.jpg\" \/>\n\t<meta property=\"og:image:width\" content=\"2006\" \/>\n\t<meta property=\"og:image:height\" content=\"1887\" \/>\n\t<meta property=\"og:image:type\" content=\"image\/jpeg\" \/>\n<meta name=\"author\" content=\"elena crespo\" \/>\n<meta name=\"twitter:card\" content=\"summary_large_image\" \/>\n<meta name=\"twitter:label1\" content=\"Written by\" \/>\n\t<meta name=\"twitter:data1\" content=\"elena crespo\" \/>\n\t<meta name=\"twitter:label2\" content=\"Est. reading time\" \/>\n\t<meta name=\"twitter:data2\" content=\"2 minutes\" \/>\n<script type=\"application\/ld+json\" class=\"yoast-schema-graph\">{\"@context\":\"https:\/\/schema.org\",\"@graph\":[{\"@type\":\"Article\",\"@id\":\"https:\/\/grupoazvinews.com\/en\/two-projects-continuing-the-transformation-of-madrid-city-centre\/#article\",\"isPartOf\":{\"@id\":\"https:\/\/grupoazvinews.com\/en\/two-projects-continuing-the-transformation-of-madrid-city-centre\/\"},\"author\":{\"name\":\"elena crespo\",\"@id\":\"https:\/\/grupoazvinews.com\/en\/#\/schema\/person\/3b45f37e62250372c4b65ea8ee1d6b32\"},\"headline\":\"Two projects continuing the transformation of Madrid city centre\",\"datePublished\":\"2026-09-01T08:19:00+00:00\",\"dateModified\":\"2026-09-02T07:10:17+00:00\",\"mainEntityOfPage\":{\"@id\":\"https:\/\/grupoazvinews.com\/en\/two-projects-continuing-the-transformation-of-madrid-city-centre\/\"},\"wordCount\":300,\"publisher\":{\"@id\":\"https:\/\/grupoazvinews.com\/en\/#organization\"},\"image\":{\"@id\":\"https:\/\/grupoazvinews.com\/en\/two-projects-continuing-the-transformation-of-madrid-city-centre\/#primaryimage\"},\"thumbnailUrl\":\"https:\/\/grupoazvinews.com\/wp-content\/uploads\/2026\/09\/1-9.jpg\",\"keywords\":[\"Azvi\",\"Urban works\"],\"articleSection\":[\"Infrastructure\"],\"inLanguage\":\"en-US\"},{\"@type\":\"WebPage\",\"@id\":\"https:\/\/grupoazvinews.com\/en\/two-projects-continuing-the-transformation-of-madrid-city-centre\/\",\"url\":\"https:\/\/grupoazvinews.com\/en\/two-projects-continuing-the-transformation-of-madrid-city-centre\/\",\"name\":\"Two projects continuing the transformation of Madrid city centre - NOTICIAS Grupo Azvi\",\"isPartOf\":{\"@id\":\"https:\/\/grupoazvinews.com\/en\/#website\"},\"primaryImageOfPage\":{\"@id\":\"https:\/\/grupoazvinews.com\/en\/two-projects-continuing-the-transformation-of-madrid-city-centre\/#primaryimage\"},\"image\":{\"@id\":\"https:\/\/grupoazvinews.com\/en\/two-projects-continuing-the-transformation-of-madrid-city-centre\/#primaryimage\"},\"thumbnailUrl\":\"https:\/\/grupoazvinews.com\/wp-content\/uploads\/2026\/09\/1-9.jpg\",\"datePublished\":\"2026-09-01T08:19:00+00:00\",\"dateModified\":\"2026-09-02T07:10:17+00:00\",\"description\":\"The Delegate for Public Works and Facilities at Madrid City Council, Paloma Garc\u00eda Romero, has visited two of Azvi\u2019s current worksites to see firsthand the progress of the projects being carried out.\",\"breadcrumb\":{\"@id\":\"https:\/\/grupoazvinews.com\/en\/two-projects-continuing-the-transformation-of-madrid-city-centre\/#breadcrumb\"},\"inLanguage\":\"en-US\",\"potentialAction\":[{\"@type\":\"ReadAction\",\"target\":[\"https:\/\/grupoazvinews.com\/en\/two-projects-continuing-the-transformation-of-madrid-city-centre\/\"]}]},{\"@type\":\"ImageObject\",\"inLanguage\":\"en-US\",\"@id\":\"https:\/\/grupoazvinews.com\/en\/two-projects-continuing-the-transformation-of-madrid-city-centre\/#primaryimage\",\"url\":\"https:\/\/grupoazvinews.com\/wp-content\/uploads\/2026\/09\/1-9.jpg\",\"contentUrl\":\"https:\/\/grupoazvinews.com\/wp-content\/uploads\/2026\/09\/1-9.jpg\",\"width\":2006,\"height\":1887},{\"@type\":\"BreadcrumbList\",\"@id\":\"https:\/\/grupoazvinews.com\/en\/two-projects-continuing-the-transformation-of-madrid-city-centre\/#breadcrumb\",\"itemListElement\":[{\"@type\":\"ListItem\",\"position\":1,\"name\":\"Portada\",\"item\":\"https:\/\/grupoazvinews.com\/en\/\"},{\"@type\":\"ListItem\",\"position\":2,\"name\":\"Two projects continuing the transformation of Madrid city centre\"}]},{\"@type\":\"WebSite\",\"@id\":\"https:\/\/grupoazvinews.com\/en\/#website\",\"url\":\"https:\/\/grupoazvinews.com\/en\/\",\"name\":\"Grupo Azvi News\",\"description\":\"Grupo Azvi es una empresa centenaria cuyos or\u00edgenes e historia han estado estrechamente vinculados al desarrollo de las infraestructuras de nuestro pa\u00eds. Hoy, se ha convertido en la empresa l\u00edder de un grupo internacional, innovador, diversificado y sostenible.\",\"publisher\":{\"@id\":\"https:\/\/grupoazvinews.com\/en\/#organization\"},\"alternateName\":\"Blog de noticias del Grupo Azvi\",\"potentialAction\":[{\"@type\":\"SearchAction\",\"target\":{\"@type\":\"EntryPoint\",\"urlTemplate\":\"https:\/\/grupoazvinews.com\/en\/?s={search_term_string}\"},\"query-input\":{\"@type\":\"PropertyValueSpecification\",\"valueRequired\":true,\"valueName\":\"search_term_string\"}}],\"inLanguage\":\"en-US\"},{\"@type\":\"Organization\",\"@id\":\"https:\/\/grupoazvinews.com\/en\/#organization\",\"name\":\"Grupo Azvi\",\"alternateName\":\"Grupo Azvi\",\"url\":\"https:\/\/grupoazvinews.com\/en\/\",\"logo\":{\"@type\":\"ImageObject\",\"inLanguage\":\"en-US\",\"@id\":\"https:\/\/grupoazvinews.com\/en\/#\/schema\/logo\/image\/\",\"url\":\"https:\/\/grupoazvinews.com\/wp-content\/uploads\/2024\/04\/GrupoAzvi-2018-transp-1.png\",\"contentUrl\":\"https:\/\/grupoazvinews.com\/wp-content\/uploads\/2024\/04\/GrupoAzvi-2018-transp-1.png\",\"width\":1722,\"height\":486,\"caption\":\"Grupo Azvi\"},\"image\":{\"@id\":\"https:\/\/grupoazvinews.com\/en\/#\/schema\/logo\/image\/\"}},{\"@type\":\"Person\",\"@id\":\"https:\/\/grupoazvinews.com\/en\/#\/schema\/person\/3b45f37e62250372c4b65ea8ee1d6b32\",\"name\":\"elena crespo\",\"image\":{\"@type\":\"ImageObject\",\"inLanguage\":\"en-US\",\"@id\":\"https:\/\/grupoazvinews.com\/en\/#\/schema\/person\/image\/\",\"url\":\"https:\/\/secure.gravatar.com\/avatar\/d8e04743de0db7ebf6755a44e3a3a4c0a263ad48b70ba3b7a584a0fb98d51a2d?s=96&d=mm&r=g\",\"contentUrl\":\"https:\/\/secure.gravatar.com\/avatar\/d8e04743de0db7ebf6755a44e3a3a4c0a263ad48b70ba3b7a584a0fb98d51a2d?s=96&d=mm&r=g\",\"caption\":\"elena crespo\"},\"url\":\"https:\/\/grupoazvinews.com\/en\/author\/elena\/\"}]}<\/script>\n<!-- \/ Yoast SEO plugin. -->","yoast_head_json":{"title":"Two projects continuing the transformation of Madrid city centre - NOTICIAS Grupo Azvi","description":"The Delegate for Public Works and Facilities at Madrid City Council, Paloma Garc\u00eda Romero, has visited two of Azvi\u2019s current worksites to see firsthand the progress of the projects being carried out.","robots":{"index":"index","follow":"follow","max-snippet":"max-snippet:-1","max-image-preview":"max-image-preview:large","max-video-preview":"max-video-preview:-1"},"canonical":"https:\/\/grupoazvinews.com\/en\/two-projects-continuing-the-transformation-of-madrid-city-centre\/","og_locale":"en_US","og_type":"article","og_title":"Two projects continuing the transformation of Madrid city centre - NOTICIAS Grupo Azvi","og_description":"The Delegate for Public Works and Facilities at Madrid City Council, Paloma Garc\u00eda Romero, has visited two of Azvi\u2019s current worksites to see firsthand the progress of the projects being carried out.","og_url":"https:\/\/grupoazvinews.com\/en\/two-projects-continuing-the-transformation-of-madrid-city-centre\/","og_site_name":"NOTICIAS Grupo Azvi","article_published_time":"2026-09-01T08:19:00+00:00","article_modified_time":"2026-09-02T07:10:17+00:00","og_image":[{"width":2006,"height":1887,"url":"https:\/\/grupoazvinews.com\/wp-content\/uploads\/2026\/09\/1-9.jpg","type":"image\/jpeg"}],"author":"elena crespo","twitter_card":"summary_large_image","twitter_misc":{"Written by":"elena crespo","Est. reading time":"2 minutes"},"schema":{"@context":"https:\/\/schema.org","@graph":[{"@type":"Article","@id":"https:\/\/grupoazvinews.com\/en\/two-projects-continuing-the-transformation-of-madrid-city-centre\/#article","isPartOf":{"@id":"https:\/\/grupoazvinews.com\/en\/two-projects-continuing-the-transformation-of-madrid-city-centre\/"},"author":{"name":"elena crespo","@id":"https:\/\/grupoazvinews.com\/en\/#\/schema\/person\/3b45f37e62250372c4b65ea8ee1d6b32"},"headline":"Two projects continuing the transformation of Madrid city centre","datePublished":"2026-09-01T08:19:00+00:00","dateModified":"2026-09-02T07:10:17+00:00","mainEntityOfPage":{"@id":"https:\/\/grupoazvinews.com\/en\/two-projects-continuing-the-transformation-of-madrid-city-centre\/"},"wordCount":300,"publisher":{"@id":"https:\/\/grupoazvinews.com\/en\/#organization"},"image":{"@id":"https:\/\/grupoazvinews.com\/en\/two-projects-continuing-the-transformation-of-madrid-city-centre\/#primaryimage"},"thumbnailUrl":"https:\/\/grupoazvinews.com\/wp-content\/uploads\/2026\/09\/1-9.jpg","keywords":["Azvi","Urban works"],"articleSection":["Infrastructure"],"inLanguage":"en-US"},{"@type":"WebPage","@id":"https:\/\/grupoazvinews.com\/en\/two-projects-continuing-the-transformation-of-madrid-city-centre\/","url":"https:\/\/grupoazvinews.com\/en\/two-projects-continuing-the-transformation-of-madrid-city-centre\/","name":"Two projects continuing the transformation of Madrid city centre - NOTICIAS Grupo Azvi","isPartOf":{"@id":"https:\/\/grupoazvinews.com\/en\/#website"},"primaryImageOfPage":{"@id":"https:\/\/grupoazvinews.com\/en\/two-projects-continuing-the-transformation-of-madrid-city-centre\/#primaryimage"},"image":{"@id":"https:\/\/grupoazvinews.com\/en\/two-projects-continuing-the-transformation-of-madrid-city-centre\/#primaryimage"},"thumbnailUrl":"https:\/\/grupoazvinews.com\/wp-content\/uploads\/2026\/09\/1-9.jpg","datePublished":"2026-09-01T08:19:00+00:00","dateModified":"2026-09-02T07:10:17+00:00","description":"The Delegate for Public Works and Facilities at Madrid City Council, Paloma Garc\u00eda Romero, has visited two of Azvi\u2019s current worksites to see firsthand the progress of the projects being carried out.","breadcrumb":{"@id":"https:\/\/grupoazvinews.com\/en\/two-projects-continuing-the-transformation-of-madrid-city-centre\/#breadcrumb"},"inLanguage":"en-US","potentialAction":[{"@type":"ReadAction","target":["https:\/\/grupoazvinews.com\/en\/two-projects-continuing-the-transformation-of-madrid-city-centre\/"]}]},{"@type":"ImageObject","inLanguage":"en-US","@id":"https:\/\/grupoazvinews.com\/en\/two-projects-continuing-the-transformation-of-madrid-city-centre\/#primaryimage","url":"https:\/\/grupoazvinews.com\/wp-content\/uploads\/2026\/09\/1-9.jpg","contentUrl":"https:\/\/grupoazvinews.com\/wp-content\/uploads\/2026\/09\/1-9.jpg","width":2006,"height":1887},{"@type":"BreadcrumbList","@id":"https:\/\/grupoazvinews.com\/en\/two-projects-continuing-the-transformation-of-madrid-city-centre\/#breadcrumb","itemListElement":[{"@type":"ListItem","position":1,"name":"Portada","item":"https:\/\/grupoazvinews.com\/en\/"},{"@type":"ListItem","position":2,"name":"Two projects continuing the transformation of Madrid city centre"}]},{"@type":"WebSite","@id":"https:\/\/grupoazvinews.com\/en\/#website","url":"https:\/\/grupoazvinews.com\/en\/","name":"Grupo Azvi News","description":"Grupo Azvi es una empresa centenaria cuyos or\u00edgenes e historia han estado estrechamente vinculados al desarrollo de las infraestructuras de nuestro pa\u00eds. Hoy, se ha convertido en la empresa l\u00edder de un grupo internacional, innovador, diversificado y sostenible.","publisher":{"@id":"https:\/\/grupoazvinews.com\/en\/#organization"},"alternateName":"Blog de noticias del Grupo Azvi","potentialAction":[{"@type":"SearchAction","target":{"@type":"EntryPoint","urlTemplate":"https:\/\/grupoazvinews.com\/en\/?s={search_term_string}"},"query-input":{"@type":"PropertyValueSpecification","valueRequired":true,"valueName":"search_term_string"}}],"inLanguage":"en-US"},{"@type":"Organization","@id":"https:\/\/grupoazvinews.com\/en\/#organization","name":"Grupo Azvi","alternateName":"Grupo Azvi","url":"https:\/\/grupoazvinews.com\/en\/","logo":{"@type":"ImageObject","inLanguage":"en-US","@id":"https:\/\/grupoazvinews.com\/en\/#\/schema\/logo\/image\/","url":"https:\/\/grupoazvinews.com\/wp-content\/uploads\/2024\/04\/GrupoAzvi-2018-transp-1.png","contentUrl":"https:\/\/grupoazvinews.com\/wp-content\/uploads\/2024\/04\/GrupoAzvi-2018-transp-1.png","width":1722,"height":486,"caption":"Grupo Azvi"},"image":{"@id":"https:\/\/grupoazvinews.com\/en\/#\/schema\/logo\/image\/"}},{"@type":"Person","@id":"https:\/\/grupoazvinews.com\/en\/#\/schema\/person\/3b45f37e62250372c4b65ea8ee1d6b32","name":"elena crespo","image":{"@type":"ImageObject","inLanguage":"en-US","@id":"https:\/\/grupoazvinews.com\/en\/#\/schema\/person\/image\/","url":"https:\/\/secure.gravatar.com\/avatar\/d8e04743de0db7ebf6755a44e3a3a4c0a263ad48b70ba3b7a584a0fb98d51a2d?s=96&d=mm&r=g","contentUrl":"https:\/\/secure.gravatar.com\/avatar\/d8e04743de0db7ebf6755a44e3a3a4c0a263ad48b70ba3b7a584a0fb98d51a2d?s=96&d=mm&r=g","caption":"elena crespo"},"url":"https:\/\/grupoazvinews.com\/en\/author\/elena\/"}]}},"_links":{"self":[{"href":"https:\/\/grupoazvinews.com\/en\/wp-json\/wp\/v2\/posts\/21274","targetHints":{"allow":["GET"]}}],"collection":[{"href":"https:\/\/grupoazvinews.com\/en\/wp-json\/wp\/v2\/posts"}],"about":[{"href":"https:\/\/grupoazvinews.com\/en\/wp-json\/wp\/v2\/types\/post"}],"author":[{"embeddable":true,"href":"https:\/\/grupoazvinews.com\/en\/wp-json\/wp\/v2\/users\/2"}],"replies":[{"embeddable":true,"href":"https:\/\/grupoazvinews.com\/en\/wp-json\/wp\/v2\/comments?post=21274"}],"version-history":[{"count":3,"href":"https:\/\/grupoazvinews.com\/en\/wp-json\/wp\/v2\/posts\/21274\/revisions"}],"predecessor-version":[{"id":21277,"href":"https:\/\/grupoazvinews.com\/en\/wp-json\/wp\/v2\/posts\/21274\/revisions\/21277"}],"wp:featuredmedia":[{"embeddable":true,"href":"https:\/\/grupoazvinews.com\/en\/wp-json\/wp\/v2\/media\/21263"}],"wp:attachment":[{"href":"https:\/\/grupoazvinews.com\/en\/wp-json\/wp\/v2\/media?parent=21274"}],"wp:term":[{"taxonomy":"category","embeddable":true,"href":"https:\/\/grupoazvinews.com\/en\/wp-json\/wp\/v2\/categories?post=21274"},{"taxonomy":"post_tag","embeddable":true,"href":"https:\/\/grupoazvinews.com\/en\/wp-json\/wp\/v2\/tags?post=21274"}],"curies":[{"name":"wp","href":"https:\/\/api.w.org\/{rel}","templated":true}]}}